{"id":168177,"date":"2023-10-08T17:45:45","date_gmt":"2023-10-08T20:45:45","guid":{"rendered":"https:\/\/www.hoymercedes.com.ar\/principal\/?p=168177"},"modified":"2023-10-08T17:53:00","modified_gmt":"2023-10-08T20:53:00","slug":"mirtha-bazan-vuelve-a-ganar-el-premio-por-la-mejor-pastafrola","status":"publish","type":"post","link":"https:\/\/www.hoymercedes.com.ar\/principal\/2023\/10\/08\/mirtha-bazan-vuelve-a-ganar-el-premio-por-la-mejor-pastafrola\/","title":{"rendered":"Mirtha Baz\u00e1n vuelve a ganar el premio por la mejor pastafrola"},"content":{"rendered":"\n<p>En el marco de la d\u00e9cima edici\u00f3n de la Fiesta de la Pastafrola que se realiza en Olivera, Mirtha Bazan de Mercedes renov\u00f3 su t\u00edtulo a la mejor pastafrola ganando nuevamente el primer premio del certamen. <\/p>\n\n\n<div class=\"wp-block-image\">\n<figure class=\"aligncenter size-full\"><img loading=\"lazy\" decoding=\"async\" width=\"800\" height=\"360\" data-attachment-id=\"168178\" data-permalink=\"https:\/\/www.hoymercedes.com.ar\/principal\/2023\/10\/08\/mirtha-bazan-vuelve-a-ganar-el-premio-por-la-mejor-pastafrola\/img-20231008-wa0004_copy_800x360\/#main\" data-orig-file=\"https:\/\/www.hoymercedes.com.ar\/principal\/wp-content\/uploads\/2023\/10\/IMG-20231008-WA0004_copy_800x360.jpg\" data-orig-size=\"800,360\" data-comments-opened=\"0\" data-image-meta=\"{&quot;aperture&quot;:&quot;0&quot;,&quot;credit&quot;:&quot;&quot;,&quot;camera&quot;:&quot;&quot;,&quot;caption&quot;:&quot;&quot;,&quot;created_timestamp&quot;:&quot;0&quot;,&quot;copyright&quot;:&quot;&quot;,&quot;focal_length&quot;:&quot;0&quot;,&quot;iso&quot;:&quot;0&quot;,&quot;shutter_speed&quot;:&quot;0&quot;,&quot;title&quot;:&quot;&quot;,&quot;orientation&quot;:&quot;0&quot;}\" data-image-title=\"IMG-20231008-WA0004_copy_800x360\" data-image-description=\"\" data-image-caption=\"\" data-large-file=\"https:\/\/www.hoymercedes.com.ar\/principal\/wp-content\/uploads\/2023\/10\/IMG-20231008-WA0004_copy_800x360.jpg\" src=\"https:\/\/www.hoymercedes.com.ar\/principal\/wp-content\/uploads\/2023\/10\/IMG-20231008-WA0004_copy_800x360.jpg\" alt=\"\" class=\"wp-image-168178\" srcset=\"https:\/\/www.hoymercedes.com.ar\/principal\/wp-content\/uploads\/2023\/10\/IMG-20231008-WA0004_copy_800x360.jpg 800w, https:\/\/www.hoymercedes.com.ar\/principal\/wp-content\/uploads\/2023\/10\/IMG-20231008-WA0004_copy_800x360-630x284.jpg 630w, https:\/\/www.hoymercedes.com.ar\/principal\/wp-content\/uploads\/2023\/10\/IMG-20231008-WA0004_copy_800x360-150x68.jpg 150w\" sizes=\"auto, (max-width: 800px) 100vw, 800px\" \/><\/figure>\n<\/div>\n\n\n<p>Es la cuarta vez que gana el primer premio y suma un premio m\u00e1s al mejor puesto, en di\u00e1logo con Hoy Mercedes, Mirtha agradeci\u00f3 y algo disf\u00f3nica, dijo estar muy contenta porque pensaba que este a\u00f1o no ganar\u00eda. \u00abEramos un mont\u00f3n compitiendo este a\u00f1o. Gan\u00e9 otra vez y estoy re feliz\u00bb, destac\u00f3 mientras respond\u00eda mensajes, se sacaba fotos y vend\u00eda las \u00faltimas pastafrolas del puesto. <\/p>\n\n\n\n<p>Mirtha vive en Mercedes, casada con un mercedino, tiene un puesto en la feria de artesanos en Tom\u00e1s Jofr\u00e9 y se suma a la Feria Franca que se realiza en la Plaza San Luis una vez por mes. <\/p>\n\n\n\n<p>Por Clarisa Altieri<\/p>\n","protected":false},"excerpt":{"rendered":"<p>En el marco de la d\u00e9cima edici\u00f3n de la Fiesta de la Pastafrola que se realiza en Olivera, Mirtha Bazan &#8230; <a title=\"Mirtha Baz\u00e1n vuelve a ganar el premio por la mejor pastafrola\" class=\"read-more\" href=\"https:\/\/www.hoymercedes.com.ar\/principal\/2023\/10\/08\/mirtha-bazan-vuelve-a-ganar-el-premio-por-la-mejor-pastafrola\/\" aria-label=\"Leer m\u00e1s sobre Mirtha Baz\u00e1n vuelve a ganar el premio por la mejor pastafrola\">Leer m\u00e1s<\/a><\/p>\n","protected":false},"author":1,"featured_media":168179,"comment_status":"closed","ping_status":"open","sticky":false,"template":"","format":"standard","meta":{"_monsterinsights_skip_tracking":false,"_monsterinsights_sitenote_active":false,"_monsterinsights_sitenote_note":"","_monsterinsights_sitenote_category":0,"jetpack_post_was_ever_published":false,"_jetpack_newsletter_access":"","_jetpack_dont_email_post_to_subs":false,"_jetpack_newsletter_tier_id":0,"_jetpack_memberships_contains_paywalled_content":false,"_jetpack_memberships_contains_paid_content":false,"footnotes":"","jetpack_publicize_message":"","jetpack_publicize_feature_enabled":true,"jetpack_social_post_already_shared":true,"jetpack_social_options":{"image_generator_settings":{"template":"highway","default_image_id":0,"font":"","enabled":false},"version":2},"_wpas_customize_per_network":false},"categories":[8],"tags":[],"class_list":["post-168177","post","type-post","status-publish","format-standard","has-post-thumbnail","hentry","category-sociedad","generate-columns","tablet-grid-50","mobile-grid-100","grid-parent","grid-50"],"jetpack_publicize_connections":[],"jetpack_featured_media_url":"https:\/\/www.hoymercedes.com.ar\/principal\/wp-content\/uploads\/2023\/10\/IMG-20231008-WA0004_copy_800x533.jpg","wps_subtitle":"","jetpack_sharing_enabled":true,"_links":{"self":[{"href":"https:\/\/www.hoymercedes.com.ar\/principal\/wp-json\/wp\/v2\/posts\/168177","targetHints":{"allow":["GET"]}}],"collection":[{"href":"https:\/\/www.hoymercedes.com.ar\/principal\/wp-json\/wp\/v2\/posts"}],"about":[{"href":"https:\/\/www.hoymercedes.com.ar\/principal\/wp-json\/wp\/v2\/types\/post"}],"author":[{"embeddable":true,"href":"https:\/\/www.hoymercedes.com.ar\/principal\/wp-json\/wp\/v2\/users\/1"}],"replies":[{"embeddable":true,"href":"https:\/\/www.hoymercedes.com.ar\/principal\/wp-json\/wp\/v2\/comments?post=168177"}],"version-history":[{"count":0,"href":"https:\/\/www.hoymercedes.com.ar\/principal\/wp-json\/wp\/v2\/posts\/168177\/revisions"}],"wp:featuredmedia":[{"embeddable":true,"href":"https:\/\/www.hoymercedes.com.ar\/principal\/wp-json\/wp\/v2\/media\/168179"}],"wp:attachment":[{"href":"https:\/\/www.hoymercedes.com.ar\/principal\/wp-json\/wp\/v2\/media?parent=168177"}],"wp:term":[{"taxonomy":"category","embeddable":true,"href":"https:\/\/www.hoymercedes.com.ar\/principal\/wp-json\/wp\/v2\/categories?post=168177"},{"taxonomy":"post_tag","embeddable":true,"href":"https:\/\/www.hoymercedes.com.ar\/principal\/wp-json\/wp\/v2\/tags?post=168177"}],"curies":[{"name":"wp","href":"https:\/\/api.w.org\/{rel}","templated":true}]}}