{"id":168233,"date":"2023-10-09T20:48:52","date_gmt":"2023-10-09T23:48:52","guid":{"rendered":"https:\/\/www.hoymercedes.com.ar\/principal\/?p=168233"},"modified":"2023-10-09T20:55:44","modified_gmt":"2023-10-09T23:55:44","slug":"muestra-de-acuarelas-en-homenaja-a-hector-cueto","status":"publish","type":"post","link":"https:\/\/www.hoymercedes.com.ar\/principal\/2023\/10\/09\/muestra-de-acuarelas-en-homenaja-a-hector-cueto\/","title":{"rendered":"Muestra de acuarelas en homenaja a H\u00e9ctor Cueto"},"content":{"rendered":"\n<p>\u00abMercedes, un lugar en com\u00fan\u00bb es el t\u00edtulo de la muestra que abrir\u00e1 sus puertas el viernes 13 de octubre, 19 horas, en el Estudio de Arte Cueto. Con acuarelas de Jorge Swinnen y, especialmente, de H\u00e9ctor Cueto que por estos d\u00edas habr\u00eda cumplido 100 a\u00f1os, la exposici\u00f3n se podr\u00e1 visitar a lo largo del fin de semana. <\/p>\n\n\n<div class=\"wp-block-image\">\n<figure class=\"aligncenter size-full\"><img loading=\"lazy\" decoding=\"async\" width=\"800\" height=\"603\" data-attachment-id=\"168235\" data-permalink=\"https:\/\/www.hoymercedes.com.ar\/principal\/2023\/10\/09\/muestra-de-acuarelas-en-homenaja-a-hector-cueto\/muestra-cueto-seinenn\/#main\" data-orig-file=\"https:\/\/www.hoymercedes.com.ar\/principal\/wp-content\/uploads\/2023\/10\/muestra-cueto-seinenn.jpg\" data-orig-size=\"800,603\" data-comments-opened=\"0\" data-image-meta=\"{&quot;aperture&quot;:&quot;0&quot;,&quot;credit&quot;:&quot;&quot;,&quot;camera&quot;:&quot;&quot;,&quot;caption&quot;:&quot;&quot;,&quot;created_timestamp&quot;:&quot;0&quot;,&quot;copyright&quot;:&quot;&quot;,&quot;focal_length&quot;:&quot;0&quot;,&quot;iso&quot;:&quot;0&quot;,&quot;shutter_speed&quot;:&quot;0&quot;,&quot;title&quot;:&quot;&quot;,&quot;orientation&quot;:&quot;0&quot;}\" data-image-title=\"muestra cueto seinenn\" data-image-description=\"\" data-image-caption=\"\" data-large-file=\"https:\/\/www.hoymercedes.com.ar\/principal\/wp-content\/uploads\/2023\/10\/muestra-cueto-seinenn.jpg\" src=\"https:\/\/www.hoymercedes.com.ar\/principal\/wp-content\/uploads\/2023\/10\/muestra-cueto-seinenn.jpg\" alt=\"\" class=\"wp-image-168235\" srcset=\"https:\/\/www.hoymercedes.com.ar\/principal\/wp-content\/uploads\/2023\/10\/muestra-cueto-seinenn.jpg 800w, https:\/\/www.hoymercedes.com.ar\/principal\/wp-content\/uploads\/2023\/10\/muestra-cueto-seinenn-630x475.jpg 630w, https:\/\/www.hoymercedes.com.ar\/principal\/wp-content\/uploads\/2023\/10\/muestra-cueto-seinenn-150x113.jpg 150w\" sizes=\"auto, (max-width: 800px) 100vw, 800px\" \/><figcaption class=\"wp-element-caption\">Las acuarelas de H\u00e9ctor Cueto a cien a\u00f1os de su nacimiento. <\/figcaption><\/figure>\n<\/div>\n\n\n<p>\u00abEsta exposici\u00f3n se realiza a los 100 a\u00f1os del nacimiento de H\u00e9ctor Cueto y con la participaci\u00f3n de Jorge Swinnen como artista invitado\u00bb, explica Marcela Cueto, hija del artista pl\u00e1stico homenajeado. \u00abAmbos artistas han desarrollado su obra vali\u00e9ndose de diferentes t\u00e9cnicas y abordando variadas tem\u00e1ticas, pero en esta muestra elegimos como denominador en com\u00fan la t\u00e9cnica de la acuarela sobre papel y la tem\u00e1tica del paisaje de nuestra ciudad\u00bb, agrega.<\/p>\n\n\n\n<p>Exposici\u00f3n de acuarelas de H\u00e9ctor Cueto y Jorge Swinnen los d\u00edas 13, 14 y 15 de octubre en Estudio de arte Cueto EAC (Calle 19 N\u00b0 427 &#8211; Mercedes, BsAs.) La exposici\u00f3n podr\u00e1 visitarse el viernes de 19 a 22 hs, s\u00e1bado y domingo de 18 a 21 hs.<\/p>\n\n\n\n<p>El p\u00fablico podr\u00e1 visitar tambi\u00e9n la trastienda , que estar\u00e1 dedicada a la puntura, acuarelas, tintas y t\u00e9cnicas mixtas, con obras de Cesar Lalla, Eugenia Scioli, Paula F\u00edgoli , Pablo Blasberg, Sandra Mahon, Mariela Mangeruga y\u00a0la misma Marcela\u00a0Cueto.<\/p>\n\n\n<div class=\"wp-block-image\">\n<figure class=\"aligncenter size-full\"><img loading=\"lazy\" decoding=\"async\" width=\"800\" height=\"540\" data-attachment-id=\"168234\" data-permalink=\"https:\/\/www.hoymercedes.com.ar\/principal\/2023\/10\/09\/muestra-de-acuarelas-en-homenaja-a-hector-cueto\/muestra-cueto\/#main\" data-orig-file=\"https:\/\/www.hoymercedes.com.ar\/principal\/wp-content\/uploads\/2023\/10\/muestra-cueto.jpg\" data-orig-size=\"800,540\" data-comments-opened=\"0\" data-image-meta=\"{&quot;aperture&quot;:&quot;0&quot;,&quot;credit&quot;:&quot;&quot;,&quot;camera&quot;:&quot;&quot;,&quot;caption&quot;:&quot;&quot;,&quot;created_timestamp&quot;:&quot;0&quot;,&quot;copyright&quot;:&quot;&quot;,&quot;focal_length&quot;:&quot;0&quot;,&quot;iso&quot;:&quot;0&quot;,&quot;shutter_speed&quot;:&quot;0&quot;,&quot;title&quot;:&quot;&quot;,&quot;orientation&quot;:&quot;0&quot;}\" data-image-title=\"muestra cueto\" data-image-description=\"\" data-image-caption=\"\" data-large-file=\"https:\/\/www.hoymercedes.com.ar\/principal\/wp-content\/uploads\/2023\/10\/muestra-cueto.jpg\" src=\"https:\/\/www.hoymercedes.com.ar\/principal\/wp-content\/uploads\/2023\/10\/muestra-cueto.jpg\" alt=\"\" class=\"wp-image-168234\" srcset=\"https:\/\/www.hoymercedes.com.ar\/principal\/wp-content\/uploads\/2023\/10\/muestra-cueto.jpg 800w, https:\/\/www.hoymercedes.com.ar\/principal\/wp-content\/uploads\/2023\/10\/muestra-cueto-630x425.jpg 630w, https:\/\/www.hoymercedes.com.ar\/principal\/wp-content\/uploads\/2023\/10\/muestra-cueto-150x101.jpg 150w\" sizes=\"auto, (max-width: 800px) 100vw, 800px\" \/><figcaption class=\"wp-element-caption\">El Arquitecto Jorge Swinnen presenta sus acuarelas en la muestra homenaje a Cueto&lt;<\/figcaption><\/figure>\n<\/div>","protected":false},"excerpt":{"rendered":"<p>\u00abMercedes, un lugar en com\u00fan\u00bb es el t\u00edtulo de la muestra que abrir\u00e1 sus puertas el viernes 13 de octubre, &#8230; <a title=\"Muestra de acuarelas en homenaja a H\u00e9ctor Cueto\" class=\"read-more\" href=\"https:\/\/www.hoymercedes.com.ar\/principal\/2023\/10\/09\/muestra-de-acuarelas-en-homenaja-a-hector-cueto\/\" aria-label=\"Leer m\u00e1s sobre Muestra de acuarelas en homenaja a H\u00e9ctor Cueto\">Leer m\u00e1s<\/a><\/p>\n","protected":false},"author":1,"featured_media":168235,"comment_status":"closed","ping_status":"open","sticky":false,"template":"","format":"standard","meta":{"_monsterinsights_skip_tracking":false,"_monsterinsights_sitenote_active":false,"_monsterinsights_sitenote_note":"","_monsterinsights_sitenote_category":0,"jetpack_post_was_ever_published":false,"_jetpack_newsletter_access":"","_jetpack_dont_email_post_to_subs":false,"_jetpack_newsletter_tier_id":0,"_jetpack_memberships_contains_paywalled_content":false,"_jetpack_memberships_contains_paid_content":false,"footnotes":"","jetpack_publicize_message":"","jetpack_publicize_feature_enabled":true,"jetpack_social_post_already_shared":true,"jetpack_social_options":{"image_generator_settings":{"template":"highway","default_image_id":0,"font":"","enabled":false},"version":2},"_wpas_customize_per_network":false},"categories":[104],"tags":[7805],"class_list":["post-168233","post","type-post","status-publish","format-standard","has-post-thumbnail","hentry","category-cultura","tag-cultura","generate-columns","tablet-grid-50","mobile-grid-100","grid-parent","grid-50"],"jetpack_publicize_connections":[],"jetpack_featured_media_url":"https:\/\/www.hoymercedes.com.ar\/principal\/wp-content\/uploads\/2023\/10\/muestra-cueto-seinenn.jpg","wps_subtitle":"","jetpack_sharing_enabled":true,"_links":{"self":[{"href":"https:\/\/www.hoymercedes.com.ar\/principal\/wp-json\/wp\/v2\/posts\/168233","targetHints":{"allow":["GET"]}}],"collection":[{"href":"https:\/\/www.hoymercedes.com.ar\/principal\/wp-json\/wp\/v2\/posts"}],"about":[{"href":"https:\/\/www.hoymercedes.com.ar\/principal\/wp-json\/wp\/v2\/types\/post"}],"author":[{"embeddable":true,"href":"https:\/\/www.hoymercedes.com.ar\/principal\/wp-json\/wp\/v2\/users\/1"}],"replies":[{"embeddable":true,"href":"https:\/\/www.hoymercedes.com.ar\/principal\/wp-json\/wp\/v2\/comments?post=168233"}],"version-history":[{"count":0,"href":"https:\/\/www.hoymercedes.com.ar\/principal\/wp-json\/wp\/v2\/posts\/168233\/revisions"}],"wp:featuredmedia":[{"embeddable":true,"href":"https:\/\/www.hoymercedes.com.ar\/principal\/wp-json\/wp\/v2\/media\/168235"}],"wp:attachment":[{"href":"https:\/\/www.hoymercedes.com.ar\/principal\/wp-json\/wp\/v2\/media?parent=168233"}],"wp:term":[{"taxonomy":"category","embeddable":true,"href":"https:\/\/www.hoymercedes.com.ar\/principal\/wp-json\/wp\/v2\/categories?post=168233"},{"taxonomy":"post_tag","embeddable":true,"href":"https:\/\/www.hoymercedes.com.ar\/principal\/wp-json\/wp\/v2\/tags?post=168233"}],"curies":[{"name":"wp","href":"https:\/\/api.w.org\/{rel}","templated":true}]}}