{"id":168295,"date":"2023-10-12T09:06:00","date_gmt":"2023-10-12T12:06:00","guid":{"rendered":"https:\/\/www.hoymercedes.com.ar\/principal\/?p=168295"},"modified":"2023-10-11T21:37:00","modified_gmt":"2023-10-12T00:37:00","slug":"abierta-la-inscripcion-se-viene-el-iv-certamen-de-grabado-xilografico","status":"publish","type":"post","link":"https:\/\/www.hoymercedes.com.ar\/principal\/2023\/10\/12\/abierta-la-inscripcion-se-viene-el-iv-certamen-de-grabado-xilografico\/","title":{"rendered":"Abierta la inscripci\u00f3n: Se viene el IV certamen\u00a0de grabado xilogr\u00e1fico"},"content":{"rendered":"\n<p>En el mes de octubre, el grabado y arte impreso vuelve a ser el centro de las exposiciones art\u00edsticas en Mercedes. Desde el Movimiento Cultural el Limonero y su Editorial El Limonero de papel, la Comisi\u00f3n Municipal del Patrimonio Cultural y Natural de Mercedes anunciaron la organizaci\u00f3n de la 4\u00b0 edici\u00f3n del Certamen de Grabado Xilogr\u00e1fico al aire libre Ciudad de Mercedes.<\/p>\n\n\n\n<p>La misma tendr\u00e1 su inicio el venidero domingo 15 en la sede del Movimiento Cultural El Limonero mientras que la inscripci\u00f3n para los interesados en participar ya est\u00e1 abierta, siendo el 14 de&nbsp; octubre la \u00faltima oportunidad para presentarse, siendo la misma gratuita.<\/p>\n\n\n\n<p>Tambi\u00e9n puede realizarse online al siguiente correo electr\u00f3nico movimientocultural-el-limonero@hotmail.com&nbsp; y ponen a disposici\u00f3n el tel\u00e9fono 2324 504498 para informes e inscripci\u00f3n, detallando que se incluyen todos los materiales.<\/p>\n\n\n\n<p>En esta edici\u00f3n habr\u00e1 premios en efectivo hasta el tercer lugar \u2013adem\u00e1s del diploma. Para el primer puesto el premio ser\u00e1 de 50 mil pesos, en tanto el segundo 20 mil y el tercero 10 mil. Habr\u00e1 tantas menciones especiales como determine el jurado.<\/p>\n\n\n\n<p>El jurado estar\u00e1 integrado por tres miembros: un representante de CUNA, un representante de El Limonero y un tercer miembro destacado del \u00e1mbito del grabado.<\/p>\n\n\n\n<p>La premiaci\u00f3n se realizar\u00e1 el 28 de octubre, a las 18 horas oportunidad en la cual se proceder\u00e1 a inaugurar la muestra.<\/p>\n\n\n\n<figure class=\"wp-block-image size-large\"><img loading=\"lazy\" decoding=\"async\" width=\"1024\" height=\"1024\" data-attachment-id=\"168297\" data-permalink=\"https:\/\/www.hoymercedes.com.ar\/principal\/2023\/10\/12\/abierta-la-inscripcion-se-viene-el-iv-certamen-de-grabado-xilografico\/image-5-12\/#main\" data-orig-file=\"https:\/\/www.hoymercedes.com.ar\/principal\/wp-content\/uploads\/2023\/10\/image-5.png\" data-orig-size=\"1080,1080\" data-comments-opened=\"0\" data-image-meta=\"{&quot;aperture&quot;:&quot;0&quot;,&quot;credit&quot;:&quot;&quot;,&quot;camera&quot;:&quot;&quot;,&quot;caption&quot;:&quot;&quot;,&quot;created_timestamp&quot;:&quot;0&quot;,&quot;copyright&quot;:&quot;&quot;,&quot;focal_length&quot;:&quot;0&quot;,&quot;iso&quot;:&quot;0&quot;,&quot;shutter_speed&quot;:&quot;0&quot;,&quot;title&quot;:&quot;&quot;,&quot;orientation&quot;:&quot;0&quot;}\" data-image-title=\"image-5\" data-image-description=\"\" data-image-caption=\"\" data-large-file=\"https:\/\/www.hoymercedes.com.ar\/principal\/wp-content\/uploads\/2023\/10\/image-5-1024x1024.png\" src=\"https:\/\/www.hoymercedes.com.ar\/principal\/wp-content\/uploads\/2023\/10\/image-5-1024x1024.png\" alt=\"\" class=\"wp-image-168297\" srcset=\"https:\/\/www.hoymercedes.com.ar\/principal\/wp-content\/uploads\/2023\/10\/image-5-1024x1024.png 1024w, https:\/\/www.hoymercedes.com.ar\/principal\/wp-content\/uploads\/2023\/10\/image-5-620x620.png 620w, https:\/\/www.hoymercedes.com.ar\/principal\/wp-content\/uploads\/2023\/10\/image-5-150x150.png 150w, https:\/\/www.hoymercedes.com.ar\/principal\/wp-content\/uploads\/2023\/10\/image-5.png 1080w\" sizes=\"auto, (max-width: 1024px) 100vw, 1024px\" \/><\/figure>\n","protected":false},"excerpt":{"rendered":"<p>En el mes de octubre, el grabado y arte impreso vuelve a ser el centro de las exposiciones art\u00edsticas en &#8230; <a title=\"Abierta la inscripci\u00f3n: Se viene el IV certamen\u00a0de grabado xilogr\u00e1fico\" class=\"read-more\" href=\"https:\/\/www.hoymercedes.com.ar\/principal\/2023\/10\/12\/abierta-la-inscripcion-se-viene-el-iv-certamen-de-grabado-xilografico\/\" aria-label=\"Leer m\u00e1s sobre Abierta la inscripci\u00f3n: Se viene el IV certamen\u00a0de grabado xilogr\u00e1fico\">Leer m\u00e1s<\/a><\/p>\n","protected":false},"author":1,"featured_media":168297,"comment_status":"closed","ping_status":"open","sticky":false,"template":"","format":"standard","meta":{"_monsterinsights_skip_tracking":false,"_monsterinsights_sitenote_active":false,"_monsterinsights_sitenote_note":"","_monsterinsights_sitenote_category":0,"jetpack_post_was_ever_published":false,"_jetpack_newsletter_access":"","_jetpack_dont_email_post_to_subs":false,"_jetpack_newsletter_tier_id":0,"_jetpack_memberships_contains_paywalled_content":false,"_jetpack_memberships_contains_paid_content":false,"footnotes":"","jetpack_publicize_message":"","jetpack_publicize_feature_enabled":true,"jetpack_social_post_already_shared":true,"jetpack_social_options":{"image_generator_settings":{"template":"highway","default_image_id":0,"font":"","enabled":false},"version":2},"_wpas_customize_per_network":false},"categories":[104],"tags":[7805],"class_list":["post-168295","post","type-post","status-publish","format-standard","has-post-thumbnail","hentry","category-cultura","tag-cultura","generate-columns","tablet-grid-50","mobile-grid-100","grid-parent","grid-50"],"jetpack_publicize_connections":[],"jetpack_featured_media_url":"https:\/\/www.hoymercedes.com.ar\/principal\/wp-content\/uploads\/2023\/10\/image-5.png","wps_subtitle":"","jetpack_sharing_enabled":true,"_links":{"self":[{"href":"https:\/\/www.hoymercedes.com.ar\/principal\/wp-json\/wp\/v2\/posts\/168295","targetHints":{"allow":["GET"]}}],"collection":[{"href":"https:\/\/www.hoymercedes.com.ar\/principal\/wp-json\/wp\/v2\/posts"}],"about":[{"href":"https:\/\/www.hoymercedes.com.ar\/principal\/wp-json\/wp\/v2\/types\/post"}],"author":[{"embeddable":true,"href":"https:\/\/www.hoymercedes.com.ar\/principal\/wp-json\/wp\/v2\/users\/1"}],"replies":[{"embeddable":true,"href":"https:\/\/www.hoymercedes.com.ar\/principal\/wp-json\/wp\/v2\/comments?post=168295"}],"version-history":[{"count":0,"href":"https:\/\/www.hoymercedes.com.ar\/principal\/wp-json\/wp\/v2\/posts\/168295\/revisions"}],"wp:featuredmedia":[{"embeddable":true,"href":"https:\/\/www.hoymercedes.com.ar\/principal\/wp-json\/wp\/v2\/media\/168297"}],"wp:attachment":[{"href":"https:\/\/www.hoymercedes.com.ar\/principal\/wp-json\/wp\/v2\/media?parent=168295"}],"wp:term":[{"taxonomy":"category","embeddable":true,"href":"https:\/\/www.hoymercedes.com.ar\/principal\/wp-json\/wp\/v2\/categories?post=168295"},{"taxonomy":"post_tag","embeddable":true,"href":"https:\/\/www.hoymercedes.com.ar\/principal\/wp-json\/wp\/v2\/tags?post=168295"}],"curies":[{"name":"wp","href":"https:\/\/api.w.org\/{rel}","templated":true}]}}