{"id":16838,"date":"2012-10-11T11:18:42","date_gmt":"2012-10-11T11:18:42","guid":{"rendered":"http:\/\/www.hoymercedes.com.ar\/principal\/?p=16838"},"modified":"2012-10-11T11:18:50","modified_gmt":"2012-10-11T11:18:50","slug":"criterium-ya-tiene-nueva-fecha-27-de-octubre","status":"publish","type":"post","link":"https:\/\/www.hoymercedes.com.ar\/principal\/2012\/10\/11\/criterium-ya-tiene-nueva-fecha-27-de-octubre\/","title":{"rendered":"Criterium ya tiene nueva fecha: 27 de octubre"},"content":{"rendered":"<p>Finalmente se estableci\u00f3 la fecha del Criterium Apertura que se suspendiera el \u00faltimo lunes 8 de octubre.<\/p>\n<p>Luego de disponerse otra fecha en noviembre finalmente La Direcci\u00f3n de Deportes en conjunto con la Comisi\u00f3n Municipal de Ciclismo y el Club Ciclista Naci\u00f3n establecieron el s\u00e1bado 27 de octubre a las 14,30 hs para llevar a cabo la Edici\u00f3n 91 de esta tradicional competencia.<\/p>\n<p>Se espera el acompa\u00f1amiento del p\u00fablico en esta competencia al igual que los distintos ciclistas del pa\u00eds que quieren grabar su nombre como ganadores en esta important\u00edsima prueba Nacional.<\/p>\n<p>&nbsp;<\/p>\n","protected":false},"excerpt":{"rendered":"<p>Finalmente se estableci\u00f3 la fecha del Criterium Apertura que se suspendiera el \u00faltimo lunes 8 de octubre. Luego de disponerse &#8230; <a title=\"Criterium ya tiene nueva fecha: 27 de octubre\" class=\"read-more\" href=\"https:\/\/www.hoymercedes.com.ar\/principal\/2012\/10\/11\/criterium-ya-tiene-nueva-fecha-27-de-octubre\/\" aria-label=\"Leer m\u00e1s sobre Criterium ya tiene nueva fecha: 27 de octubre\">Leer m\u00e1s<\/a><\/p>\n","protected":false},"author":1,"featured_media":0,"comment_status":"open","ping_status":"open","sticky":false,"template":"","format":"standard","meta":{"_monsterinsights_skip_tracking":false,"_monsterinsights_sitenote_active":false,"_monsterinsights_sitenote_note":"","_monsterinsights_sitenote_category":0,"jetpack_post_was_ever_published":false,"_jetpack_newsletter_access":"","_jetpack_dont_email_post_to_subs":false,"_jetpack_newsletter_tier_id":0,"_jetpack_memberships_contains_paywalled_content":false,"_jetpack_memberships_contains_paid_content":false,"footnotes":"","jetpack_publicize_message":"","jetpack_publicize_feature_enabled":true,"jetpack_social_post_already_shared":false,"jetpack_social_options":{"image_generator_settings":{"template":"highway","default_image_id":0,"font":"","enabled":false},"version":2},"_wpas_customize_per_network":false},"categories":[21],"tags":[2809],"class_list":["post-16838","post","type-post","status-publish","format-standard","hentry","category-deportes","tag-criterium-de-apertura","generate-columns","tablet-grid-50","mobile-grid-100","grid-parent","grid-50"],"jetpack_publicize_connections":[],"jetpack_featured_media_url":"","wps_subtitle":"","jetpack_sharing_enabled":true,"_links":{"self":[{"href":"https:\/\/www.hoymercedes.com.ar\/principal\/wp-json\/wp\/v2\/posts\/16838","targetHints":{"allow":["GET"]}}],"collection":[{"href":"https:\/\/www.hoymercedes.com.ar\/principal\/wp-json\/wp\/v2\/posts"}],"about":[{"href":"https:\/\/www.hoymercedes.com.ar\/principal\/wp-json\/wp\/v2\/types\/post"}],"author":[{"embeddable":true,"href":"https:\/\/www.hoymercedes.com.ar\/principal\/wp-json\/wp\/v2\/users\/1"}],"replies":[{"embeddable":true,"href":"https:\/\/www.hoymercedes.com.ar\/principal\/wp-json\/wp\/v2\/comments?post=16838"}],"version-history":[{"count":0,"href":"https:\/\/www.hoymercedes.com.ar\/principal\/wp-json\/wp\/v2\/posts\/16838\/revisions"}],"wp:attachment":[{"href":"https:\/\/www.hoymercedes.com.ar\/principal\/wp-json\/wp\/v2\/media?parent=16838"}],"wp:term":[{"taxonomy":"category","embeddable":true,"href":"https:\/\/www.hoymercedes.com.ar\/principal\/wp-json\/wp\/v2\/categories?post=16838"},{"taxonomy":"post_tag","embeddable":true,"href":"https:\/\/www.hoymercedes.com.ar\/principal\/wp-json\/wp\/v2\/tags?post=16838"}],"curies":[{"name":"wp","href":"https:\/\/api.w.org\/{rel}","templated":true}]}}