{"id":1684,"date":"2011-01-15T17:53:59","date_gmt":"2011-01-15T17:53:59","guid":{"rendered":"http:\/\/www.hoymercedes.com.ar\/principal\/?p=1684"},"modified":"2011-01-15T17:57:08","modified_gmt":"2011-01-15T17:57:08","slug":"trabaja-en-la-construccion-de-derivadores-de-transito-en-las-avenidas-1-y-2","status":"publish","type":"post","link":"https:\/\/www.hoymercedes.com.ar\/principal\/2011\/01\/15\/trabaja-en-la-construccion-de-derivadores-de-transito-en-las-avenidas-1-y-2\/","title":{"rendered":"Trabajan en la construcci\u00f3n de derivadores de tr\u00e1nsito en las avenidas 1 y 2"},"content":{"rendered":"<p style=\"text-align: justify;\">Concluida la ultima etapa de la Avenida de Circunvalaci\u00f3n, la de la avenida 1 desde la calle 2 hasta las v\u00eda ferroviarias de las ex l\u00edneas Sarmiento y San Mart\u00edn, personal a cargo de la Secretar\u00eda de Obras y Servicios P\u00fablicos se ha encargado de construir derivadores de transito que permitan ordenar la circulaci\u00f3n de veh\u00edculos en un sector donde confluyen cinco calles, algunas de ellas de tierra y al mismo tiempo con dichos elementos construidos\u00a0 como prolongaci\u00f3n de los canteros\u00a0 tanto de la y como de la 2 para disminuir la velocidad de los veh\u00edculos que por ejemplo circulando por la avenida 2 con direcci\u00f3n a la rotonda de Etchegaray pretendan doblar e ingresar a la avenida 1.<\/p>\n<p style=\"text-align: center;\"><a href=\"https:\/\/www.hoymercedes.com.ar\/principal\/wp-content\/uploads\/2011\/01\/obraspav.jpg\"><img loading=\"lazy\" decoding=\"async\" data-attachment-id=\"1686\" data-permalink=\"https:\/\/www.hoymercedes.com.ar\/principal\/2011\/01\/15\/trabaja-en-la-construccion-de-derivadores-de-transito-en-las-avenidas-1-y-2\/obraspav\/#main\" data-orig-file=\"https:\/\/www.hoymercedes.com.ar\/principal\/wp-content\/uploads\/2011\/01\/obraspav.jpg\" data-orig-size=\"400,300\" data-comments-opened=\"1\" data-image-meta=\"{&quot;aperture&quot;:&quot;4.2&quot;,&quot;credit&quot;:&quot;&quot;,&quot;camera&quot;:&quot;COOLPIX L10&quot;,&quot;caption&quot;:&quot;&quot;,&quot;created_timestamp&quot;:&quot;1294672955&quot;,&quot;copyright&quot;:&quot;Copyright 2006&quot;,&quot;focal_length&quot;:&quot;12.8&quot;,&quot;iso&quot;:&quot;100&quot;,&quot;shutter_speed&quot;:&quot;0.033333333333333&quot;,&quot;title&quot;:&quot;&quot;}\" data-image-title=\"obraspav\" data-image-description=\"\" data-image-caption=\"\" data-large-file=\"https:\/\/www.hoymercedes.com.ar\/principal\/wp-content\/uploads\/2011\/01\/obraspav.jpg\" class=\"size-full wp-image-1686  aligncenter\" title=\"obraspav\" src=\"https:\/\/www.hoymercedes.com.ar\/principal\/wp-content\/uploads\/2011\/01\/obraspav.jpg\" alt=\"\" width=\"400\" height=\"300\" \/><\/a><\/p>\n<p style=\"text-align: justify;\">El Secretario de Obras, Gustavo Salomone sostuvo \u201centre los derivadores y las mesetas reductoras que hemos construidos esperamos no tener problemas con la velocidad de ingreso a cualquiera de las dos avenidas como as\u00ed tambi\u00e9n\u00a0 a la Diagonal San Mart\u00edn que justamente nace en la 1 y 2 porque en dicho cruce no se puede colocar un sem\u00e1foro debido a que\u00a0 har\u00eda muy lenta la circulaci\u00f3n y terminar\u00eda pasando algo similar como el Lujan en el TC.<\/p>\n<p style=\"text-align: center;\"><a href=\"https:\/\/www.hoymercedes.com.ar\/principal\/wp-content\/uploads\/2011\/01\/obraspav2.jpg\"><img loading=\"lazy\" decoding=\"async\" data-attachment-id=\"1687\" data-permalink=\"https:\/\/www.hoymercedes.com.ar\/principal\/2011\/01\/15\/trabaja-en-la-construccion-de-derivadores-de-transito-en-las-avenidas-1-y-2\/obraspav2\/#main\" data-orig-file=\"https:\/\/www.hoymercedes.com.ar\/principal\/wp-content\/uploads\/2011\/01\/obraspav2.jpg\" data-orig-size=\"400,300\" data-comments-opened=\"1\" data-image-meta=\"{&quot;aperture&quot;:&quot;2.8&quot;,&quot;credit&quot;:&quot;&quot;,&quot;camera&quot;:&quot;COOLPIX L10&quot;,&quot;caption&quot;:&quot;&quot;,&quot;created_timestamp&quot;:&quot;1294672920&quot;,&quot;copyright&quot;:&quot;Copyright 2006&quot;,&quot;focal_length&quot;:&quot;6.2&quot;,&quot;iso&quot;:&quot;64&quot;,&quot;shutter_speed&quot;:&quot;0.033333333333333&quot;,&quot;title&quot;:&quot;&quot;}\" data-image-title=\"obraspav2\" data-image-description=\"\" data-image-caption=\"\" data-large-file=\"https:\/\/www.hoymercedes.com.ar\/principal\/wp-content\/uploads\/2011\/01\/obraspav2.jpg\" class=\"size-full wp-image-1687  aligncenter\" title=\"obraspav2\" src=\"https:\/\/www.hoymercedes.com.ar\/principal\/wp-content\/uploads\/2011\/01\/obraspav2.jpg\" alt=\"\" width=\"400\" height=\"300\" srcset=\"https:\/\/www.hoymercedes.com.ar\/principal\/wp-content\/uploads\/2011\/01\/obraspav2.jpg 400w, https:\/\/www.hoymercedes.com.ar\/principal\/wp-content\/uploads\/2011\/01\/obraspav2-300x225.jpg 300w\" sizes=\"auto, (max-width: 400px) 100vw, 400px\" \/><\/a><\/p>\n","protected":false},"excerpt":{"rendered":"<p>Concluida la ultima etapa de la Avenida de Circunvalaci\u00f3n, la de la avenida 1 desde la calle 2 hasta las &#8230; <a title=\"Trabajan en la construcci\u00f3n de derivadores de tr\u00e1nsito en las avenidas 1 y 2\" class=\"read-more\" href=\"https:\/\/www.hoymercedes.com.ar\/principal\/2011\/01\/15\/trabaja-en-la-construccion-de-derivadores-de-transito-en-las-avenidas-1-y-2\/\" aria-label=\"Leer m\u00e1s sobre Trabajan en la construcci\u00f3n de derivadores de tr\u00e1nsito en las avenidas 1 y 2\">Leer m\u00e1s<\/a><\/p>\n","protected":false},"author":1,"featured_media":0,"comment_status":"open","ping_status":"open","sticky":false,"template":"","format":"standard","meta":{"_monsterinsights_skip_tracking":false,"_monsterinsights_sitenote_active":false,"_monsterinsights_sitenote_note":"","_monsterinsights_sitenote_category":0,"jetpack_post_was_ever_published":false,"_jetpack_newsletter_access":"","_jetpack_dont_email_post_to_subs":false,"_jetpack_newsletter_tier_id":0,"_jetpack_memberships_contains_paywalled_content":false,"_jetpack_memberships_contains_paid_content":false,"footnotes":"","jetpack_publicize_message":"","jetpack_publicize_feature_enabled":true,"jetpack_social_post_already_shared":false,"jetpack_social_options":{"image_generator_settings":{"template":"highway","default_image_id":0,"font":"","enabled":false},"version":2},"_wpas_customize_per_network":false},"categories":[30],"tags":[369],"class_list":["post-1684","post","type-post","status-publish","format-standard","hentry","category-municipio","tag-pavimentacion","generate-columns","tablet-grid-50","mobile-grid-100","grid-parent","grid-50"],"jetpack_publicize_connections":[],"jetpack_featured_media_url":"","wps_subtitle":"","jetpack_sharing_enabled":true,"jetpack-related-posts":[{"id":89125,"url":"https:\/\/www.hoymercedes.com.ar\/principal\/2019\/03\/08\/por-obra-en-av-2-a-la-secretaria-de-seguridad-y-transito-se-ingresara-por-calle-6\/","url_meta":{"origin":1684,"position":0},"title":"Por obra en av. 2, a la Secretar\u00eda de Seguridad y Tr\u00e1nsito se ingresar\u00e1 por calle 6","author":"hoymercedes","date":"8 marzo, 2019","format":false,"excerpt":"A causa de las obras en la Avenida 2, se produjeron algunas modificaciones en el tr\u00e1nsito y en la atenci\u00f3n de los vecinos en las oficinas municipales del Mart\u00edn Rodr\u00edguez. Por una lado, el ingreso a la Secretar\u00eda de Seguridad y Tr\u00e1nsito Municipal ser\u00e1 por la calle 6 y 9\u2026","rel":"","context":"En \u00abMunicipio\u00bb","block_context":{"text":"Municipio","link":"https:\/\/www.hoymercedes.com.ar\/principal\/category\/municipio\/"},"img":{"alt_text":"","src":"https:\/\/i0.wp.com\/www.hoymercedes.com.ar\/principal\/wp-content\/uploads\/2019\/03\/08-Avenida2-Obra.jpg?resize=350%2C200&ssl=1","width":350,"height":200,"srcset":"https:\/\/i0.wp.com\/www.hoymercedes.com.ar\/principal\/wp-content\/uploads\/2019\/03\/08-Avenida2-Obra.jpg?resize=350%2C200&ssl=1 1x, https:\/\/i0.wp.com\/www.hoymercedes.com.ar\/principal\/wp-content\/uploads\/2019\/03\/08-Avenida2-Obra.jpg?resize=525%2C300&ssl=1 1.5x, https:\/\/i0.wp.com\/www.hoymercedes.com.ar\/principal\/wp-content\/uploads\/2019\/03\/08-Avenida2-Obra.jpg?resize=700%2C400&ssl=1 2x"},"classes":[]},{"id":66338,"url":"https:\/\/www.hoymercedes.com.ar\/principal\/2017\/08\/24\/cestari-propone-mejoras-en-transito-e-iluminacion\/","url_meta":{"origin":1684,"position":1},"title":"Cestari propone mejoras en tr\u00e1nsito e iluminaci\u00f3n","author":"hoymercedes","date":"24 agosto, 2017","format":false,"excerpt":"El concejal Jos\u00e9 Cestari de la Agrupaci\u00f3n Vecinal Mercedina present\u00f3 una serie Proyectos de Resoluci\u00f3n que ser\u00e1n tratados en la pr\u00f3xima Sesi\u00f3n Ordinaria del HCD, a realizarse el lunes 28 de agosto a partir de la hora 19. A continuaci\u00f3n se resumen cada uno de ellos: Expediente 400\/17:\u00a0Ante la falta\u2026","rel":"","context":"En \u00abPol\u00edtica\u00bb","block_context":{"text":"Pol\u00edtica","link":"https:\/\/www.hoymercedes.com.ar\/principal\/category\/politica\/"},"img":{"alt_text":"","src":"https:\/\/i0.wp.com\/www.hoymercedes.com.ar\/principal\/wp-content\/uploads\/2016\/07\/22-cestari.jpg?resize=350%2C200&ssl=1","width":350,"height":200},"classes":[]},{"id":49229,"url":"https:\/\/www.hoymercedes.com.ar\/principal\/2016\/04\/25\/cestari-propone-la-modernizacion-de-los-semaforos\/","url_meta":{"origin":1684,"position":2},"title":"Cestari propone la modernizaci\u00f3n de los sem\u00e1foros","author":"hoymercedes","date":"25 abril, 2016","format":false,"excerpt":"El concejal de la Agrupaci\u00f3n Vecinal Mercedina, Jos\u00e9 Cestari, present\u00f3 un\u00a0Proyecto de Ordenanza para la Sesi\u00f3n Ordinaria del Concejo Deliberante, que se llevar\u00e1 a cabo este lunes 25 de abril a partir de la hora 19. El proyecto fue elaborado por el equipo de trabajo del uso de nuevas tecnolog\u00edas\u2026","rel":"","context":"En \u00abPol\u00edtica\u00bb","block_context":{"text":"Pol\u00edtica","link":"https:\/\/www.hoymercedes.com.ar\/principal\/category\/politica\/"},"img":{"alt_text":"25 cestari","src":"https:\/\/i0.wp.com\/www.hoymercedes.com.ar\/principal\/wp-content\/uploads\/2016\/04\/25-cestari.jpg?resize=350%2C200","width":350,"height":200},"classes":[]},{"id":37783,"url":"https:\/\/www.hoymercedes.com.ar\/principal\/2014\/11\/16\/cambian-de-lugar-a-pedido-del-mic-monumento-a-luis-cane\/","url_meta":{"origin":1684,"position":3},"title":"Cambian de lugar, a pedido del MIC, monumento a Lu\u00eds Can\u00e9","author":"hoymercedes","date":"16 noviembre, 2014","format":false,"excerpt":"Mercedes Independiente Comunal conducido por Jos\u00e9 Cestari anuncia la concreci\u00f3n del cambio de ubicaci\u00f3n el monumento de Lu\u00eds Can\u00e9 dado que sus dimensiones imposibilitan una buena visibilaci\u00f3n para los conductores.\u00a0Actualmente\u00a0se\u00a0encuentra calle 16 y 25. El pedido se realiz\u00f3 por medio del Concejo Deliberante y termin\u00f3 siendo aprobado. El proyecto es\u2026","rel":"","context":"En \u00abPol\u00edtica\u00bb","block_context":{"text":"Pol\u00edtica","link":"https:\/\/www.hoymercedes.com.ar\/principal\/category\/politica\/"},"img":{"alt_text":"Monumento-LuisCane","src":"https:\/\/i0.wp.com\/www.hoymercedes.com.ar\/principal\/wp-content\/uploads\/2014\/11\/Monumento-LuisCane.jpg?resize=350%2C200","width":350,"height":200,"srcset":"https:\/\/i0.wp.com\/www.hoymercedes.com.ar\/principal\/wp-content\/uploads\/2014\/11\/Monumento-LuisCane.jpg?resize=350%2C200 1x, https:\/\/i0.wp.com\/www.hoymercedes.com.ar\/principal\/wp-content\/uploads\/2014\/11\/Monumento-LuisCane.jpg?resize=525%2C300 1.5x"},"classes":[]},{"id":27215,"url":"https:\/\/www.hoymercedes.com.ar\/principal\/2013\/11\/09\/fuertes-controles-de-transito-en-la-ciudad-y-en-avenida-30-en-especial\/","url_meta":{"origin":1684,"position":4},"title":"Fuertes controles de tr\u00e1nsito en la ciudad y en avenida 30 en especial","author":"hoymercedes","date":"9 noviembre, 2013","format":false,"excerpt":"Durante la tarde del viernes se continu\u00f3 con los operativos de tr\u00e1nsito en nuestra ciudad bajo la modalidad ya conocida de control y sustracci\u00f3n de motocicletas que no est\u00e9n en regla. Esta ocasi\u00f3n vuelve a convertirse en noticia dado que se pudo ver un fuerte accionar sobre avenida 30, un\u2026","rel":"","context":"En \u00abMunicipio\u00bb","block_context":{"text":"Municipio","link":"https:\/\/www.hoymercedes.com.ar\/principal\/category\/municipio\/"},"img":{"alt_text":"controlurbanomercedes","src":"https:\/\/i0.wp.com\/www.hoymercedes.com.ar\/principal\/wp-content\/uploads\/2013\/11\/controlurbanomercedes.jpg?resize=350%2C200","width":350,"height":200,"srcset":"https:\/\/i0.wp.com\/www.hoymercedes.com.ar\/principal\/wp-content\/uploads\/2013\/11\/controlurbanomercedes.jpg?resize=350%2C200 1x, https:\/\/i0.wp.com\/www.hoymercedes.com.ar\/principal\/wp-content\/uploads\/2013\/11\/controlurbanomercedes.jpg?resize=525%2C300 1.5x"},"classes":[]},{"id":40543,"url":"https:\/\/www.hoymercedes.com.ar\/principal\/2015\/04\/03\/accidentes-con-motos-una-constante-en-mercedes\/","url_meta":{"origin":1684,"position":5},"title":"Accidentes con motos, una constante en Mercedes","author":"hoymercedes","date":"3 abril, 2015","format":false,"excerpt":"La ciudad volvi\u00f3 a tener una jornada de m\u00faltiples accidentes de tr\u00e1nsito con motos involucradas. Una situaci\u00f3n que preocupa y que genera constantes problemas y heridos. Este jueves, como ejemplo, se vivieron dos necesidades de intervenci\u00f3n m\u00e9dica y policial en avenidas de la ciudad entre motos y veh\u00edculos. En avenida\u2026","rel":"","context":"En \u00abSociedad\u00bb","block_context":{"text":"Sociedad","link":"https:\/\/www.hoymercedes.com.ar\/principal\/category\/sociedad\/"},"img":{"alt_text":"Accidente49y48 (1)","src":"https:\/\/i0.wp.com\/www.hoymercedes.com.ar\/principal\/wp-content\/uploads\/2015\/04\/Accidente49y48-1.jpg?resize=350%2C200","width":350,"height":200,"srcset":"https:\/\/i0.wp.com\/www.hoymercedes.com.ar\/principal\/wp-content\/uploads\/2015\/04\/Accidente49y48-1.jpg?resize=350%2C200 1x, https:\/\/i0.wp.com\/www.hoymercedes.com.ar\/principal\/wp-content\/uploads\/2015\/04\/Accidente49y48-1.jpg?resize=525%2C300 1.5x"},"classes":[]}],"_links":{"self":[{"href":"https:\/\/www.hoymercedes.com.ar\/principal\/wp-json\/wp\/v2\/posts\/1684","targetHints":{"allow":["GET"]}}],"collection":[{"href":"https:\/\/www.hoymercedes.com.ar\/principal\/wp-json\/wp\/v2\/posts"}],"about":[{"href":"https:\/\/www.hoymercedes.com.ar\/principal\/wp-json\/wp\/v2\/types\/post"}],"author":[{"embeddable":true,"href":"https:\/\/www.hoymercedes.com.ar\/principal\/wp-json\/wp\/v2\/users\/1"}],"replies":[{"embeddable":true,"href":"https:\/\/www.hoymercedes.com.ar\/principal\/wp-json\/wp\/v2\/comments?post=1684"}],"version-history":[{"count":0,"href":"https:\/\/www.hoymercedes.com.ar\/principal\/wp-json\/wp\/v2\/posts\/1684\/revisions"}],"wp:attachment":[{"href":"https:\/\/www.hoymercedes.com.ar\/principal\/wp-json\/wp\/v2\/media?parent=1684"}],"wp:term":[{"taxonomy":"category","embeddable":true,"href":"https:\/\/www.hoymercedes.com.ar\/principal\/wp-json\/wp\/v2\/categories?post=1684"},{"taxonomy":"post_tag","embeddable":true,"href":"https:\/\/www.hoymercedes.com.ar\/principal\/wp-json\/wp\/v2\/tags?post=1684"}],"curies":[{"name":"wp","href":"https:\/\/api.w.org\/{rel}","templated":true}]}}