{"id":168414,"date":"2023-10-17T10:27:00","date_gmt":"2023-10-17T13:27:00","guid":{"rendered":"https:\/\/www.hoymercedes.com.ar\/principal\/?p=168414"},"modified":"2023-10-17T22:55:52","modified_gmt":"2023-10-18T01:55:52","slug":"abogados-confirma-premios-de-salon-de-pinturas","status":"publish","type":"post","link":"https:\/\/www.hoymercedes.com.ar\/principal\/2023\/10\/17\/abogados-confirma-premios-de-salon-de-pinturas\/","title":{"rendered":"Abogados confirma premios de Sal\u00f3n de Pinturas"},"content":{"rendered":"\n<p>Est\u00e1 en marcha el 38\u00b0 Sal\u00f3n de Pintura del Colegio de Abogados del Departamento Judicial de Mercedes. Por su parte, la Comisi\u00f3n de Extensi\u00f3n Socio-Cultural del Colegio comunic\u00f3 la informaci\u00f3n en cuanto a premios y cronograma de actividades. <\/p>\n\n\n\n<p>Entre el 23 y el 27 de octubre, entre las 8:30 a 13 horas, se recibir\u00e1n las obras a participar. El s\u00e1bado 28 de octubre, ser\u00e1 el jurado el que analice las pinturas. Ese mismo d\u00eda, los ganadores conocer\u00e1n sus premios a trav\u00e9s de la comunicaci\u00f3n oficial del Colegio de Abogados. <\/p>\n\n\n\n<p>En la semana siguiente, el s\u00e1bado 4 de noviembre, a la hora 19, ser\u00e1 la inauguraci\u00f3n oficial del Sal\u00f3n de Pintura con la entrega de premios. Desde ese d\u00eda, podr\u00e1 visitarse en la semana del 6 al 10 de noviembre de 8:30 a 13:30 horas. <\/p>\n\n\n\n<p>En cuanto a los premios se comunic\u00f3 que el 1\u00b0 premio ser\u00e1 adquisici\u00f3n con un valor de 200 mil pesos. Tambien recibir\u00e1 la medalla y el diploma al igual que el segundo, tercer y cuarto premio. Adem\u00e1s el Jurado podr\u00e1 otorgar menciones especiales a las obras que considere re\u00fanan m\u00e9ritos suficientes. Las menciones no implican orden de prelaci\u00f3n.<\/p>\n\n\n\n<p>Desde el Colegio de Abogados resaltaron que est\u00e1 publicado el reglamento completo. Para acceder se puede ingresar al siguiente link:&nbsp;<a rel=\"noreferrer noopener\" href=\"https:\/\/www.camercedes.org.ar\/wp-content\/uploads\/2023\/09\/REGLAMENTO-2023-SALON-DE-PINTURA-PDF.pdf\" target=\"_blank\">REGLAMENTO 2023 SALON DE PINTURA<\/a><\/p>\n\n\n\n<p>Para mayor informaci\u00f3n Tel. 02324-426700 int. 315 \u2013 email:&nbsp;<a href=\"mailto:mesaentrada2@camercedes.org.ar\" target=\"_blank\" rel=\"noreferrer noopener\">mesaentrada2@camercedes.org.ar<\/a><\/p>\n\n\n\n<p><strong>Fuente:\u00a0<\/strong>CADJMercedes<\/p>\n\n\n\n<figure class=\"wp-block-image size-full\"><img loading=\"lazy\" decoding=\"async\" width=\"800\" height=\"566\" data-attachment-id=\"168421\" data-permalink=\"https:\/\/www.hoymercedes.com.ar\/principal\/2023\/10\/17\/abogados-confirma-premios-de-salon-de-pinturas\/abogados-6\/#main\" data-orig-file=\"https:\/\/www.hoymercedes.com.ar\/principal\/wp-content\/uploads\/2023\/10\/abogados.jpg\" data-orig-size=\"800,566\" data-comments-opened=\"0\" data-image-meta=\"{&quot;aperture&quot;:&quot;0&quot;,&quot;credit&quot;:&quot;&quot;,&quot;camera&quot;:&quot;&quot;,&quot;caption&quot;:&quot;&quot;,&quot;created_timestamp&quot;:&quot;0&quot;,&quot;copyright&quot;:&quot;&quot;,&quot;focal_length&quot;:&quot;0&quot;,&quot;iso&quot;:&quot;0&quot;,&quot;shutter_speed&quot;:&quot;0&quot;,&quot;title&quot;:&quot;&quot;,&quot;orientation&quot;:&quot;0&quot;}\" data-image-title=\"abogados\" data-image-description=\"\" data-image-caption=\"\" data-large-file=\"https:\/\/www.hoymercedes.com.ar\/principal\/wp-content\/uploads\/2023\/10\/abogados.jpg\" src=\"https:\/\/www.hoymercedes.com.ar\/principal\/wp-content\/uploads\/2023\/10\/abogados.jpg\" alt=\"\" class=\"wp-image-168421\" srcset=\"https:\/\/www.hoymercedes.com.ar\/principal\/wp-content\/uploads\/2023\/10\/abogados.jpg 800w, https:\/\/www.hoymercedes.com.ar\/principal\/wp-content\/uploads\/2023\/10\/abogados-630x446.jpg 630w, https:\/\/www.hoymercedes.com.ar\/principal\/wp-content\/uploads\/2023\/10\/abogados-150x106.jpg 150w, https:\/\/www.hoymercedes.com.ar\/principal\/wp-content\/uploads\/2023\/10\/abogados-120x85.jpg 120w\" sizes=\"auto, (max-width: 800px) 100vw, 800px\" \/><\/figure>\n","protected":false},"excerpt":{"rendered":"<p>Est\u00e1 en marcha el 38\u00b0 Sal\u00f3n de Pintura del Colegio de Abogados del Departamento Judicial de Mercedes. Por su parte, &#8230; <a title=\"Abogados confirma premios de Sal\u00f3n de Pinturas\" class=\"read-more\" href=\"https:\/\/www.hoymercedes.com.ar\/principal\/2023\/10\/17\/abogados-confirma-premios-de-salon-de-pinturas\/\" aria-label=\"Leer m\u00e1s sobre Abogados confirma premios de Sal\u00f3n de Pinturas\">Leer m\u00e1s<\/a><\/p>\n","protected":false},"author":1,"featured_media":168421,"comment_status":"closed","ping_status":"open","sticky":false,"template":"","format":"standard","meta":{"_monsterinsights_skip_tracking":false,"_monsterinsights_sitenote_active":false,"_monsterinsights_sitenote_note":"","_monsterinsights_sitenote_category":0,"jetpack_post_was_ever_published":false,"_jetpack_newsletter_access":"","_jetpack_dont_email_post_to_subs":false,"_jetpack_newsletter_tier_id":0,"_jetpack_memberships_contains_paywalled_content":false,"_jetpack_memberships_contains_paid_content":false,"footnotes":"","jetpack_publicize_message":"","jetpack_publicize_feature_enabled":true,"jetpack_social_post_already_shared":true,"jetpack_social_options":{"image_generator_settings":{"template":"highway","default_image_id":0,"font":"","enabled":false},"version":2},"_wpas_customize_per_network":false},"categories":[8],"tags":[],"class_list":["post-168414","post","type-post","status-publish","format-standard","has-post-thumbnail","hentry","category-sociedad","generate-columns","tablet-grid-50","mobile-grid-100","grid-parent","grid-50"],"jetpack_publicize_connections":[],"jetpack_featured_media_url":"https:\/\/www.hoymercedes.com.ar\/principal\/wp-content\/uploads\/2023\/10\/abogados.jpg","wps_subtitle":"","jetpack_sharing_enabled":true,"_links":{"self":[{"href":"https:\/\/www.hoymercedes.com.ar\/principal\/wp-json\/wp\/v2\/posts\/168414","targetHints":{"allow":["GET"]}}],"collection":[{"href":"https:\/\/www.hoymercedes.com.ar\/principal\/wp-json\/wp\/v2\/posts"}],"about":[{"href":"https:\/\/www.hoymercedes.com.ar\/principal\/wp-json\/wp\/v2\/types\/post"}],"author":[{"embeddable":true,"href":"https:\/\/www.hoymercedes.com.ar\/principal\/wp-json\/wp\/v2\/users\/1"}],"replies":[{"embeddable":true,"href":"https:\/\/www.hoymercedes.com.ar\/principal\/wp-json\/wp\/v2\/comments?post=168414"}],"version-history":[{"count":0,"href":"https:\/\/www.hoymercedes.com.ar\/principal\/wp-json\/wp\/v2\/posts\/168414\/revisions"}],"wp:featuredmedia":[{"embeddable":true,"href":"https:\/\/www.hoymercedes.com.ar\/principal\/wp-json\/wp\/v2\/media\/168421"}],"wp:attachment":[{"href":"https:\/\/www.hoymercedes.com.ar\/principal\/wp-json\/wp\/v2\/media?parent=168414"}],"wp:term":[{"taxonomy":"category","embeddable":true,"href":"https:\/\/www.hoymercedes.com.ar\/principal\/wp-json\/wp\/v2\/categories?post=168414"},{"taxonomy":"post_tag","embeddable":true,"href":"https:\/\/www.hoymercedes.com.ar\/principal\/wp-json\/wp\/v2\/tags?post=168414"}],"curies":[{"name":"wp","href":"https:\/\/api.w.org\/{rel}","templated":true}]}}