{"id":168478,"date":"2023-10-18T18:53:27","date_gmt":"2023-10-18T21:53:27","guid":{"rendered":"https:\/\/www.hoymercedes.com.ar\/principal\/?p=168478"},"modified":"2023-10-18T18:54:47","modified_gmt":"2023-10-18T21:54:47","slug":"los-amantes-del-blues-cierran-el-ano-con-botafogo","status":"publish","type":"post","link":"https:\/\/www.hoymercedes.com.ar\/principal\/2023\/10\/18\/los-amantes-del-blues-cierran-el-ano-con-botafogo\/","title":{"rendered":"Los amantes del blues cierran el a\u00f1o con Botafogo"},"content":{"rendered":"\n<p><strong><em>El viernes 20 de octubre Don Vilanova dar\u00e1 su show en el Teatro Argentino. El evento dar\u00e1 cierre al arduo trabajo concretado por la Comisi\u00f3n de Blues Mercedes durante el 2023.<\/em><\/strong><\/p>\n\n\n<div class=\"wp-block-image\">\n<figure class=\"aligncenter size-full is-resized\"><img loading=\"lazy\" decoding=\"async\" width=\"696\" height=\"392\" data-attachment-id=\"168479\" data-permalink=\"https:\/\/www.hoymercedes.com.ar\/principal\/2023\/10\/18\/los-amantes-del-blues-cierran-el-ano-con-botafogo\/image-8-10\/#main\" data-orig-file=\"https:\/\/www.hoymercedes.com.ar\/principal\/wp-content\/uploads\/2023\/10\/image-8.png\" data-orig-size=\"696,392\" data-comments-opened=\"0\" data-image-meta=\"{&quot;aperture&quot;:&quot;0&quot;,&quot;credit&quot;:&quot;&quot;,&quot;camera&quot;:&quot;&quot;,&quot;caption&quot;:&quot;&quot;,&quot;created_timestamp&quot;:&quot;0&quot;,&quot;copyright&quot;:&quot;&quot;,&quot;focal_length&quot;:&quot;0&quot;,&quot;iso&quot;:&quot;0&quot;,&quot;shutter_speed&quot;:&quot;0&quot;,&quot;title&quot;:&quot;&quot;,&quot;orientation&quot;:&quot;0&quot;}\" data-image-title=\"image-8\" data-image-description=\"\" data-image-caption=\"\" data-large-file=\"https:\/\/www.hoymercedes.com.ar\/principal\/wp-content\/uploads\/2023\/10\/image-8.png\" src=\"https:\/\/www.hoymercedes.com.ar\/principal\/wp-content\/uploads\/2023\/10\/image-8.png\" alt=\"\" class=\"wp-image-168479\" style=\"aspect-ratio:1.7755102040816326;width:696px;height:auto\" srcset=\"https:\/\/www.hoymercedes.com.ar\/principal\/wp-content\/uploads\/2023\/10\/image-8.png 696w, https:\/\/www.hoymercedes.com.ar\/principal\/wp-content\/uploads\/2023\/10\/image-8-630x355.png 630w, https:\/\/www.hoymercedes.com.ar\/principal\/wp-content\/uploads\/2023\/10\/image-8-150x84.png 150w\" sizes=\"auto, (max-width: 696px) 100vw, 696px\" \/><\/figure>\n<\/div>\n\n\n<p>El venidero viernes 20 de octubre llegar\u00e1 a Mercedes Miguel Botafogo, destacado guitarrista que cuenta con una amplia trayectoria musical, participando junto a grandes referentes del blues como por ejemplo Norberto \u201cPappo\u201d Napolitano, entre otros.<\/p>\n\n\n\n<p>Es ser\u00e1 la segunda vez que el reconocido m\u00fasico pasar\u00e1 por nuestra ciudad (lo hab\u00eda hecho a\u00f1os antes junto a su banda Durazno de Gala con la que grab\u00f3 varios discos), Don Vilanova dar\u00e1 su show en el Teatro Argentino y como parte de la gira de difusi\u00f3n de su \u00faltimo disco titulado \u201cHereje\u201d el cual se puede disfrutar en todas la plataformas digitales.<\/p>\n\n\n\n<p>Pero de fondo, esa noche tambi\u00e9n se trae entre manos el cierre de un exitoso ciclo llevado adelante por la\u00a0<a rel=\"noreferrer noopener\" href=\"https:\/\/www.instagram.com\/comisiondebluesmercedes\/\" target=\"_blank\">Comisi\u00f3n de Blues Mercedes<\/a>, quienes se encuentran ultimando los detalles para una nueva jornada a puro blues.<\/p>\n\n\n<div class=\"wp-block-image\">\n<figure class=\"aligncenter size-full\"><img loading=\"lazy\" decoding=\"async\" width=\"800\" height=\"533\" data-attachment-id=\"168480\" data-permalink=\"https:\/\/www.hoymercedes.com.ar\/principal\/2023\/10\/18\/los-amantes-del-blues-cierran-el-ano-con-botafogo\/blues-1-1-1536x1023\/#main\" data-orig-file=\"https:\/\/www.hoymercedes.com.ar\/principal\/wp-content\/uploads\/2023\/10\/Blues-1-1-1536x1023-1.jpg\" data-orig-size=\"800,533\" data-comments-opened=\"0\" data-image-meta=\"{&quot;aperture&quot;:&quot;0&quot;,&quot;credit&quot;:&quot;&quot;,&quot;camera&quot;:&quot;&quot;,&quot;caption&quot;:&quot;&quot;,&quot;created_timestamp&quot;:&quot;0&quot;,&quot;copyright&quot;:&quot;&quot;,&quot;focal_length&quot;:&quot;0&quot;,&quot;iso&quot;:&quot;0&quot;,&quot;shutter_speed&quot;:&quot;0&quot;,&quot;title&quot;:&quot;&quot;,&quot;orientation&quot;:&quot;0&quot;}\" data-image-title=\"Blues-1-1-1536&amp;#215;1023\" data-image-description=\"\" data-image-caption=\"\" data-large-file=\"https:\/\/www.hoymercedes.com.ar\/principal\/wp-content\/uploads\/2023\/10\/Blues-1-1-1536x1023-1.jpg\" src=\"https:\/\/www.hoymercedes.com.ar\/principal\/wp-content\/uploads\/2023\/10\/Blues-1-1-1536x1023-1.jpg\" alt=\"\" class=\"wp-image-168480\" srcset=\"https:\/\/www.hoymercedes.com.ar\/principal\/wp-content\/uploads\/2023\/10\/Blues-1-1-1536x1023-1.jpg 800w, https:\/\/www.hoymercedes.com.ar\/principal\/wp-content\/uploads\/2023\/10\/Blues-1-1-1536x1023-1-630x420.jpg 630w, https:\/\/www.hoymercedes.com.ar\/principal\/wp-content\/uploads\/2023\/10\/Blues-1-1-1536x1023-1-150x100.jpg 150w, https:\/\/www.hoymercedes.com.ar\/principal\/wp-content\/uploads\/2023\/10\/Blues-1-1-1536x1023-1-700x465.jpg 700w\" sizes=\"auto, (max-width: 800px) 100vw, 800px\" \/><\/figure>\n<\/div>\n\n\n<p>A lo largo del a\u00f1o, la Comisi\u00f3n de Blues Mercedes ha ido ganando fuerza entre el p\u00fablico local con varias presentaciones mensuales para dar a conocer este tradicional g\u00e9nero.<\/p>\n\n\n\n<p>Con solo cuatro a\u00f1os de trabajo y una pandemia en el medio, la Comisi\u00f3n de Blues busca expandir la m\u00fasica en la ciudad contando con una amplia organizaci\u00f3n de fondo para sumar alternativas musicales y de calidad.<\/p>\n\n\n\n<p>Luego de la pandemia, Gustavo Zoni (actual presidente de la Comisi\u00f3n de Blues) junto a Edgardo Gumareli, Ivana Bonino, \u201cPali\u201d Passaro, \u201cPato\u201d Mart\u00edn, Enzo Siboldi, Mart\u00edn Somoza, \u201cAle\u201d Dellavita (Salto) y Lucas Mitaratonda, buscaron darse a conocer empezando a lo grande.<\/p>\n\n\n\n<p>A finales de octubre del 2022, este grupo organiz\u00f3 la primera noche de blues en Mercedes la cual convoc\u00f3 a cientos de personas en la sala nueva del Teatro Argentino, cerrando la noche con el show de J.C. Smith.<\/p>\n\n\n\n<p>Recordado ese inicio, Gustavo Zoni mencion\u00f3 que \u201cla idea era hacer un ciclo y me ofrecen a J.C. Smith y dijimos \u00bfpor qu\u00e9 no? Era empezar con la vara muy alta porque no hab\u00edamos hecho base ni nada y la verdad que estuvo muy lindo. \u00c9l la rompi\u00f3 toda, hizo bailar a la gente, participar del espect\u00e1culo, y nosotros no lo pod\u00edamos creer que comenz\u00e1bamos de esa manera, viendo c\u00f3mo el p\u00fablico se divert\u00eda en el teatro\u201d.<\/p>\n\n\n\n<p>Tras el comienzo auspicioso con un artista de renombre, la Comisi\u00f3n comenz\u00f3 a diagramar el 2023 con mucho entusiasmo y a lo largo de los meses, se fueron organizando varias noches denominadas Blues Night en los galpones de La Trocha.<\/p>\n\n\n\n<p>En ese ciclo, pasaron bandas como Riqui Mu\u00f1oz, Jay Jay Troche &amp; Blues Friends,&nbsp; Lenguas Suburbanas, Hard Again Blues Band, Arlequines Blues, Viejo Paranoico y Max Hracek Blues Guitar Trio. Adem\u00e1s, se sum\u00f3 hace meses atr\u00e1s una noche de Rock and Roll en Mitus (22 entre 25 y 27) donde tuvo como frutilla del postre a La Quimera.<\/p>\n\n\n\n<p>\u201cLa idea era fomentar el blues en la ciudad. Nuestro objetivo es que la gente pueda ver en vivo este tipo de m\u00fasica tanto para aquellos que les gusta como para quienes quieran descubrirlo y a la vez instalar el blues Mercedes\u201d mencion\u00f3 Gustavo, respecto de los objetivos de la comisi\u00f3n. A esto, se le sum\u00f3 que cada banda tambi\u00e9n daba una presentaci\u00f3n en el Hotel Mercedes, el cual fue el escenario de varios shows del estilo.<\/p>\n\n\n\n<p>Haciendo un balance de lo vivido hasta el momento, Zoni coment\u00f3 que \u201ceste a\u00f1o nos fue muy bien con el acompa\u00f1amiento de la gente. Fue creciendo a medida que se iban abriendo nuevas fechas. En la primera noche la gente se fue acercando, en la segunda hubo un poco m\u00e1s y en la tercera que hicimos en la Trocha junto a Max Hracek explot\u00f3\u201d.<\/p>\n\n\n\n<p>Ahora, este 2023 tendr\u00e1 un cierre a la altura de aquel puntapi\u00e9 dado en el 2022 con un show a la altura del p\u00fablico y obviamente, a lo que la Comisi\u00f3n de Blues ya nos tiene acostumbrados.<\/p>\n\n\n<div class=\"wp-block-image\">\n<figure class=\"aligncenter size-full\"><img loading=\"lazy\" decoding=\"async\" width=\"798\" height=\"532\" data-attachment-id=\"168481\" data-permalink=\"https:\/\/www.hoymercedes.com.ar\/principal\/2023\/10\/18\/los-amantes-del-blues-cierran-el-ano-con-botafogo\/blues-2\/#main\" data-orig-file=\"https:\/\/www.hoymercedes.com.ar\/principal\/wp-content\/uploads\/2023\/10\/Blues-2.jpg\" data-orig-size=\"798,532\" data-comments-opened=\"0\" data-image-meta=\"{&quot;aperture&quot;:&quot;0&quot;,&quot;credit&quot;:&quot;&quot;,&quot;camera&quot;:&quot;&quot;,&quot;caption&quot;:&quot;&quot;,&quot;created_timestamp&quot;:&quot;0&quot;,&quot;copyright&quot;:&quot;&quot;,&quot;focal_length&quot;:&quot;0&quot;,&quot;iso&quot;:&quot;0&quot;,&quot;shutter_speed&quot;:&quot;0&quot;,&quot;title&quot;:&quot;&quot;,&quot;orientation&quot;:&quot;0&quot;}\" data-image-title=\"Blues-2\" data-image-description=\"\" data-image-caption=\"\" data-large-file=\"https:\/\/www.hoymercedes.com.ar\/principal\/wp-content\/uploads\/2023\/10\/Blues-2.jpg\" src=\"https:\/\/www.hoymercedes.com.ar\/principal\/wp-content\/uploads\/2023\/10\/Blues-2.jpg\" alt=\"\" class=\"wp-image-168481\" srcset=\"https:\/\/www.hoymercedes.com.ar\/principal\/wp-content\/uploads\/2023\/10\/Blues-2.jpg 798w, https:\/\/www.hoymercedes.com.ar\/principal\/wp-content\/uploads\/2023\/10\/Blues-2-630x420.jpg 630w, https:\/\/www.hoymercedes.com.ar\/principal\/wp-content\/uploads\/2023\/10\/Blues-2-150x100.jpg 150w\" sizes=\"auto, (max-width: 798px) 100vw, 798px\" \/><\/figure>\n<\/div>\n\n\n<p><strong>La \u00faltima noche<\/strong><\/p>\n\n\n\n<p>Ahora, como cierre estelar, la Comisi\u00f3n prepara una noche a puro blues con la prestaci\u00f3n de Don Vilanova, aunque este no ser\u00e1 el \u00fanico atractivo que se traen entre manos.<\/p>\n\n\n\n<p>\u201cEs el cierre del a\u00f1o y es todo un desaf\u00edo porque hay que gestionar el show, conseguir el lugar, armar todo esto no es f\u00e1cil y lleva mucho tiempo. Desde principio de a\u00f1o ya ven\u00edamos pensando con qui\u00e9n \u00edbamos a cerrar\u201d reconoci\u00f3 Gustavo, dando cuenta del trabajo llevado adelante.<\/p>\n\n\n\n<p>En ese sentido, la noche del 20 de octubre comenzar\u00e1 con \u201cBluseros Muertos\u201d, una banda oriunda de Chile, luego ser\u00e1 el turno de \u201cLa Quimera\u201d quienes ya tuvieron su paso por Mercedes en Mitus y el cierre estelar con Miguel Botafogo.<\/p>\n\n\n\n<p>No obstante, esta velada musical contar\u00e1 con otro atractivo, pensando en que el p\u00fablico pueda pasar una noche agradable en el Teatro Argentino.<\/p>\n\n\n\n<p>\u201cComo parte de la noche se va a hacer una cata de vino. Con la entrada te llevas un ticket de consumici\u00f3n para poder degustar una copa bajo la recomendaci\u00f3n de un sommelier que explicar\u00e1 el proceso y el maridaje. Va a ser medio interactivo y la idea es que se pueda disfrutar con la entrada y no recargar el valor\u201d agreg\u00f3 Gustavo, ampliando la variedad de la propuesta.<\/p>\n\n\n\n<p>Para finalizar, el presidente de la Comisi\u00f3n de Blues Mercedes expres\u00f3: \u201ccreemos que va a ser un lindo espect\u00e1culo y para nosotros ser\u00e1 el cierre de un ciclo. Hay una expectativa muy grande y esperamos que se agoten las entradas\u201d.<\/p>\n\n\n\n<p>Por delante, quedar\u00e1 todo el 2024 donde seguramente nos sorprender\u00e1n con otra cantidad de propuestas bluseras de calidad, buscando seguir subiendo la vara y convocando a los fan\u00e1ticos del blues.<\/p>\n\n\n\n<p><strong>\u00bfC\u00f3mo conseguir entradas?<\/strong><\/p>\n\n\n\n<p>Para el venidero 20 de octubre, las estradas tendr\u00e1n un valor de $5.000 de manera anticipada. El show dar\u00e1 inicio a partir de las 21 horas en la sala nueva del Teatro Argentino y se pueden conseguir a trav\u00e9s de los siguientes puntos de venta:<\/p>\n\n\n\n<p>PassLine; Boleter\u00eda del Teatro Argentino; Mitus sala de ensayo calle 22 entre 25 y 27; Radio King sala de ensayo en Pueblo Nuevo; Bar Vinilo en esquina 23 y 24. En las redes sociales de la Comisi\u00f3n de Blues Mercedes (Facebook e Instagram). O a los tel\u00e9fonos (2324) 491666, (2324) 467249 \u00f3 (2324) 684599<\/p>\n\n\n\n<p>Colaboraci\u00f3n Mariano Oyarz\u00fa<\/p>\n\n\n\n<p><\/p>\n","protected":false},"excerpt":{"rendered":"<p>El viernes 20 de octubre Don Vilanova dar\u00e1 su show en el Teatro Argentino. El evento dar\u00e1 cierre al arduo &#8230; <a title=\"Los amantes del blues cierran el a\u00f1o con Botafogo\" class=\"read-more\" href=\"https:\/\/www.hoymercedes.com.ar\/principal\/2023\/10\/18\/los-amantes-del-blues-cierran-el-ano-con-botafogo\/\" aria-label=\"Leer m\u00e1s sobre Los amantes del blues cierran el a\u00f1o con Botafogo\">Leer m\u00e1s<\/a><\/p>\n","protected":false},"author":1,"featured_media":168479,"comment_status":"closed","ping_status":"open","sticky":false,"template":"","format":"standard","meta":{"_monsterinsights_skip_tracking":false,"_monsterinsights_sitenote_active":false,"_monsterinsights_sitenote_note":"","_monsterinsights_sitenote_category":0,"jetpack_post_was_ever_published":false,"_jetpack_newsletter_access":"","_jetpack_dont_email_post_to_subs":false,"_jetpack_newsletter_tier_id":0,"_jetpack_memberships_contains_paywalled_content":false,"_jetpack_memberships_contains_paid_content":false,"footnotes":"","jetpack_publicize_message":"","jetpack_publicize_feature_enabled":true,"jetpack_social_post_already_shared":true,"jetpack_social_options":{"image_generator_settings":{"template":"highway","default_image_id":0,"font":"","enabled":false},"version":2},"_wpas_customize_per_network":false},"categories":[104],"tags":[7805],"class_list":["post-168478","post","type-post","status-publish","format-standard","has-post-thumbnail","hentry","category-cultura","tag-cultura","generate-columns","tablet-grid-50","mobile-grid-100","grid-parent","grid-50"],"jetpack_publicize_connections":[],"jetpack_featured_media_url":"https:\/\/www.hoymercedes.com.ar\/principal\/wp-content\/uploads\/2023\/10\/image-8.png","wps_subtitle":"","jetpack_sharing_enabled":true,"_links":{"self":[{"href":"https:\/\/www.hoymercedes.com.ar\/principal\/wp-json\/wp\/v2\/posts\/168478","targetHints":{"allow":["GET"]}}],"collection":[{"href":"https:\/\/www.hoymercedes.com.ar\/principal\/wp-json\/wp\/v2\/posts"}],"about":[{"href":"https:\/\/www.hoymercedes.com.ar\/principal\/wp-json\/wp\/v2\/types\/post"}],"author":[{"embeddable":true,"href":"https:\/\/www.hoymercedes.com.ar\/principal\/wp-json\/wp\/v2\/users\/1"}],"replies":[{"embeddable":true,"href":"https:\/\/www.hoymercedes.com.ar\/principal\/wp-json\/wp\/v2\/comments?post=168478"}],"version-history":[{"count":0,"href":"https:\/\/www.hoymercedes.com.ar\/principal\/wp-json\/wp\/v2\/posts\/168478\/revisions"}],"wp:featuredmedia":[{"embeddable":true,"href":"https:\/\/www.hoymercedes.com.ar\/principal\/wp-json\/wp\/v2\/media\/168479"}],"wp:attachment":[{"href":"https:\/\/www.hoymercedes.com.ar\/principal\/wp-json\/wp\/v2\/media?parent=168478"}],"wp:term":[{"taxonomy":"category","embeddable":true,"href":"https:\/\/www.hoymercedes.com.ar\/principal\/wp-json\/wp\/v2\/categories?post=168478"},{"taxonomy":"post_tag","embeddable":true,"href":"https:\/\/www.hoymercedes.com.ar\/principal\/wp-json\/wp\/v2\/tags?post=168478"}],"curies":[{"name":"wp","href":"https:\/\/api.w.org\/{rel}","templated":true}]}}