{"id":168561,"date":"2023-10-20T12:32:24","date_gmt":"2023-10-20T15:32:24","guid":{"rendered":"https:\/\/www.hoymercedes.com.ar\/principal\/?p=168561"},"modified":"2023-10-20T12:32:26","modified_gmt":"2023-10-20T15:32:26","slug":"subsidio-a-transporte-quienes-promueven-su-quita-no-se-dieron-de-baja","status":"publish","type":"post","link":"https:\/\/www.hoymercedes.com.ar\/principal\/2023\/10\/20\/subsidio-a-transporte-quienes-promueven-su-quita-no-se-dieron-de-baja\/","title":{"rendered":"Subsidio a transporte: quienes promueven su quita no se dieron de baja"},"content":{"rendered":"\n<p>Mucho se dijo, pero pocos finalmente lo hicieron. A nivel AMBA s\u00f3lo 133 personas renunciaron al subsidio del transporte. A pesar de ser una propuesta de Milei y su espacio pol\u00edtico sus votantes no hicieron el tr\u00e1mite para darse de baja, algo que ser\u00eda l\u00f3gico.<\/p>\n\n\n\n<p>El transporte p\u00fablico de pasajeros tiene un importante subsidio por parte del Estado como forma de apoyo indirecto a las econom\u00edas familiares.<\/p>\n\n\n\n<p>En caso de renunciar a los subsidios, el boleto m\u00ednimo de colectivo se ir\u00eda a $700 y el de tren a $1.100.<\/p>\n\n\n\n<p>Por ejemplo, en Mercedes, tendr\u00eda un fuert\u00edsimo impacto a quienes van en tren y en colectivo a Luj\u00e1n a la Universidad, golpeando fuertemente la econom\u00eda de las y los estudiantes. Tambi\u00e9n trabajadores y trabajadoras.<\/p>\n\n\n\n<p>Las y los interesados en darse de baja deber\u00e1n completar un formulario online que tendr\u00e1 car\u00e1cter de declaraci\u00f3n jurada y que est\u00e1 publicado en el sitio web oficial argentina.gob.ar\/sube<\/p>\n\n\n\n<p>La implementaci\u00f3n se har\u00e1 autom\u00e1tica desde el 27 de octubre, para quienes lo hayan solicitado.<\/p>\n","protected":false},"excerpt":{"rendered":"<p>Mucho se dijo, pero pocos finalmente lo hicieron. A nivel AMBA s\u00f3lo 133 personas renunciaron al subsidio del transporte. A &#8230; <a title=\"Subsidio a transporte: quienes promueven su quita no se dieron de baja\" class=\"read-more\" href=\"https:\/\/www.hoymercedes.com.ar\/principal\/2023\/10\/20\/subsidio-a-transporte-quienes-promueven-su-quita-no-se-dieron-de-baja\/\" aria-label=\"Leer m\u00e1s sobre Subsidio a transporte: quienes promueven su quita no se dieron de baja\">Leer m\u00e1s<\/a><\/p>\n","protected":false},"author":1,"featured_media":48654,"comment_status":"closed","ping_status":"open","sticky":false,"template":"","format":"standard","meta":{"_monsterinsights_skip_tracking":false,"_monsterinsights_sitenote_active":false,"_monsterinsights_sitenote_note":"","_monsterinsights_sitenote_category":0,"jetpack_post_was_ever_published":false,"_jetpack_newsletter_access":"","_jetpack_dont_email_post_to_subs":false,"_jetpack_newsletter_tier_id":0,"_jetpack_memberships_contains_paywalled_content":false,"_jetpack_memberships_contains_paid_content":false,"footnotes":"","jetpack_publicize_message":"","jetpack_publicize_feature_enabled":true,"jetpack_social_post_already_shared":true,"jetpack_social_options":{"image_generator_settings":{"template":"highway","default_image_id":0,"font":"","enabled":false},"version":2},"_wpas_customize_per_network":false},"categories":[8],"tags":[18861],"class_list":["post-168561","post","type-post","status-publish","format-standard","has-post-thumbnail","hentry","category-sociedad","tag-subsidio-al-transporte","generate-columns","tablet-grid-50","mobile-grid-100","grid-parent","grid-50"],"jetpack_publicize_connections":[],"jetpack_featured_media_url":"https:\/\/www.hoymercedes.com.ar\/principal\/wp-content\/uploads\/2016\/04\/Atl\u00e1ntida57-Mercedes.jpg","wps_subtitle":"Tramites ","jetpack_sharing_enabled":true,"_links":{"self":[{"href":"https:\/\/www.hoymercedes.com.ar\/principal\/wp-json\/wp\/v2\/posts\/168561","targetHints":{"allow":["GET"]}}],"collection":[{"href":"https:\/\/www.hoymercedes.com.ar\/principal\/wp-json\/wp\/v2\/posts"}],"about":[{"href":"https:\/\/www.hoymercedes.com.ar\/principal\/wp-json\/wp\/v2\/types\/post"}],"author":[{"embeddable":true,"href":"https:\/\/www.hoymercedes.com.ar\/principal\/wp-json\/wp\/v2\/users\/1"}],"replies":[{"embeddable":true,"href":"https:\/\/www.hoymercedes.com.ar\/principal\/wp-json\/wp\/v2\/comments?post=168561"}],"version-history":[{"count":0,"href":"https:\/\/www.hoymercedes.com.ar\/principal\/wp-json\/wp\/v2\/posts\/168561\/revisions"}],"wp:featuredmedia":[{"embeddable":true,"href":"https:\/\/www.hoymercedes.com.ar\/principal\/wp-json\/wp\/v2\/media\/48654"}],"wp:attachment":[{"href":"https:\/\/www.hoymercedes.com.ar\/principal\/wp-json\/wp\/v2\/media?parent=168561"}],"wp:term":[{"taxonomy":"category","embeddable":true,"href":"https:\/\/www.hoymercedes.com.ar\/principal\/wp-json\/wp\/v2\/categories?post=168561"},{"taxonomy":"post_tag","embeddable":true,"href":"https:\/\/www.hoymercedes.com.ar\/principal\/wp-json\/wp\/v2\/tags?post=168561"}],"curies":[{"name":"wp","href":"https:\/\/api.w.org\/{rel}","templated":true}]}}