{"id":168578,"date":"2023-10-21T01:24:24","date_gmt":"2023-10-21T04:24:24","guid":{"rendered":"https:\/\/www.hoymercedes.com.ar\/principal\/?p=168578"},"modified":"2023-10-21T01:24:27","modified_gmt":"2023-10-21T04:24:27","slug":"jornada-de-conscientizacion-sobre-el-cancer-de-mama","status":"publish","type":"post","link":"https:\/\/www.hoymercedes.com.ar\/principal\/2023\/10\/21\/jornada-de-conscientizacion-sobre-el-cancer-de-mama\/","title":{"rendered":"Jornada de conscientizaci\u00f3n sobre el c\u00e1ncer de mama"},"content":{"rendered":"\n<figure class=\"wp-block-image size-large\"><img loading=\"lazy\" decoding=\"async\" width=\"1024\" height=\"682\" data-attachment-id=\"168579\" data-permalink=\"https:\/\/www.hoymercedes.com.ar\/principal\/2023\/10\/21\/jornada-de-conscientizacion-sobre-el-cancer-de-mama\/dsc09814\/#main\" data-orig-file=\"https:\/\/www.hoymercedes.com.ar\/principal\/wp-content\/uploads\/2023\/10\/DSC09814.jpg\" data-orig-size=\"1319,879\" data-comments-opened=\"0\" data-image-meta=\"{&quot;aperture&quot;:&quot;0&quot;,&quot;credit&quot;:&quot;&quot;,&quot;camera&quot;:&quot;&quot;,&quot;caption&quot;:&quot;&quot;,&quot;created_timestamp&quot;:&quot;0&quot;,&quot;copyright&quot;:&quot;&quot;,&quot;focal_length&quot;:&quot;0&quot;,&quot;iso&quot;:&quot;0&quot;,&quot;shutter_speed&quot;:&quot;0&quot;,&quot;title&quot;:&quot;&quot;,&quot;orientation&quot;:&quot;0&quot;}\" data-image-title=\"Lucha contra el cancer de mama\" data-image-description=\"\" data-image-caption=\"&lt;p&gt;Lucha contra el cancer de mama&lt;\/p&gt;\n\" data-large-file=\"https:\/\/www.hoymercedes.com.ar\/principal\/wp-content\/uploads\/2023\/10\/DSC09814-1024x682.jpg\" src=\"https:\/\/www.hoymercedes.com.ar\/principal\/wp-content\/uploads\/2023\/10\/DSC09814-1024x682.jpg\" alt=\"Lucha contra el cancer de mama\" class=\"wp-image-168579\" srcset=\"https:\/\/www.hoymercedes.com.ar\/principal\/wp-content\/uploads\/2023\/10\/DSC09814-1024x682.jpg 1024w, https:\/\/www.hoymercedes.com.ar\/principal\/wp-content\/uploads\/2023\/10\/DSC09814-630x420.jpg 630w, https:\/\/www.hoymercedes.com.ar\/principal\/wp-content\/uploads\/2023\/10\/DSC09814-150x100.jpg 150w, https:\/\/www.hoymercedes.com.ar\/principal\/wp-content\/uploads\/2023\/10\/DSC09814-700x465.jpg 700w, https:\/\/www.hoymercedes.com.ar\/principal\/wp-content\/uploads\/2023\/10\/DSC09814.jpg 1319w\" sizes=\"auto, (max-width: 1024px) 100vw, 1024px\" \/><figcaption class=\"wp-element-caption\">Lucha contra el cancer de mama<\/figcaption><\/figure>\n\n\n\n<p>En el marco del D\u00eda Internacional de Lucha contra el C\u00e1ncer de Mama, el Municipio de Mercedes, a trav\u00e9s de sus \u00e1reas de salud y adultos mayores, La Liga Argentina de Lucha contra el C\u00e1ncer (LALCEC) y Mechas Solidarias, quienes trabajan de manera conjunta en la prevenci\u00f3n y atenci\u00f3n de esta enfermedad, se convocaron en la plaza San Mart\u00edn para brindar informaci\u00f3n y concientizar a la comunidad.&nbsp;<\/p>\n\n\n\n<p>Mariana San Mart\u00edn, directora de participaci\u00f3n ciudadana, manifest\u00f3 \u201csiempre trabajando con la comunidad, donde, cuando uno comparte esa labor y puede tomar determinaciones y escuchando a las diferentes instituciones y participantes de nuestra ciudad, hay menos margen de error y por eso es que hacemos esto en conjunto\u201d<\/p>\n\n\n\n<p>Dora de la comisi\u00f3n del LALCEC destac\u00f3 \u201cseguimos trabajando articuladamente en diferentes acciones, esta es una de ellas\u201d y apunt\u00f3 \u201cy aprovechar para dar informaci\u00f3n y charlar con la gente poniendo principal atenci\u00f3n en la detecci\u00f3n temprana de esta enfermedad, algo muy, pero muy importante\u201d.&nbsp;<\/p>\n\n\n\n<p>Por otro lado, remarc\u00f3 \u201cdesde LALCEC tenemos un convenio con Avon para realizar 150 mamograf\u00edas en forma gratuita, donde el grupo etario va de 40 a 65 a\u00f1os, sin cobertura social. Estos turnos se pueden pedir de manera telef\u00f3nica 431360 y el LALCEC est\u00e1 abierto los d\u00edas lunes de 17:30 a 19:30 y de martes a viernes 15:30 a 17:30\u201d.&nbsp;<\/p>\n\n\n\n<p>Por su parte, la subsecretaria de salud, Marianela Arenilla indic\u00f3 \u201cestamos apoyando esta acci\u00f3n que apunta a cuidarnos y a cuidarse. Desde la Secretar\u00eda de Salud estamos llevando todos los viernes a 15 pacientes, a hacerse las mamograf\u00edas de manera gratuita para poder hacerse los controles anuales\u201d.<\/p>\n\n\n\n<p>En este sentido, Arenilla inform\u00f3 \u201cquienes est\u00e9n interesadas, deben dirigirse a la Secretar\u00eda de Salud, de lunes a viernes de 08:00 a 14:00 y anotarse, siempre con la prescripci\u00f3n m\u00e9dica correspondiente\u201d.<\/p>\n\n\n\n<p>Victoria O\u00b4dell se\u00f1al\u00f3 \u201ces una jornada de concientizaci\u00f3n y trabajo en la prevenci\u00f3n de esta problem\u00e1tica que afecta a tantas mujeres. Por lo que es un orgullo participar de esta jornada\u201d.<\/p>\n\n\n\n<p>Sol P\u00e9rez, referente del proyecto Mechas Solidarias tambi\u00e9n presentes dijo \u201cest\u00e1 buen\u00edsimo para poder visualizar esta problem\u00e1tica y dar informaci\u00f3n, estando todos conectados, acompa\u00f1ando con mucho amor y solidaridad\u201d. &nbsp;<\/p>\n","protected":false},"excerpt":{"rendered":"<p>En el marco del D\u00eda Internacional de Lucha contra el C\u00e1ncer de Mama, el Municipio de Mercedes, a trav\u00e9s de &#8230; <a title=\"Jornada de conscientizaci\u00f3n sobre el c\u00e1ncer de mama\" class=\"read-more\" href=\"https:\/\/www.hoymercedes.com.ar\/principal\/2023\/10\/21\/jornada-de-conscientizacion-sobre-el-cancer-de-mama\/\" aria-label=\"Leer m\u00e1s sobre Jornada de conscientizaci\u00f3n sobre el c\u00e1ncer de mama\">Leer m\u00e1s<\/a><\/p>\n","protected":false},"author":1,"featured_media":168579,"comment_status":"closed","ping_status":"open","sticky":false,"template":"","format":"standard","meta":{"_monsterinsights_skip_tracking":false,"_monsterinsights_sitenote_active":false,"_monsterinsights_sitenote_note":"","_monsterinsights_sitenote_category":0,"jetpack_post_was_ever_published":false,"_jetpack_newsletter_access":"","_jetpack_dont_email_post_to_subs":false,"_jetpack_newsletter_tier_id":0,"_jetpack_memberships_contains_paywalled_content":false,"_jetpack_memberships_contains_paid_content":false,"footnotes":"","jetpack_publicize_message":"","jetpack_publicize_feature_enabled":true,"jetpack_social_post_already_shared":true,"jetpack_social_options":{"image_generator_settings":{"template":"highway","default_image_id":0,"font":"","enabled":false},"version":2},"_wpas_customize_per_network":false},"categories":[8],"tags":[1486],"class_list":["post-168578","post","type-post","status-publish","format-standard","has-post-thumbnail","hentry","category-sociedad","tag-cancer-de-mama","generate-columns","tablet-grid-50","mobile-grid-100","grid-parent","grid-50"],"jetpack_publicize_connections":[],"jetpack_featured_media_url":"https:\/\/www.hoymercedes.com.ar\/principal\/wp-content\/uploads\/2023\/10\/DSC09814.jpg","wps_subtitle":"","jetpack_sharing_enabled":true,"_links":{"self":[{"href":"https:\/\/www.hoymercedes.com.ar\/principal\/wp-json\/wp\/v2\/posts\/168578","targetHints":{"allow":["GET"]}}],"collection":[{"href":"https:\/\/www.hoymercedes.com.ar\/principal\/wp-json\/wp\/v2\/posts"}],"about":[{"href":"https:\/\/www.hoymercedes.com.ar\/principal\/wp-json\/wp\/v2\/types\/post"}],"author":[{"embeddable":true,"href":"https:\/\/www.hoymercedes.com.ar\/principal\/wp-json\/wp\/v2\/users\/1"}],"replies":[{"embeddable":true,"href":"https:\/\/www.hoymercedes.com.ar\/principal\/wp-json\/wp\/v2\/comments?post=168578"}],"version-history":[{"count":0,"href":"https:\/\/www.hoymercedes.com.ar\/principal\/wp-json\/wp\/v2\/posts\/168578\/revisions"}],"wp:featuredmedia":[{"embeddable":true,"href":"https:\/\/www.hoymercedes.com.ar\/principal\/wp-json\/wp\/v2\/media\/168579"}],"wp:attachment":[{"href":"https:\/\/www.hoymercedes.com.ar\/principal\/wp-json\/wp\/v2\/media?parent=168578"}],"wp:term":[{"taxonomy":"category","embeddable":true,"href":"https:\/\/www.hoymercedes.com.ar\/principal\/wp-json\/wp\/v2\/categories?post=168578"},{"taxonomy":"post_tag","embeddable":true,"href":"https:\/\/www.hoymercedes.com.ar\/principal\/wp-json\/wp\/v2\/tags?post=168578"}],"curies":[{"name":"wp","href":"https:\/\/api.w.org\/{rel}","templated":true}]}}