{"id":168584,"date":"2023-10-21T14:07:40","date_gmt":"2023-10-21T17:07:40","guid":{"rendered":"https:\/\/www.hoymercedes.com.ar\/principal\/?p=168584"},"modified":"2023-10-21T14:07:43","modified_gmt":"2023-10-21T17:07:43","slug":"registro-civil-estara-abierto-el-domingo","status":"publish","type":"post","link":"https:\/\/www.hoymercedes.com.ar\/principal\/2023\/10\/21\/registro-civil-estara-abierto-el-domingo\/","title":{"rendered":"Registro Civil estar\u00e1 abierto el domingo"},"content":{"rendered":"\n<p>Las y los vecinos que iniciaron tr\u00e1mites para renovar el DNI en el \u00faltimo tiempo y a\u00fan no lo retiraron o recibieron podr\u00e1n hacerlo durante la jornada del domingo.<\/p>\n\n\n\n<p>El Registro Civil, ubicado en avenida 29 entre 36 y 38, permanecer\u00e1 abierto para que las y los vecinos puedan retirar el documento nacional de identidad, utilizarlo en la jornada electoral y, claramente, en el resto de tr\u00e1mites cotidianos a los cuales se requiere.<\/p>\n","protected":false},"excerpt":{"rendered":"<p>Las y los vecinos que iniciaron tr\u00e1mites para renovar el DNI en el \u00faltimo tiempo y a\u00fan no lo retiraron &#8230; <a title=\"Registro Civil estar\u00e1 abierto el domingo\" class=\"read-more\" href=\"https:\/\/www.hoymercedes.com.ar\/principal\/2023\/10\/21\/registro-civil-estara-abierto-el-domingo\/\" aria-label=\"Leer m\u00e1s sobre Registro Civil estar\u00e1 abierto el domingo\">Leer m\u00e1s<\/a><\/p>\n","protected":false},"author":1,"featured_media":168585,"comment_status":"closed","ping_status":"open","sticky":false,"template":"","format":"standard","meta":{"_monsterinsights_skip_tracking":false,"_monsterinsights_sitenote_active":false,"_monsterinsights_sitenote_note":"","_monsterinsights_sitenote_category":0,"jetpack_post_was_ever_published":false,"_jetpack_newsletter_access":"","_jetpack_dont_email_post_to_subs":false,"_jetpack_newsletter_tier_id":0,"_jetpack_memberships_contains_paywalled_content":false,"_jetpack_memberships_contains_paid_content":false,"footnotes":"","jetpack_publicize_message":"","jetpack_publicize_feature_enabled":true,"jetpack_social_post_already_shared":true,"jetpack_social_options":{"image_generator_settings":{"template":"highway","default_image_id":0,"font":"","enabled":false},"version":2},"_wpas_customize_per_network":false},"categories":[8],"tags":[],"class_list":["post-168584","post","type-post","status-publish","format-standard","has-post-thumbnail","hentry","category-sociedad","generate-columns","tablet-grid-50","mobile-grid-100","grid-parent","grid-50"],"jetpack_publicize_connections":[],"jetpack_featured_media_url":"https:\/\/www.hoymercedes.com.ar\/principal\/wp-content\/uploads\/2023\/10\/RegistroCivil.Mercedes.jpg","wps_subtitle":"Tr\u00e1mites ","jetpack_sharing_enabled":true,"_links":{"self":[{"href":"https:\/\/www.hoymercedes.com.ar\/principal\/wp-json\/wp\/v2\/posts\/168584","targetHints":{"allow":["GET"]}}],"collection":[{"href":"https:\/\/www.hoymercedes.com.ar\/principal\/wp-json\/wp\/v2\/posts"}],"about":[{"href":"https:\/\/www.hoymercedes.com.ar\/principal\/wp-json\/wp\/v2\/types\/post"}],"author":[{"embeddable":true,"href":"https:\/\/www.hoymercedes.com.ar\/principal\/wp-json\/wp\/v2\/users\/1"}],"replies":[{"embeddable":true,"href":"https:\/\/www.hoymercedes.com.ar\/principal\/wp-json\/wp\/v2\/comments?post=168584"}],"version-history":[{"count":0,"href":"https:\/\/www.hoymercedes.com.ar\/principal\/wp-json\/wp\/v2\/posts\/168584\/revisions"}],"wp:featuredmedia":[{"embeddable":true,"href":"https:\/\/www.hoymercedes.com.ar\/principal\/wp-json\/wp\/v2\/media\/168585"}],"wp:attachment":[{"href":"https:\/\/www.hoymercedes.com.ar\/principal\/wp-json\/wp\/v2\/media?parent=168584"}],"wp:term":[{"taxonomy":"category","embeddable":true,"href":"https:\/\/www.hoymercedes.com.ar\/principal\/wp-json\/wp\/v2\/categories?post=168584"},{"taxonomy":"post_tag","embeddable":true,"href":"https:\/\/www.hoymercedes.com.ar\/principal\/wp-json\/wp\/v2\/tags?post=168584"}],"curies":[{"name":"wp","href":"https:\/\/api.w.org\/{rel}","templated":true}]}}