{"id":168617,"date":"2023-10-22T13:33:41","date_gmt":"2023-10-22T16:33:41","guid":{"rendered":"https:\/\/www.hoymercedes.com.ar\/principal\/?p=168617"},"modified":"2023-10-22T13:33:43","modified_gmt":"2023-10-22T16:33:43","slug":"inzaurgarat-destaco-los-40-anos-de-democracia","status":"publish","type":"post","link":"https:\/\/www.hoymercedes.com.ar\/principal\/2023\/10\/22\/inzaurgarat-destaco-los-40-anos-de-democracia\/","title":{"rendered":"Inzaurgarat destac\u00f3 los 40 a\u00f1os de democracia"},"content":{"rendered":"\n<figure class=\"wp-block-image size-large\"><img loading=\"lazy\" decoding=\"async\" width=\"1024\" height=\"878\" data-attachment-id=\"168618\" data-permalink=\"https:\/\/www.hoymercedes.com.ar\/principal\/2023\/10\/22\/inzaurgarat-destaco-los-40-anos-de-democracia\/julianinsaurgarat\/#main\" data-orig-file=\"https:\/\/www.hoymercedes.com.ar\/principal\/wp-content\/uploads\/2023\/10\/JulianInsaurgarat.jpg\" data-orig-size=\"1201,1030\" data-comments-opened=\"0\" data-image-meta=\"{&quot;aperture&quot;:&quot;0&quot;,&quot;credit&quot;:&quot;&quot;,&quot;camera&quot;:&quot;&quot;,&quot;caption&quot;:&quot;&quot;,&quot;created_timestamp&quot;:&quot;0&quot;,&quot;copyright&quot;:&quot;&quot;,&quot;focal_length&quot;:&quot;0&quot;,&quot;iso&quot;:&quot;0&quot;,&quot;shutter_speed&quot;:&quot;0&quot;,&quot;title&quot;:&quot;&quot;,&quot;orientation&quot;:&quot;0&quot;}\" data-image-title=\"JulianInsaurgarat\" data-image-description=\"\" data-image-caption=\"\" data-large-file=\"https:\/\/www.hoymercedes.com.ar\/principal\/wp-content\/uploads\/2023\/10\/JulianInsaurgarat-1024x878.jpg\" src=\"https:\/\/www.hoymercedes.com.ar\/principal\/wp-content\/uploads\/2023\/10\/JulianInsaurgarat-1024x878.jpg\" alt=\"\" class=\"wp-image-168618\" srcset=\"https:\/\/www.hoymercedes.com.ar\/principal\/wp-content\/uploads\/2023\/10\/JulianInsaurgarat-1024x878.jpg 1024w, https:\/\/www.hoymercedes.com.ar\/principal\/wp-content\/uploads\/2023\/10\/JulianInsaurgarat-630x540.jpg 630w, https:\/\/www.hoymercedes.com.ar\/principal\/wp-content\/uploads\/2023\/10\/JulianInsaurgarat-150x129.jpg 150w, https:\/\/www.hoymercedes.com.ar\/principal\/wp-content\/uploads\/2023\/10\/JulianInsaurgarat.jpg 1201w\" sizes=\"auto, (max-width: 1024px) 100vw, 1024px\" \/><\/figure>\n\n\n\n<p>El concejal <strong>Juli\u00e1n Inzaurgarat<\/strong> emiti\u00f3 su voto en la Escuela T\u00e9cnica N 2 de Gowland y destac\u00f3 el compromiso con la Democracia \u00aben estos momentos que algunos la ponen en duda o la critican, luego de 40 a\u00f1os ganados en derechos\u00bb.<\/p>\n\n\n\n<p><br>El actual concejal y candidato en segundo lugar en la lista que encabeza el intendente Juan Ustarroz tambi\u00e9n agradeci\u00f3 el apoyo que recibe diariamente en Agote, Gowland y la zona. \u00abEn esta campa\u00f1a estuvimos todos los d\u00edas en contacto con los vecinos, c\u00f3mo lo hacemos todos los d\u00edas del a\u00f1o y eso nos lo reconocen. Todo el cari\u00f1o que me demuestran es muy importante para m\u00ed y les agradezco que me den la posibilidad de representarlos\u00bb, dijo Inzaurgarat.<\/p>\n\n\n\n<p><\/p>\n","protected":false},"excerpt":{"rendered":"<p>El concejal Juli\u00e1n Inzaurgarat emiti\u00f3 su voto en la Escuela T\u00e9cnica N 2 de Gowland y destac\u00f3 el compromiso con &#8230; <a title=\"Inzaurgarat destac\u00f3 los 40 a\u00f1os de democracia\" class=\"read-more\" href=\"https:\/\/www.hoymercedes.com.ar\/principal\/2023\/10\/22\/inzaurgarat-destaco-los-40-anos-de-democracia\/\" aria-label=\"Leer m\u00e1s sobre Inzaurgarat destac\u00f3 los 40 a\u00f1os de democracia\">Leer m\u00e1s<\/a><\/p>\n","protected":false},"author":1,"featured_media":168618,"comment_status":"closed","ping_status":"open","sticky":false,"template":"","format":"standard","meta":{"_monsterinsights_skip_tracking":false,"_monsterinsights_sitenote_active":false,"_monsterinsights_sitenote_note":"","_monsterinsights_sitenote_category":0,"jetpack_post_was_ever_published":false,"_jetpack_newsletter_access":"","_jetpack_dont_email_post_to_subs":false,"_jetpack_newsletter_tier_id":0,"_jetpack_memberships_contains_paywalled_content":false,"_jetpack_memberships_contains_paid_content":false,"footnotes":"","jetpack_publicize_message":"","jetpack_publicize_feature_enabled":true,"jetpack_social_post_already_shared":true,"jetpack_social_options":{"image_generator_settings":{"template":"highway","default_image_id":0,"font":"","enabled":false},"version":2},"_wpas_customize_per_network":false},"categories":[85],"tags":[18567],"class_list":["post-168617","post","type-post","status-publish","format-standard","has-post-thumbnail","hentry","category-policial","tag-elecciones-2023","generate-columns","tablet-grid-50","mobile-grid-100","grid-parent","grid-50"],"jetpack_publicize_connections":[],"jetpack_featured_media_url":"https:\/\/www.hoymercedes.com.ar\/principal\/wp-content\/uploads\/2023\/10\/JulianInsaurgarat.jpg","wps_subtitle":"Elecciones 2023","jetpack_sharing_enabled":true,"_links":{"self":[{"href":"https:\/\/www.hoymercedes.com.ar\/principal\/wp-json\/wp\/v2\/posts\/168617","targetHints":{"allow":["GET"]}}],"collection":[{"href":"https:\/\/www.hoymercedes.com.ar\/principal\/wp-json\/wp\/v2\/posts"}],"about":[{"href":"https:\/\/www.hoymercedes.com.ar\/principal\/wp-json\/wp\/v2\/types\/post"}],"author":[{"embeddable":true,"href":"https:\/\/www.hoymercedes.com.ar\/principal\/wp-json\/wp\/v2\/users\/1"}],"replies":[{"embeddable":true,"href":"https:\/\/www.hoymercedes.com.ar\/principal\/wp-json\/wp\/v2\/comments?post=168617"}],"version-history":[{"count":0,"href":"https:\/\/www.hoymercedes.com.ar\/principal\/wp-json\/wp\/v2\/posts\/168617\/revisions"}],"wp:featuredmedia":[{"embeddable":true,"href":"https:\/\/www.hoymercedes.com.ar\/principal\/wp-json\/wp\/v2\/media\/168618"}],"wp:attachment":[{"href":"https:\/\/www.hoymercedes.com.ar\/principal\/wp-json\/wp\/v2\/media?parent=168617"}],"wp:term":[{"taxonomy":"category","embeddable":true,"href":"https:\/\/www.hoymercedes.com.ar\/principal\/wp-json\/wp\/v2\/categories?post=168617"},{"taxonomy":"post_tag","embeddable":true,"href":"https:\/\/www.hoymercedes.com.ar\/principal\/wp-json\/wp\/v2\/tags?post=168617"}],"curies":[{"name":"wp","href":"https:\/\/api.w.org\/{rel}","templated":true}]}}