{"id":168693,"date":"2023-10-22T23:55:25","date_gmt":"2023-10-23T02:55:25","guid":{"rendered":"https:\/\/www.hoymercedes.com.ar\/principal\/?p=168693"},"modified":"2023-10-22T23:55:30","modified_gmt":"2023-10-23T02:55:30","slug":"mancini-gano-en-suipacha-y-desterro-a-juntos","status":"publish","type":"post","link":"https:\/\/www.hoymercedes.com.ar\/principal\/2023\/10\/22\/mancini-gano-en-suipacha-y-desterro-a-juntos\/","title":{"rendered":"Mancini gan\u00f3 en Suipacha y desterr\u00f3 a Juntos"},"content":{"rendered":"\n<figure class=\"wp-block-image size-large\"><img loading=\"lazy\" decoding=\"async\" width=\"1024\" height=\"769\" data-attachment-id=\"168694\" data-permalink=\"https:\/\/www.hoymercedes.com.ar\/principal\/2023\/10\/22\/mancini-gano-en-suipacha-y-desterro-a-juntos\/whatsapp-image-2023-10-22-at-23-50-12\/#main\" data-orig-file=\"https:\/\/www.hoymercedes.com.ar\/principal\/wp-content\/uploads\/2023\/10\/WhatsApp-Image-2023-10-22-at-23.50.12.jpeg\" data-orig-size=\"1156,868\" data-comments-opened=\"0\" data-image-meta=\"{&quot;aperture&quot;:&quot;0&quot;,&quot;credit&quot;:&quot;&quot;,&quot;camera&quot;:&quot;&quot;,&quot;caption&quot;:&quot;&quot;,&quot;created_timestamp&quot;:&quot;0&quot;,&quot;copyright&quot;:&quot;&quot;,&quot;focal_length&quot;:&quot;0&quot;,&quot;iso&quot;:&quot;0&quot;,&quot;shutter_speed&quot;:&quot;0&quot;,&quot;title&quot;:&quot;&quot;,&quot;orientation&quot;:&quot;0&quot;}\" data-image-title=\"Jos\u00e9 Lu\u00eds Mancini\" data-image-description=\"&lt;p&gt;Jos\u00e9 Lu\u00eds Mancini&lt;\/p&gt;\n\" data-image-caption=\"\" data-large-file=\"https:\/\/www.hoymercedes.com.ar\/principal\/wp-content\/uploads\/2023\/10\/WhatsApp-Image-2023-10-22-at-23.50.12-1024x769.jpeg\" src=\"https:\/\/www.hoymercedes.com.ar\/principal\/wp-content\/uploads\/2023\/10\/WhatsApp-Image-2023-10-22-at-23.50.12-1024x769.jpeg\" alt=\"Jos\u00e9 Lu\u00eds Mancini - Suipacha\" class=\"wp-image-168694\" srcset=\"https:\/\/www.hoymercedes.com.ar\/principal\/wp-content\/uploads\/2023\/10\/WhatsApp-Image-2023-10-22-at-23.50.12-1024x769.jpeg 1024w, https:\/\/www.hoymercedes.com.ar\/principal\/wp-content\/uploads\/2023\/10\/WhatsApp-Image-2023-10-22-at-23.50.12-630x473.jpeg 630w, https:\/\/www.hoymercedes.com.ar\/principal\/wp-content\/uploads\/2023\/10\/WhatsApp-Image-2023-10-22-at-23.50.12-150x113.jpeg 150w, https:\/\/www.hoymercedes.com.ar\/principal\/wp-content\/uploads\/2023\/10\/WhatsApp-Image-2023-10-22-at-23.50.12.jpeg 1156w\" sizes=\"auto, (max-width: 1024px) 100vw, 1024px\" \/><\/figure>\n\n\n\n<p>El candidato de Uni\u00f3n por la Patria logr\u00f3 el apoyo popular con casi el 48 % de los votos y desde el 10 de diciembre ser\u00e1 el primer mandatario de Suipacha.<\/p>\n\n\n\n<p><br>Mancini se consagr\u00f3 intendente este domingo y de esa manera el peronismo recupera un distrito que fue gobernado por Cambiemos o Juntos por el Cambio por ocho a\u00f1os.<\/p>\n\n\n\n<p><br>En las treinta mesas donde sufragaron los y las suipachenses, Mancini obtuvo una ventaja de 403 votos, lo que significa el 48 por ciento de los sufragios.<br><\/p>\n\n\n\n<p>La gente se congreg\u00f3 temprano en la casa del partido y festej\u00f3 de gran manera con una caravana hacia la plaza principal. Mancini se dirigi\u00f3 a los presentes y habl\u00f3 de su futuro en la intendencia. \u201cVamos a ofrecer humildad y sacrificio para que Suipacha prospere hacia el futuro en unidad, sin grietas\u201d, dijo ante una multitud.<\/p>\n","protected":false},"excerpt":{"rendered":"<p>El candidato de Uni\u00f3n por la Patria logr\u00f3 el apoyo popular con casi el 48 % de los votos y &#8230; <a title=\"Mancini gan\u00f3 en Suipacha y desterr\u00f3 a Juntos\" class=\"read-more\" href=\"https:\/\/www.hoymercedes.com.ar\/principal\/2023\/10\/22\/mancini-gano-en-suipacha-y-desterro-a-juntos\/\" aria-label=\"Leer m\u00e1s sobre Mancini gan\u00f3 en Suipacha y desterr\u00f3 a Juntos\">Leer m\u00e1s<\/a><\/p>\n","protected":false},"author":1,"featured_media":168694,"comment_status":"closed","ping_status":"open","sticky":false,"template":"","format":"standard","meta":{"_monsterinsights_skip_tracking":false,"_monsterinsights_sitenote_active":false,"_monsterinsights_sitenote_note":"","_monsterinsights_sitenote_category":0,"jetpack_post_was_ever_published":false,"_jetpack_newsletter_access":"","_jetpack_dont_email_post_to_subs":false,"_jetpack_newsletter_tier_id":0,"_jetpack_memberships_contains_paywalled_content":false,"_jetpack_memberships_contains_paid_content":false,"footnotes":"","jetpack_publicize_message":"","jetpack_publicize_feature_enabled":true,"jetpack_social_post_already_shared":true,"jetpack_social_options":{"image_generator_settings":{"template":"highway","default_image_id":0,"font":"","enabled":false},"version":2},"_wpas_customize_per_network":false},"categories":[8],"tags":[],"class_list":["post-168693","post","type-post","status-publish","format-standard","has-post-thumbnail","hentry","category-sociedad","generate-columns","tablet-grid-50","mobile-grid-100","grid-parent","grid-50"],"jetpack_publicize_connections":[],"jetpack_featured_media_url":"https:\/\/www.hoymercedes.com.ar\/principal\/wp-content\/uploads\/2023\/10\/WhatsApp-Image-2023-10-22-at-23.50.12.jpeg","wps_subtitle":"Elecciones 2023 ","jetpack_sharing_enabled":true,"_links":{"self":[{"href":"https:\/\/www.hoymercedes.com.ar\/principal\/wp-json\/wp\/v2\/posts\/168693","targetHints":{"allow":["GET"]}}],"collection":[{"href":"https:\/\/www.hoymercedes.com.ar\/principal\/wp-json\/wp\/v2\/posts"}],"about":[{"href":"https:\/\/www.hoymercedes.com.ar\/principal\/wp-json\/wp\/v2\/types\/post"}],"author":[{"embeddable":true,"href":"https:\/\/www.hoymercedes.com.ar\/principal\/wp-json\/wp\/v2\/users\/1"}],"replies":[{"embeddable":true,"href":"https:\/\/www.hoymercedes.com.ar\/principal\/wp-json\/wp\/v2\/comments?post=168693"}],"version-history":[{"count":0,"href":"https:\/\/www.hoymercedes.com.ar\/principal\/wp-json\/wp\/v2\/posts\/168693\/revisions"}],"wp:featuredmedia":[{"embeddable":true,"href":"https:\/\/www.hoymercedes.com.ar\/principal\/wp-json\/wp\/v2\/media\/168694"}],"wp:attachment":[{"href":"https:\/\/www.hoymercedes.com.ar\/principal\/wp-json\/wp\/v2\/media?parent=168693"}],"wp:term":[{"taxonomy":"category","embeddable":true,"href":"https:\/\/www.hoymercedes.com.ar\/principal\/wp-json\/wp\/v2\/categories?post=168693"},{"taxonomy":"post_tag","embeddable":true,"href":"https:\/\/www.hoymercedes.com.ar\/principal\/wp-json\/wp\/v2\/tags?post=168693"}],"curies":[{"name":"wp","href":"https:\/\/api.w.org\/{rel}","templated":true}]}}