{"id":168727,"date":"2023-10-23T22:27:48","date_gmt":"2023-10-24T01:27:48","guid":{"rendered":"https:\/\/www.hoymercedes.com.ar\/principal\/?p=168727"},"modified":"2023-10-23T22:30:07","modified_gmt":"2023-10-24T01:30:07","slug":"como-sera-la-nueva-composicion-del-concejo-deliberante","status":"publish","type":"post","link":"https:\/\/www.hoymercedes.com.ar\/principal\/2023\/10\/23\/como-sera-la-nueva-composicion-del-concejo-deliberante\/","title":{"rendered":"C\u00f3mo ser\u00e1 la nueva composici\u00f3n del Concejo Deliberante"},"content":{"rendered":"\n<p><\/p>\n\n\n\n<p>Tras la gran elecci\u00f3n de Uni\u00f3n por la Patria se modifica la composici\u00f3n del Concejo Deliberante. Se achica Juntos y se suma Libertad Avanza.<\/p>\n\n\n\n<p>Desde el 10 de diciembre el oficialismo tendr\u00e1 mayor tranquilidad para el tratamiento de los temas de inter\u00e9s. Contar\u00e1 con misma cantidad de representantes, pero recupera la presidencia y la oposici\u00f3n se ve quebrada en dos sectores diferentes.<\/p>\n\n\n\n<p><strong>Ingresan por Uni\u00f3n por la Patria<\/strong><\/p>\n\n\n\n<ol class=\"wp-block-list\" type=\"1\">\n<li>Mariana San Mart\u00edn<\/li>\n\n\n\n<li>Juli\u00e1n Insaurgarat<\/li>\n\n\n\n<li>Andrea Bozzini<\/li>\n\n\n\n<li>Diego Gerdo<\/li>\n\n\n\n<li>Lucila Villoslada<\/li>\n<\/ol>\n\n\n\n<p><strong>Ingresan por Por Juntos<\/strong><\/p>\n\n\n\n<ol class=\"wp-block-list\" type=\"1\">\n<li>Daniel Ivaldis<\/li>\n\n\n\n<li>Aida Laporta<\/li>\n<\/ol>\n\n\n\n<p><strong>Ingresan por Libertad Avanza<\/strong><\/p>\n\n\n\n<ol class=\"wp-block-list\" type=\"1\">\n<li>Mauricio Pollacchi<\/li>\n\n\n\n<li>Silvia Di Leo<\/li>\n<\/ol>\n\n\n\n<p>De esa manera queda conformada la nueva incorporaci\u00f3n de 9 ediles.<\/p>\n\n\n\n<p><strong>Los que quedan:<\/strong><\/p>\n\n\n\n<p><strong>Uni\u00f3n por la Patria<\/strong><\/p>\n\n\n\n<ol class=\"wp-block-list\" type=\"1\">\n<li>Fernando Masson<\/li>\n\n\n\n<li>Silvia Ju\u00e1rez<\/li>\n\n\n\n<li>Ramiro Piccone<\/li>\n\n\n\n<li>Florencia Comalini<\/li>\n<\/ol>\n\n\n\n<p><strong>Por Juntos<\/strong><\/p>\n\n\n\n<ol class=\"wp-block-list\" type=\"1\">\n<li>Evangelina Cabral<\/li>\n\n\n\n<li>Mart\u00edn Bossi<\/li>\n\n\n\n<li>D\u00e9bora Lacasa<\/li>\n\n\n\n<li>Gustavo Mangoni<\/li>\n\n\n\n<li>Marcela Munarriz<\/li>\n<\/ol>\n\n\n\n<p><strong>Los que finalizan mandato<\/strong><\/p>\n\n\n\n<p><strong>Uni\u00f3n por la Patria<\/strong><\/p>\n\n\n\n<ol class=\"wp-block-list\" type=\"1\">\n<li>Mat\u00edas Dematei<\/li>\n\n\n\n<li>Andrea Bozzini (Renov\u00f3 en 2023)<\/li>\n\n\n\n<li>Carlos Garro<\/li>\n\n\n\n<li>Juli\u00e1n Insaurgarat (Renov\u00f3 en 2023)<\/li>\n\n\n\n<li>Aldana Ch\u00e1vez<\/li>\n<\/ol>\n\n\n\n<p><strong>Por Juntos<\/strong><\/p>\n\n\n\n<ol class=\"wp-block-list\" type=\"1\">\n<li>Claudia Fraile<\/li>\n\n\n\n<li>Edgar Killmeate<\/li>\n\n\n\n<li>Nora Ortubia<\/li>\n\n\n\n<li>Carlos Mosso<\/li>\n<\/ol>\n\n\n\n<p>Finalmente, tras los cambios, el concejo queda de la siguiente manera desde el 10 de diciembre de 2023.<\/p>\n\n\n\n<p>Uni\u00f3n por la Patria<\/p>\n\n\n\n<ol class=\"wp-block-list\" type=\"1\">\n<li>Mariana San Mart\u00edn<\/li>\n\n\n\n<li>Juli\u00e1n Insaurgarat<\/li>\n\n\n\n<li>Andrea Bozzini<\/li>\n\n\n\n<li>Diego Gerdo<\/li>\n\n\n\n<li>Lucila Villoslada<\/li>\n\n\n\n<li>Fernando Mass\u00f3n<\/li>\n\n\n\n<li>Silvia Ju\u00e1rez<\/li>\n\n\n\n<li>Florencia Comalini<\/li>\n\n\n\n<li>Ramiro Picone<\/li>\n<\/ol>\n\n\n\n<p><strong>Juntos<\/strong><\/p>\n\n\n\n<ol class=\"wp-block-list\" type=\"1\">\n<li>Evangelina Cabral<\/li>\n\n\n\n<li>Mart\u00edn Bossi<\/li>\n\n\n\n<li>D\u00e9bora Lacasa<\/li>\n\n\n\n<li>Gustavo Mangoni<\/li>\n\n\n\n<li>Marcela Munarriz<\/li>\n\n\n\n<li>Pety Laporta<\/li>\n\n\n\n<li>Daniel Ivaldis<\/li>\n<\/ol>\n\n\n\n<p><strong>Libertad Avanza<\/strong><\/p>\n\n\n\n<ol class=\"wp-block-list\" type=\"1\">\n<li>Mauricio Pollacchi<\/li>\n\n\n\n<li>Silvia Di Leo<\/li>\n<\/ol>\n\n\n\n<p>La presidencia, se presume, ser\u00e1 trasladada de Juntos, derrotados en esta elecci\u00f3n, a manos de Uni\u00f3n por la Patria, vencedores de la elecci\u00f3n, como es habitual en la historia del Concejo Deliberante.<\/p>\n\n\n\n<figure class=\"wp-block-image size-large is-resized\"><img loading=\"lazy\" decoding=\"async\" width=\"697\" height=\"1024\" data-attachment-id=\"168739\" data-permalink=\"https:\/\/www.hoymercedes.com.ar\/principal\/2023\/10\/23\/como-sera-la-nueva-composicion-del-concejo-deliberante\/comoquedahcd2023\/#main\" data-orig-file=\"https:\/\/www.hoymercedes.com.ar\/principal\/wp-content\/uploads\/2023\/10\/ComoQuedaHCD2023.jpg\" data-orig-size=\"1080,1587\" data-comments-opened=\"0\" data-image-meta=\"{&quot;aperture&quot;:&quot;0&quot;,&quot;credit&quot;:&quot;&quot;,&quot;camera&quot;:&quot;&quot;,&quot;caption&quot;:&quot;&quot;,&quot;created_timestamp&quot;:&quot;0&quot;,&quot;copyright&quot;:&quot;&quot;,&quot;focal_length&quot;:&quot;0&quot;,&quot;iso&quot;:&quot;0&quot;,&quot;shutter_speed&quot;:&quot;0&quot;,&quot;title&quot;:&quot;&quot;,&quot;orientation&quot;:&quot;0&quot;}\" data-image-title=\"ComoQuedaHCD2023\" data-image-description=\"\" data-image-caption=\"\" data-large-file=\"https:\/\/www.hoymercedes.com.ar\/principal\/wp-content\/uploads\/2023\/10\/ComoQuedaHCD2023-697x1024.jpg\" src=\"https:\/\/www.hoymercedes.com.ar\/principal\/wp-content\/uploads\/2023\/10\/ComoQuedaHCD2023-697x1024.jpg\" alt=\"\" class=\"wp-image-168739\" style=\"aspect-ratio:0.6806640625;width:958px;height:auto\" srcset=\"https:\/\/www.hoymercedes.com.ar\/principal\/wp-content\/uploads\/2023\/10\/ComoQuedaHCD2023-697x1024.jpg 697w, https:\/\/www.hoymercedes.com.ar\/principal\/wp-content\/uploads\/2023\/10\/ComoQuedaHCD2023-422x620.jpg 422w, https:\/\/www.hoymercedes.com.ar\/principal\/wp-content\/uploads\/2023\/10\/ComoQuedaHCD2023-102x150.jpg 102w, https:\/\/www.hoymercedes.com.ar\/principal\/wp-content\/uploads\/2023\/10\/ComoQuedaHCD2023-1045x1536.jpg 1045w, https:\/\/www.hoymercedes.com.ar\/principal\/wp-content\/uploads\/2023\/10\/ComoQuedaHCD2023.jpg 1080w\" sizes=\"auto, (max-width: 697px) 100vw, 697px\" \/><\/figure>\n","protected":false},"excerpt":{"rendered":"<p>Tras la gran elecci\u00f3n de Uni\u00f3n por la Patria se modifica la composici\u00f3n del Concejo Deliberante. Se achica Juntos y &#8230; <a title=\"C\u00f3mo ser\u00e1 la nueva composici\u00f3n del Concejo Deliberante\" class=\"read-more\" href=\"https:\/\/www.hoymercedes.com.ar\/principal\/2023\/10\/23\/como-sera-la-nueva-composicion-del-concejo-deliberante\/\" aria-label=\"Leer m\u00e1s sobre C\u00f3mo ser\u00e1 la nueva composici\u00f3n del Concejo Deliberante\">Leer m\u00e1s<\/a><\/p>\n","protected":false},"author":1,"featured_media":168740,"comment_status":"closed","ping_status":"open","sticky":false,"template":"","format":"standard","meta":{"_monsterinsights_skip_tracking":false,"_monsterinsights_sitenote_active":false,"_monsterinsights_sitenote_note":"","_monsterinsights_sitenote_category":0,"jetpack_post_was_ever_published":false,"_jetpack_newsletter_access":"","_jetpack_dont_email_post_to_subs":false,"_jetpack_newsletter_tier_id":0,"_jetpack_memberships_contains_paywalled_content":false,"_jetpack_memberships_contains_paid_content":false,"footnotes":"","jetpack_publicize_message":"","jetpack_publicize_feature_enabled":true,"jetpack_social_post_already_shared":true,"jetpack_social_options":{"image_generator_settings":{"template":"highway","default_image_id":0,"font":"","enabled":false},"version":2},"_wpas_customize_per_network":false},"categories":[5],"tags":[18567],"class_list":["post-168727","post","type-post","status-publish","format-standard","has-post-thumbnail","hentry","category-politica","tag-elecciones-2023","generate-columns","tablet-grid-50","mobile-grid-100","grid-parent","grid-50"],"jetpack_publicize_connections":[],"jetpack_featured_media_url":"https:\/\/www.hoymercedes.com.ar\/principal\/wp-content\/uploads\/2023\/10\/Ediles-Resultados-2023.jpg","wps_subtitle":"","jetpack_sharing_enabled":true,"_links":{"self":[{"href":"https:\/\/www.hoymercedes.com.ar\/principal\/wp-json\/wp\/v2\/posts\/168727","targetHints":{"allow":["GET"]}}],"collection":[{"href":"https:\/\/www.hoymercedes.com.ar\/principal\/wp-json\/wp\/v2\/posts"}],"about":[{"href":"https:\/\/www.hoymercedes.com.ar\/principal\/wp-json\/wp\/v2\/types\/post"}],"author":[{"embeddable":true,"href":"https:\/\/www.hoymercedes.com.ar\/principal\/wp-json\/wp\/v2\/users\/1"}],"replies":[{"embeddable":true,"href":"https:\/\/www.hoymercedes.com.ar\/principal\/wp-json\/wp\/v2\/comments?post=168727"}],"version-history":[{"count":0,"href":"https:\/\/www.hoymercedes.com.ar\/principal\/wp-json\/wp\/v2\/posts\/168727\/revisions"}],"wp:featuredmedia":[{"embeddable":true,"href":"https:\/\/www.hoymercedes.com.ar\/principal\/wp-json\/wp\/v2\/media\/168740"}],"wp:attachment":[{"href":"https:\/\/www.hoymercedes.com.ar\/principal\/wp-json\/wp\/v2\/media?parent=168727"}],"wp:term":[{"taxonomy":"category","embeddable":true,"href":"https:\/\/www.hoymercedes.com.ar\/principal\/wp-json\/wp\/v2\/categories?post=168727"},{"taxonomy":"post_tag","embeddable":true,"href":"https:\/\/www.hoymercedes.com.ar\/principal\/wp-json\/wp\/v2\/tags?post=168727"}],"curies":[{"name":"wp","href":"https:\/\/api.w.org\/{rel}","templated":true}]}}