{"id":168732,"date":"2023-10-26T21:51:42","date_gmt":"2023-10-27T00:51:42","guid":{"rendered":"https:\/\/www.hoymercedes.com.ar\/principal\/?p=168732"},"modified":"2023-10-26T23:12:06","modified_gmt":"2023-10-27T02:12:06","slug":"inaugura-muestra-de-fotolitografias-amelia-herrero","status":"publish","type":"post","link":"https:\/\/www.hoymercedes.com.ar\/principal\/2023\/10\/26\/inaugura-muestra-de-fotolitografias-amelia-herrero\/","title":{"rendered":"Inaugura muestra de fotolitograf\u00edas de Amelia Herrero"},"content":{"rendered":"\n<p>Este fin de semana se llevar\u00e1 adelante una exposici\u00f3n de fotolitograf\u00edas de la artista Amelia Herrero. El t\u00edtulo de la muestra es \u201cNuestros propios paisajes\u00bb. Ser\u00e1 en el Estudio de Arte Cueto (EAC) en calle 19 entre 20 y 18, los d\u00edas viernes 27, s\u00e1bado 28 y domingo 29 de octubre, de 18 a 20 horas, con entrada libre y gratuita.<\/p>\n\n\n\n<p>\u00abDicha exposici\u00f3n ha sido curada y montada por Amelia espec\u00edficamente para nuestro espacio, con piezas de distintas materialidades. El d\u00eda s\u00e1bado contaremos con la presencia de la artista para dialogar con el p\u00fablico sobre el universo de las im\u00e1genes y objetos presentados y su personal\u00edsimo uso de las t\u00e9cnicas del grabado\u00bb, adelant\u00f3 Marcela Cueto, organizadora de la exposici\u00f3n. <\/p>\n\n\n<div class=\"wp-block-image\">\n<figure class=\"aligncenter size-full\"><img loading=\"lazy\" decoding=\"async\" width=\"526\" height=\"526\" data-attachment-id=\"168733\" data-permalink=\"https:\/\/www.hoymercedes.com.ar\/principal\/2023\/10\/26\/inaugura-muestra-de-fotolitografias-amelia-herrero\/image-14-8\/#main\" data-orig-file=\"https:\/\/www.hoymercedes.com.ar\/principal\/wp-content\/uploads\/2023\/10\/image-14.png\" data-orig-size=\"526,526\" data-comments-opened=\"0\" data-image-meta=\"{&quot;aperture&quot;:&quot;0&quot;,&quot;credit&quot;:&quot;&quot;,&quot;camera&quot;:&quot;&quot;,&quot;caption&quot;:&quot;&quot;,&quot;created_timestamp&quot;:&quot;0&quot;,&quot;copyright&quot;:&quot;&quot;,&quot;focal_length&quot;:&quot;0&quot;,&quot;iso&quot;:&quot;0&quot;,&quot;shutter_speed&quot;:&quot;0&quot;,&quot;title&quot;:&quot;&quot;,&quot;orientation&quot;:&quot;0&quot;}\" data-image-title=\"image-14\" data-image-description=\"\" data-image-caption=\"\" data-large-file=\"https:\/\/www.hoymercedes.com.ar\/principal\/wp-content\/uploads\/2023\/10\/image-14.png\" src=\"https:\/\/www.hoymercedes.com.ar\/principal\/wp-content\/uploads\/2023\/10\/image-14.png\" alt=\"\" class=\"wp-image-168733\" srcset=\"https:\/\/www.hoymercedes.com.ar\/principal\/wp-content\/uploads\/2023\/10\/image-14.png 526w, https:\/\/www.hoymercedes.com.ar\/principal\/wp-content\/uploads\/2023\/10\/image-14-150x150.png 150w\" sizes=\"auto, (max-width: 526px) 100vw, 526px\" \/><\/figure>\n<\/div>","protected":false},"excerpt":{"rendered":"<p>Este fin de semana se llevar\u00e1 adelante una exposici\u00f3n de fotolitograf\u00edas de la artista Amelia Herrero. El t\u00edtulo de la &#8230; <a title=\"Inaugura muestra de fotolitograf\u00edas de Amelia Herrero\" class=\"read-more\" href=\"https:\/\/www.hoymercedes.com.ar\/principal\/2023\/10\/26\/inaugura-muestra-de-fotolitografias-amelia-herrero\/\" aria-label=\"Leer m\u00e1s sobre Inaugura muestra de fotolitograf\u00edas de Amelia Herrero\">Leer m\u00e1s<\/a><\/p>\n","protected":false},"author":1,"featured_media":168733,"comment_status":"closed","ping_status":"open","sticky":false,"template":"","format":"standard","meta":{"_monsterinsights_skip_tracking":false,"_monsterinsights_sitenote_active":false,"_monsterinsights_sitenote_note":"","_monsterinsights_sitenote_category":0,"jetpack_post_was_ever_published":false,"_jetpack_newsletter_access":"","_jetpack_dont_email_post_to_subs":false,"_jetpack_newsletter_tier_id":0,"_jetpack_memberships_contains_paywalled_content":false,"_jetpack_memberships_contains_paid_content":false,"footnotes":"","jetpack_publicize_message":"","jetpack_publicize_feature_enabled":true,"jetpack_social_post_already_shared":true,"jetpack_social_options":{"image_generator_settings":{"template":"highway","default_image_id":0,"font":"","enabled":false},"version":2},"_wpas_customize_per_network":false},"categories":[104],"tags":[7805],"class_list":["post-168732","post","type-post","status-publish","format-standard","has-post-thumbnail","hentry","category-cultura","tag-cultura","generate-columns","tablet-grid-50","mobile-grid-100","grid-parent","grid-50"],"jetpack_publicize_connections":[],"jetpack_featured_media_url":"https:\/\/www.hoymercedes.com.ar\/principal\/wp-content\/uploads\/2023\/10\/image-14.png","wps_subtitle":"","jetpack_sharing_enabled":true,"_links":{"self":[{"href":"https:\/\/www.hoymercedes.com.ar\/principal\/wp-json\/wp\/v2\/posts\/168732","targetHints":{"allow":["GET"]}}],"collection":[{"href":"https:\/\/www.hoymercedes.com.ar\/principal\/wp-json\/wp\/v2\/posts"}],"about":[{"href":"https:\/\/www.hoymercedes.com.ar\/principal\/wp-json\/wp\/v2\/types\/post"}],"author":[{"embeddable":true,"href":"https:\/\/www.hoymercedes.com.ar\/principal\/wp-json\/wp\/v2\/users\/1"}],"replies":[{"embeddable":true,"href":"https:\/\/www.hoymercedes.com.ar\/principal\/wp-json\/wp\/v2\/comments?post=168732"}],"version-history":[{"count":0,"href":"https:\/\/www.hoymercedes.com.ar\/principal\/wp-json\/wp\/v2\/posts\/168732\/revisions"}],"wp:featuredmedia":[{"embeddable":true,"href":"https:\/\/www.hoymercedes.com.ar\/principal\/wp-json\/wp\/v2\/media\/168733"}],"wp:attachment":[{"href":"https:\/\/www.hoymercedes.com.ar\/principal\/wp-json\/wp\/v2\/media?parent=168732"}],"wp:term":[{"taxonomy":"category","embeddable":true,"href":"https:\/\/www.hoymercedes.com.ar\/principal\/wp-json\/wp\/v2\/categories?post=168732"},{"taxonomy":"post_tag","embeddable":true,"href":"https:\/\/www.hoymercedes.com.ar\/principal\/wp-json\/wp\/v2\/tags?post=168732"}],"curies":[{"name":"wp","href":"https:\/\/api.w.org\/{rel}","templated":true}]}}