{"id":168800,"date":"2023-10-26T18:44:15","date_gmt":"2023-10-26T21:44:15","guid":{"rendered":"https:\/\/www.hoymercedes.com.ar\/principal\/?p=168800"},"modified":"2023-10-26T18:44:17","modified_gmt":"2023-10-26T21:44:17","slug":"la-cem-propuso-tres-candidatas-para-el-premio-mujer-empresaria-de-mefeba","status":"publish","type":"post","link":"https:\/\/www.hoymercedes.com.ar\/principal\/2023\/10\/26\/la-cem-propuso-tres-candidatas-para-el-premio-mujer-empresaria-de-mefeba\/","title":{"rendered":"La CEM propuso tres candidatas para el premio Mujer Empresaria de MEFEBA"},"content":{"rendered":"\n<p>En la tarde noche del mi\u00e9rcoles la C\u00e1mara Econ\u00f3mica Mercedina (CEM) present\u00f3 a las tres candidatas locales que representar\u00e1n a la instituci\u00f3n en los premios Mujeres Empresarias Bonaerenses de MEFEBA. Las candidatas son Nerina Caballero en Comercio Local por su negocio NiFuNiFa, Daniela Gabrielle de Abeille Cosm\u00e9tica Natural en la categor\u00eda Innovaci\u00f3n Tecnl\u00f3gica y Daniela Pandiani Cipriano y Rosina Karp por Bego\u00f1a Restaurant como Nuevo Emprendimiento. <\/p>\n\n\n<div class=\"wp-block-image\">\n<figure class=\"aligncenter size-full is-resized\"><img loading=\"lazy\" decoding=\"async\" width=\"603\" height=\"402\" data-attachment-id=\"168802\" data-permalink=\"https:\/\/www.hoymercedes.com.ar\/principal\/2023\/10\/26\/la-cem-propuso-tres-candidatas-para-el-premio-mujer-empresaria-de-mefeba\/screenshot_20231026-000044_copy_603x402\/#main\" data-orig-file=\"https:\/\/www.hoymercedes.com.ar\/principal\/wp-content\/uploads\/2023\/10\/Screenshot_20231026-000044_copy_603x402.png\" data-orig-size=\"603,402\" data-comments-opened=\"0\" data-image-meta=\"{&quot;aperture&quot;:&quot;0&quot;,&quot;credit&quot;:&quot;&quot;,&quot;camera&quot;:&quot;&quot;,&quot;caption&quot;:&quot;&quot;,&quot;created_timestamp&quot;:&quot;0&quot;,&quot;copyright&quot;:&quot;&quot;,&quot;focal_length&quot;:&quot;0&quot;,&quot;iso&quot;:&quot;0&quot;,&quot;shutter_speed&quot;:&quot;0&quot;,&quot;title&quot;:&quot;&quot;,&quot;orientation&quot;:&quot;0&quot;}\" data-image-title=\"Screenshot_20231026-000044_copy_603x402\" data-image-description=\"\" data-image-caption=\"\" data-large-file=\"https:\/\/www.hoymercedes.com.ar\/principal\/wp-content\/uploads\/2023\/10\/Screenshot_20231026-000044_copy_603x402.png\" src=\"https:\/\/www.hoymercedes.com.ar\/principal\/wp-content\/uploads\/2023\/10\/Screenshot_20231026-000044_copy_603x402.png\" alt=\"\" class=\"wp-image-168802\" style=\"aspect-ratio:1.5;width:745px;height:auto\" srcset=\"https:\/\/www.hoymercedes.com.ar\/principal\/wp-content\/uploads\/2023\/10\/Screenshot_20231026-000044_copy_603x402.png 603w, https:\/\/www.hoymercedes.com.ar\/principal\/wp-content\/uploads\/2023\/10\/Screenshot_20231026-000044_copy_603x402-150x100.png 150w\" sizes=\"auto, (max-width: 603px) 100vw, 603px\" \/><\/figure>\n<\/div>\n\n\n<p>En el restaurante de Tom\u00e1s Jofr\u00e9, la Coordinadora de la Subcomisi\u00f3n de Mujeres de la CEM Natalia Bonifazi y el Presidente de la CEM, Carlos Garanzzini fueron los responsables de anunciar a las candidatas. En el mismo marco, se le entreg\u00f3 un reconocimiento a Natalia Facciolo que supo ser la responsable de la Subcomisi\u00f3n e integra la subcomisi\u00f3n de mujeres de FEBA. <\/p>\n\n\n\n<p>Las candidatas que la CEM propone para este a\u00f1o son: <br>&#8211; Nerina Caballero con su local NiFuNiFa, en la categor\u00eda de Comercio Local.<br>&#8211; Daniela Gabrielle, de Abeille Cosm\u00e9tica Natural, con una l\u00ednea de productos que utiliza ingredientes puros de la colmena, como la miel, el prop\u00f3leos, la cera y el polen, para ofrecer una experiencia de belleza natural y sostenible, en la categor\u00eda de Innovaci\u00f3n Tecnol\u00f3gica.<br>&#8211; Daniela Pandiani Cipriano y Rosina Karp por Bego\u00f1a Restaurant en la categor\u00eda de Nuevo Emprendimiento. <\/p>\n\n\n<div class=\"wp-block-image\">\n<figure class=\"aligncenter size-full\"><img loading=\"lazy\" decoding=\"async\" width=\"800\" height=\"534\" data-attachment-id=\"168801\" data-permalink=\"https:\/\/www.hoymercedes.com.ar\/principal\/2023\/10\/26\/la-cem-propuso-tres-candidatas-para-el-premio-mujer-empresaria-de-mefeba\/img-20231025-wa0028_copy_800x534\/#main\" data-orig-file=\"https:\/\/www.hoymercedes.com.ar\/principal\/wp-content\/uploads\/2023\/10\/IMG-20231025-WA0028_copy_800x534.jpg\" data-orig-size=\"800,534\" data-comments-opened=\"0\" data-image-meta=\"{&quot;aperture&quot;:&quot;0&quot;,&quot;credit&quot;:&quot;&quot;,&quot;camera&quot;:&quot;&quot;,&quot;caption&quot;:&quot;&quot;,&quot;created_timestamp&quot;:&quot;0&quot;,&quot;copyright&quot;:&quot;&quot;,&quot;focal_length&quot;:&quot;0&quot;,&quot;iso&quot;:&quot;0&quot;,&quot;shutter_speed&quot;:&quot;0&quot;,&quot;title&quot;:&quot;&quot;,&quot;orientation&quot;:&quot;0&quot;}\" data-image-title=\"IMG-20231025-WA0028_copy_800x534\" data-image-description=\"\" data-image-caption=\"\" data-large-file=\"https:\/\/www.hoymercedes.com.ar\/principal\/wp-content\/uploads\/2023\/10\/IMG-20231025-WA0028_copy_800x534.jpg\" src=\"https:\/\/www.hoymercedes.com.ar\/principal\/wp-content\/uploads\/2023\/10\/IMG-20231025-WA0028_copy_800x534.jpg\" alt=\"\" class=\"wp-image-168801\" srcset=\"https:\/\/www.hoymercedes.com.ar\/principal\/wp-content\/uploads\/2023\/10\/IMG-20231025-WA0028_copy_800x534.jpg 800w, https:\/\/www.hoymercedes.com.ar\/principal\/wp-content\/uploads\/2023\/10\/IMG-20231025-WA0028_copy_800x534-630x421.jpg 630w, https:\/\/www.hoymercedes.com.ar\/principal\/wp-content\/uploads\/2023\/10\/IMG-20231025-WA0028_copy_800x534-150x100.jpg 150w\" sizes=\"auto, (max-width: 800px) 100vw, 800px\" \/><\/figure>\n<\/div>\n\n\n<p>Las Mujeres Empresarias de la Federaci\u00f3n Econ\u00f3mica (FEBA) prepara una nueva edici\u00f3n de su tradicional reconocimiento a empresarias y emprendedoras de la provincia de Buenos Aires. En la oportunidad se premiar\u00e1n las siguientes categor\u00edas:<br>&#8211; <strong>LIDERAZGO EMPRESARIAL:<\/strong>\u00a0Reconoce la trayectoria de mujeres empresarias, su experiencia, \u00e9xito y compromiso con el esp\u00edritu empresarial. Mujeres l\u00edderes en sus comunidades que contribuyen al desarrollo de su localidad.<br>&#8211; <strong>COMERCIO LOCAL:<\/strong>\u00a0Premia a mujeres visionarias que han demostrado un compromiso inquebrantable con el desarrollo econ\u00f3mico local, la innovaci\u00f3n en sus comercios y la mejora de la calidad de vida para quienes las rodean. Se valora su capacidad para inspirar, liderar y generar un cambio positivo en su comunidad.<br>&#8211; <strong>INNOVACI\u00d3N TECNOL\u00d3GICA:<\/strong>\u00a0Reconoce a las mujeres empresarias que han renovado tecnolog\u00eda en sus empresas, logrando mejorar la eficiencia de su negocio para crear nuevos productos o servicios.<br>&#8211; <strong>NUEVO EMPRENDIMIENTO:<\/strong>\u00a0Distingue a las mujeres empresarias que, en los \u00faltimos dos a\u00f1os, han desarrollado nuevos negocios y que tienen el potencial de crecer e impactar positivamente en la econom\u00eda local.<br>&#8211; <strong>RESPONSABILIDAD SOCIAL EMPRESARIA (RSE)<\/strong>: Premia a Mujeres Empresarias, Emprendedoras, Comerciantes, Productoras, Profesionales que decidieron colaborar desde sus empresas o c\u00e1maras empresarias, tendiendo un puente con la comunidad. Se valora su visi\u00f3n en perspectiva de g\u00e9nero, sustentabilidad e inclusi\u00f3n.<br><br>Un  jurado ser\u00e1 el encargado de conocer a las candidatas, elegir la ganadora por categor\u00eda para luego determinar qui\u00e9n ser\u00e1 la Mujer Empresaria bonaerense 2023. La gala de premiaci\u00f3n ser\u00e1 el mi\u00e9rcoles 22 de noviembre, 17 horas, Hotel Scala (Bernardo de Irigoyen 740, CABA).<\/p>\n\n\n<div class=\"wp-block-image\">\n<figure class=\"aligncenter size-full\"><img loading=\"lazy\" decoding=\"async\" width=\"800\" height=\"534\" data-attachment-id=\"168803\" data-permalink=\"https:\/\/www.hoymercedes.com.ar\/principal\/2023\/10\/26\/la-cem-propuso-tres-candidatas-para-el-premio-mujer-empresaria-de-mefeba\/img-20231025-wa0029_copy_800x534\/#main\" data-orig-file=\"https:\/\/www.hoymercedes.com.ar\/principal\/wp-content\/uploads\/2023\/10\/IMG-20231025-WA0029_copy_800x534.jpg\" data-orig-size=\"800,534\" data-comments-opened=\"0\" data-image-meta=\"{&quot;aperture&quot;:&quot;0&quot;,&quot;credit&quot;:&quot;&quot;,&quot;camera&quot;:&quot;&quot;,&quot;caption&quot;:&quot;&quot;,&quot;created_timestamp&quot;:&quot;0&quot;,&quot;copyright&quot;:&quot;&quot;,&quot;focal_length&quot;:&quot;0&quot;,&quot;iso&quot;:&quot;0&quot;,&quot;shutter_speed&quot;:&quot;0&quot;,&quot;title&quot;:&quot;&quot;,&quot;orientation&quot;:&quot;0&quot;}\" data-image-title=\"IMG-20231025-WA0029_copy_800x534\" data-image-description=\"\" data-image-caption=\"\" data-large-file=\"https:\/\/www.hoymercedes.com.ar\/principal\/wp-content\/uploads\/2023\/10\/IMG-20231025-WA0029_copy_800x534.jpg\" src=\"https:\/\/www.hoymercedes.com.ar\/principal\/wp-content\/uploads\/2023\/10\/IMG-20231025-WA0029_copy_800x534.jpg\" alt=\"\" class=\"wp-image-168803\" srcset=\"https:\/\/www.hoymercedes.com.ar\/principal\/wp-content\/uploads\/2023\/10\/IMG-20231025-WA0029_copy_800x534.jpg 800w, https:\/\/www.hoymercedes.com.ar\/principal\/wp-content\/uploads\/2023\/10\/IMG-20231025-WA0029_copy_800x534-630x421.jpg 630w, https:\/\/www.hoymercedes.com.ar\/principal\/wp-content\/uploads\/2023\/10\/IMG-20231025-WA0029_copy_800x534-150x100.jpg 150w\" sizes=\"auto, (max-width: 800px) 100vw, 800px\" \/><\/figure>\n<\/div>","protected":false},"excerpt":{"rendered":"<p>En la tarde noche del mi\u00e9rcoles la C\u00e1mara Econ\u00f3mica Mercedina (CEM) present\u00f3 a las tres candidatas locales que representar\u00e1n a &#8230; <a title=\"La CEM propuso tres candidatas para el premio Mujer Empresaria de MEFEBA\" class=\"read-more\" href=\"https:\/\/www.hoymercedes.com.ar\/principal\/2023\/10\/26\/la-cem-propuso-tres-candidatas-para-el-premio-mujer-empresaria-de-mefeba\/\" aria-label=\"Leer m\u00e1s sobre La CEM propuso tres candidatas para el premio Mujer Empresaria de MEFEBA\">Leer m\u00e1s<\/a><\/p>\n","protected":false},"author":1,"featured_media":168803,"comment_status":"closed","ping_status":"open","sticky":false,"template":"","format":"standard","meta":{"_monsterinsights_skip_tracking":false,"_monsterinsights_sitenote_active":false,"_monsterinsights_sitenote_note":"","_monsterinsights_sitenote_category":0,"jetpack_post_was_ever_published":false,"_jetpack_newsletter_access":"","_jetpack_dont_email_post_to_subs":false,"_jetpack_newsletter_tier_id":0,"_jetpack_memberships_contains_paywalled_content":false,"_jetpack_memberships_contains_paid_content":false,"footnotes":"","jetpack_publicize_message":"","jetpack_publicize_feature_enabled":true,"jetpack_social_post_already_shared":true,"jetpack_social_options":{"image_generator_settings":{"template":"highway","default_image_id":0,"font":"","enabled":false},"version":2},"_wpas_customize_per_network":false},"categories":[8],"tags":[],"class_list":["post-168800","post","type-post","status-publish","format-standard","has-post-thumbnail","hentry","category-sociedad","generate-columns","tablet-grid-50","mobile-grid-100","grid-parent","grid-50"],"jetpack_publicize_connections":[],"jetpack_featured_media_url":"https:\/\/www.hoymercedes.com.ar\/principal\/wp-content\/uploads\/2023\/10\/IMG-20231025-WA0029_copy_800x534.jpg","wps_subtitle":"","jetpack_sharing_enabled":true,"_links":{"self":[{"href":"https:\/\/www.hoymercedes.com.ar\/principal\/wp-json\/wp\/v2\/posts\/168800","targetHints":{"allow":["GET"]}}],"collection":[{"href":"https:\/\/www.hoymercedes.com.ar\/principal\/wp-json\/wp\/v2\/posts"}],"about":[{"href":"https:\/\/www.hoymercedes.com.ar\/principal\/wp-json\/wp\/v2\/types\/post"}],"author":[{"embeddable":true,"href":"https:\/\/www.hoymercedes.com.ar\/principal\/wp-json\/wp\/v2\/users\/1"}],"replies":[{"embeddable":true,"href":"https:\/\/www.hoymercedes.com.ar\/principal\/wp-json\/wp\/v2\/comments?post=168800"}],"version-history":[{"count":0,"href":"https:\/\/www.hoymercedes.com.ar\/principal\/wp-json\/wp\/v2\/posts\/168800\/revisions"}],"wp:featuredmedia":[{"embeddable":true,"href":"https:\/\/www.hoymercedes.com.ar\/principal\/wp-json\/wp\/v2\/media\/168803"}],"wp:attachment":[{"href":"https:\/\/www.hoymercedes.com.ar\/principal\/wp-json\/wp\/v2\/media?parent=168800"}],"wp:term":[{"taxonomy":"category","embeddable":true,"href":"https:\/\/www.hoymercedes.com.ar\/principal\/wp-json\/wp\/v2\/categories?post=168800"},{"taxonomy":"post_tag","embeddable":true,"href":"https:\/\/www.hoymercedes.com.ar\/principal\/wp-json\/wp\/v2\/tags?post=168800"}],"curies":[{"name":"wp","href":"https:\/\/api.w.org\/{rel}","templated":true}]}}