{"id":168812,"date":"2023-10-26T09:28:39","date_gmt":"2023-10-26T12:28:39","guid":{"rendered":"https:\/\/www.hoymercedes.com.ar\/principal\/?p=168812"},"modified":"2023-10-26T09:28:45","modified_gmt":"2023-10-26T12:28:45","slug":"influenza-aviar-se-mantienen-vigentes-las-medidas-de-prevencion-por-la-emergencia-sanitaria","status":"publish","type":"post","link":"https:\/\/www.hoymercedes.com.ar\/principal\/2023\/10\/26\/influenza-aviar-se-mantienen-vigentes-las-medidas-de-prevencion-por-la-emergencia-sanitaria\/","title":{"rendered":"Influenza aviar: Se mantienen vigentes las medidas de prevenci\u00f3n por la emergencia sanitaria"},"content":{"rendered":"\n<p>Las detecciones en mam\u00edferos marinos, y en aves de traspatio y silvestres no afectan el estatus de pa\u00eds libre, pero se mantiene el alerta sanitario. <\/p>\n\n\n<div class=\"wp-block-image\">\n<figure class=\"aligncenter size-full\"><img loading=\"lazy\" decoding=\"async\" width=\"960\" height=\"540\" data-attachment-id=\"168813\" data-permalink=\"https:\/\/www.hoymercedes.com.ar\/principal\/2023\/10\/26\/influenza-aviar-se-mantienen-vigentes-las-medidas-de-prevencion-por-la-emergencia-sanitaria\/aves-y-lobos-1\/#main\" data-orig-file=\"https:\/\/www.hoymercedes.com.ar\/principal\/wp-content\/uploads\/2023\/10\/Aves-y-lobos-1.jpg\" data-orig-size=\"960,540\" data-comments-opened=\"0\" data-image-meta=\"{&quot;aperture&quot;:&quot;0&quot;,&quot;credit&quot;:&quot;&quot;,&quot;camera&quot;:&quot;&quot;,&quot;caption&quot;:&quot;&quot;,&quot;created_timestamp&quot;:&quot;0&quot;,&quot;copyright&quot;:&quot;&quot;,&quot;focal_length&quot;:&quot;0&quot;,&quot;iso&quot;:&quot;0&quot;,&quot;shutter_speed&quot;:&quot;0&quot;,&quot;title&quot;:&quot;&quot;,&quot;orientation&quot;:&quot;1&quot;}\" data-image-title=\"Aves y lobos 1\" data-image-description=\"\" data-image-caption=\"\" data-large-file=\"https:\/\/www.hoymercedes.com.ar\/principal\/wp-content\/uploads\/2023\/10\/Aves-y-lobos-1.jpg\" src=\"https:\/\/www.hoymercedes.com.ar\/principal\/wp-content\/uploads\/2023\/10\/Aves-y-lobos-1.jpg\" alt=\"\" class=\"wp-image-168813\" srcset=\"https:\/\/www.hoymercedes.com.ar\/principal\/wp-content\/uploads\/2023\/10\/Aves-y-lobos-1.jpg 960w, https:\/\/www.hoymercedes.com.ar\/principal\/wp-content\/uploads\/2023\/10\/Aves-y-lobos-1-630x354.jpg 630w, https:\/\/www.hoymercedes.com.ar\/principal\/wp-content\/uploads\/2023\/10\/Aves-y-lobos-1-150x84.jpg 150w\" sizes=\"auto, (max-width: 960px) 100vw, 960px\" \/><\/figure>\n<\/div>\n\n\n<p>En el marco de la declaraci\u00f3n de emergencia sanitaria por Influenza Aviar Altamente Pat\u00f3gena (IAAP) &#8211; Resoluci\u00f3n 147\/2023 &#8211; el Servicio Nacional de Sanidad y Calidad Agroalimentaria (Senasa) comunica que contin\u00faan vigentes las acciones de prevenci\u00f3n y contenci\u00f3n de la enfermedad en todo el territorio nacional.<\/p>\n\n\n\n<p>Con el objetivo de sostener el estatus de pa\u00eds libre de IAAP en aves de corral, reconocido en agosto de 2023 por la Organizaci\u00f3n Mundial de Sanidad Animal (OMSA), el Senasa recuerda que contin\u00faa trabajando con los organismos provinciales, nacionales y el sector productivo en las diferentes regiones del pa\u00eds.<\/p>\n\n\n\n<p>Debido al comportamiento de la enfermedad, sus formas de transmisi\u00f3n y diseminaci\u00f3n, y el mantenimiento del virus de IAAP en las aves y otros animales silvestres, es importante remarcar que las medidas de prevenci\u00f3n y vigilancia epidemiol\u00f3gica contin\u00faan vigentes.<\/p>\n\n\n\n<p>Asimismo, se destaca que las detecciones en mam\u00edferos marinos y aves silvestres y\/o traspatio no afectan al estatus zoosanitario declarado ante la OMSA, donde Argentina sustenta su estatus de pa\u00eds libre de IAAP en aves de corral, pero pueden generar un desaf\u00edo si el virus ingresa en la avicultura comercial.<\/p>\n\n\n\n<p>Por esto \u00faltimo cobra vital importancia que las granjas de producci\u00f3n de huevos y carne aviar fortalezcan y extremen las medidas de bioseguridad, tanto las estructurales en lo que hace a la malla antip\u00e1jaro y a los sistemas de desfinfecci\u00f3n en el ingreso; como las operacionales que involucran pr\u00e1cticas de higiene y desinfecci\u00f3n del personal, vestimenta, veh\u00edculos y equipos.<\/p>\n\n\n\n<p><strong>Recomendaciones<\/strong><\/p>\n\n\n\n<p>\u2022No acercarse a los animales muertos o con sintomatolog\u00eda sospechosa.<br>\u2022Notificar inmediatamente al Senasa si se identifica mortandad, signos nerviosos, digestivos y\/o respiratorios en mam\u00edferos marinos o aves tanto silvestres como dom\u00e9sticas (incluyendo principalmente patos, gallinas, pollos, gallos, gansos, pavos).<\/p>\n\n\n\n<p><strong>V\u00edas de notificaci\u00f3n<\/strong><\/p>\n\n\n\n<p>En la oficina del Senasa m\u00e1s cercana\u2013 personalmente-,por tel\u00e9fono11 5700 5704; a trav\u00e9s de la App para dispositivos m\u00f3viles \u201cNotificaciones Senasa\u201d, disponible en Play Store; escribiendo un correo electr\u00f3nico a notificaciones@senasa.gob.ar; por medio del apartado Avis\u00e1 al Senasa, disponible en la p\u00e1gina web del Organismo o llamando a la sede del Centro Regional Buenos Aires Norte, en la ciudad de Chivilcoy, a los tel\u00e9fonos (02346) 436271\/72\/73. M\u00e1s informaci\u00f3n en el Micrositio de influenza aviar.<\/p>\n","protected":false},"excerpt":{"rendered":"<p>Las detecciones en mam\u00edferos marinos, y en aves de traspatio y silvestres no afectan el estatus de pa\u00eds libre, pero &#8230; <a title=\"Influenza aviar: Se mantienen vigentes las medidas de prevenci\u00f3n por la emergencia sanitaria\" class=\"read-more\" href=\"https:\/\/www.hoymercedes.com.ar\/principal\/2023\/10\/26\/influenza-aviar-se-mantienen-vigentes-las-medidas-de-prevencion-por-la-emergencia-sanitaria\/\" aria-label=\"Leer m\u00e1s sobre Influenza aviar: Se mantienen vigentes las medidas de prevenci\u00f3n por la emergencia sanitaria\">Leer m\u00e1s<\/a><\/p>\n","protected":false},"author":1,"featured_media":168813,"comment_status":"closed","ping_status":"open","sticky":false,"template":"","format":"standard","meta":{"_monsterinsights_skip_tracking":false,"_monsterinsights_sitenote_active":false,"_monsterinsights_sitenote_note":"","_monsterinsights_sitenote_category":0,"jetpack_post_was_ever_published":false,"_jetpack_newsletter_access":"","_jetpack_dont_email_post_to_subs":false,"_jetpack_newsletter_tier_id":0,"_jetpack_memberships_contains_paywalled_content":false,"_jetpack_memberships_contains_paid_content":false,"footnotes":"","jetpack_publicize_message":"","jetpack_publicize_feature_enabled":true,"jetpack_social_post_already_shared":true,"jetpack_social_options":{"image_generator_settings":{"template":"highway","default_image_id":0,"font":"","enabled":false},"version":2},"_wpas_customize_per_network":false},"categories":[8],"tags":[],"class_list":["post-168812","post","type-post","status-publish","format-standard","has-post-thumbnail","hentry","category-sociedad","generate-columns","tablet-grid-50","mobile-grid-100","grid-parent","grid-50"],"jetpack_publicize_connections":[],"jetpack_featured_media_url":"https:\/\/www.hoymercedes.com.ar\/principal\/wp-content\/uploads\/2023\/10\/Aves-y-lobos-1.jpg","wps_subtitle":"","jetpack_sharing_enabled":true,"_links":{"self":[{"href":"https:\/\/www.hoymercedes.com.ar\/principal\/wp-json\/wp\/v2\/posts\/168812","targetHints":{"allow":["GET"]}}],"collection":[{"href":"https:\/\/www.hoymercedes.com.ar\/principal\/wp-json\/wp\/v2\/posts"}],"about":[{"href":"https:\/\/www.hoymercedes.com.ar\/principal\/wp-json\/wp\/v2\/types\/post"}],"author":[{"embeddable":true,"href":"https:\/\/www.hoymercedes.com.ar\/principal\/wp-json\/wp\/v2\/users\/1"}],"replies":[{"embeddable":true,"href":"https:\/\/www.hoymercedes.com.ar\/principal\/wp-json\/wp\/v2\/comments?post=168812"}],"version-history":[{"count":0,"href":"https:\/\/www.hoymercedes.com.ar\/principal\/wp-json\/wp\/v2\/posts\/168812\/revisions"}],"wp:featuredmedia":[{"embeddable":true,"href":"https:\/\/www.hoymercedes.com.ar\/principal\/wp-json\/wp\/v2\/media\/168813"}],"wp:attachment":[{"href":"https:\/\/www.hoymercedes.com.ar\/principal\/wp-json\/wp\/v2\/media?parent=168812"}],"wp:term":[{"taxonomy":"category","embeddable":true,"href":"https:\/\/www.hoymercedes.com.ar\/principal\/wp-json\/wp\/v2\/categories?post=168812"},{"taxonomy":"post_tag","embeddable":true,"href":"https:\/\/www.hoymercedes.com.ar\/principal\/wp-json\/wp\/v2\/tags?post=168812"}],"curies":[{"name":"wp","href":"https:\/\/api.w.org\/{rel}","templated":true}]}}