{"id":168896,"date":"2023-10-29T16:30:24","date_gmt":"2023-10-29T19:30:24","guid":{"rendered":"https:\/\/www.hoymercedes.com.ar\/principal\/?p=168896"},"modified":"2023-10-29T16:33:58","modified_gmt":"2023-10-29T19:33:58","slug":"familia-de-alberto-florella-gracias-eternas","status":"publish","type":"post","link":"https:\/\/www.hoymercedes.com.ar\/principal\/2023\/10\/29\/familia-de-alberto-florella-gracias-eternas\/","title":{"rendered":"Familia de Alberto Florella: \u00abGracias eternas\u00bb"},"content":{"rendered":"\n<p>Dicen los libros, los de Derecho pero tambi\u00e9n los de Psicolog\u00eda, que todas las deudas (las econ\u00f3micas pero tambi\u00e9n y fundamentalmente las emocionales) son pasibles de cancelaci\u00f3n.<br>Nosotros, concienzudamente, esta vez elegimos renunciar a ese beneficio.<br>Nuestro agradecimiento ser\u00e1 tan eterno e infinito como podamos.<br>Gracias eternas a quienes nos ayudaron y acompa\u00f1aron en la enfermedad de Alberto.<br>A todo el personal del Hospital Blas L. Dubarry, especialmente a las enfermeras que soportaron con enorme estoicidad y profesionalismo el car\u00e1cter inquieto (y los piropos en su caso) del singular paciente, a los m\u00e9dicos que acudieron siempre y nos brindaron todas las respuestas profesionales y humanas posibles.<br>Tambi\u00e9n gracias a la Direcci\u00f3n del Hospital y a todo el personal administrativo porque siempre estuvieron.<br>Gracias a los m\u00e9dicos que en forma personal o particular se encargaban de la salud de Alberto porque nos han brindado su tiempo y sus conocimientos sin horarios ni condiciones.<br>Gracias a todas las autoridades y al personal de PAMI por la inmediata respuesta.<br>Gracias tambi\u00e9n a todo el equipo de Suipsalud que trabaj\u00f3 con seriedad y cari\u00f1o en su atenci\u00f3n domiciliaria.<br>Estamos orgullosos del sistema de salud de nuestra ciudad. Jam\u00e1s dudamos de que la atenci\u00f3n de Alberto deb\u00eda realizarse integralmente en Mercedes y no nos equivocamos.<br>Luego, gracias eternas por el acompa\u00f1amiento y el pesar de todos los mercedinos que se acercaron a darle el \u00faltimo adi\u00f3s. Gracias por las muestras de afecto: a sus amigos, a nuestros amigos. Tambi\u00e9n gracias a los chivilcoyanos por su afecto, su recuerdo, sus saludos. Gran parte de su vida transcurri\u00f3 all\u00ed y no fue en vano.<br>Gracias a las autoridades y los dirigentes pol\u00edticos y sociales de nuestra comunidad por el cari\u00f1o y el respeto hacia Alberto y toda su familia.<br>Eterno agradecimiento a todos sus compa\u00f1eros de Radio Meridiano por tantos mimos y tanta compa\u00f1\u00eda, a quienes trabajaron con \u00e9l en otros medios y a todos los periodistas de los medios locales que se acercaron desinteresadamente a expresar su admiraci\u00f3n y su respetuoso saludo.<br>Gracias eternas a sus oyentes, a los que conoc\u00edamos y a los an\u00f3nimos que llegaron de todos los puntos de la ciudad a la despedida final de su \u00abviaje a las estrellas\u00bb, como siempre le gustaba decir. Tambi\u00e9n a los que nos brindaron su caluroso apoyo con sus cientos de mensaje y llamados a la radio o a nuestros tel\u00e9fonos.<br>Nos desbord\u00f3 el amor, el cobijo y la solidaridad.<br>Hay nombres propios, por supuesto. Pero aprendimos de Alberto aquello de la Comunidad Organizada respecto de que \u00abLa humanidad necesita fe en sus destinos y acci\u00f3n, y posee la clarividencia suficiente para entrever que el tr\u00e1nsito del yo al nosotros no se opera met\u00f3ricamente como un exterminio de individualidades, sino como una reafirmaci\u00f3n de \u00e9stas en su funci\u00f3n colectiva\u00bb y por eso abrazamos a todos, sin distinci\u00f3n y preferimos el homenaje sin distingos.<br>Somos de ac\u00e1, siempre orgullosamente lo seremos. Eternamente gracias.<br>Los Floros (todos)<\/p>\n","protected":false},"excerpt":{"rendered":"<p>Dicen los libros, los de Derecho pero tambi\u00e9n los de Psicolog\u00eda, que todas las deudas (las econ\u00f3micas pero tambi\u00e9n y &#8230; <a title=\"Familia de Alberto Florella: \u00abGracias eternas\u00bb\" class=\"read-more\" href=\"https:\/\/www.hoymercedes.com.ar\/principal\/2023\/10\/29\/familia-de-alberto-florella-gracias-eternas\/\" aria-label=\"Leer m\u00e1s sobre Familia de Alberto Florella: \u00abGracias eternas\u00bb\">Leer m\u00e1s<\/a><\/p>\n","protected":false},"author":1,"featured_media":168897,"comment_status":"closed","ping_status":"open","sticky":false,"template":"","format":"standard","meta":{"_monsterinsights_skip_tracking":false,"_monsterinsights_sitenote_active":false,"_monsterinsights_sitenote_note":"","_monsterinsights_sitenote_category":0,"jetpack_post_was_ever_published":false,"_jetpack_newsletter_access":"","_jetpack_dont_email_post_to_subs":false,"_jetpack_newsletter_tier_id":0,"_jetpack_memberships_contains_paywalled_content":false,"_jetpack_memberships_contains_paid_content":false,"footnotes":"","jetpack_publicize_message":"","jetpack_publicize_feature_enabled":true,"jetpack_social_post_already_shared":true,"jetpack_social_options":{"image_generator_settings":{"template":"highway","default_image_id":0,"font":"","enabled":false},"version":2},"_wpas_customize_per_network":false},"categories":[8],"tags":[],"class_list":["post-168896","post","type-post","status-publish","format-standard","has-post-thumbnail","hentry","category-sociedad","generate-columns","tablet-grid-50","mobile-grid-100","grid-parent","grid-50"],"jetpack_publicize_connections":[],"jetpack_featured_media_url":"https:\/\/www.hoymercedes.com.ar\/principal\/wp-content\/uploads\/2023\/10\/IMG-20231029-WA0023_copy_800x533.jpg","wps_subtitle":"","jetpack_sharing_enabled":true,"_links":{"self":[{"href":"https:\/\/www.hoymercedes.com.ar\/principal\/wp-json\/wp\/v2\/posts\/168896","targetHints":{"allow":["GET"]}}],"collection":[{"href":"https:\/\/www.hoymercedes.com.ar\/principal\/wp-json\/wp\/v2\/posts"}],"about":[{"href":"https:\/\/www.hoymercedes.com.ar\/principal\/wp-json\/wp\/v2\/types\/post"}],"author":[{"embeddable":true,"href":"https:\/\/www.hoymercedes.com.ar\/principal\/wp-json\/wp\/v2\/users\/1"}],"replies":[{"embeddable":true,"href":"https:\/\/www.hoymercedes.com.ar\/principal\/wp-json\/wp\/v2\/comments?post=168896"}],"version-history":[{"count":0,"href":"https:\/\/www.hoymercedes.com.ar\/principal\/wp-json\/wp\/v2\/posts\/168896\/revisions"}],"wp:featuredmedia":[{"embeddable":true,"href":"https:\/\/www.hoymercedes.com.ar\/principal\/wp-json\/wp\/v2\/media\/168897"}],"wp:attachment":[{"href":"https:\/\/www.hoymercedes.com.ar\/principal\/wp-json\/wp\/v2\/media?parent=168896"}],"wp:term":[{"taxonomy":"category","embeddable":true,"href":"https:\/\/www.hoymercedes.com.ar\/principal\/wp-json\/wp\/v2\/categories?post=168896"},{"taxonomy":"post_tag","embeddable":true,"href":"https:\/\/www.hoymercedes.com.ar\/principal\/wp-json\/wp\/v2\/tags?post=168896"}],"curies":[{"name":"wp","href":"https:\/\/api.w.org\/{rel}","templated":true}]}}