{"id":168915,"date":"2023-10-29T19:34:33","date_gmt":"2023-10-29T22:34:33","guid":{"rendered":"https:\/\/www.hoymercedes.com.ar\/principal\/?p=168915"},"modified":"2023-10-29T19:34:36","modified_gmt":"2023-10-29T22:34:36","slug":"jurado-definio-premios-y-obras-admitidas-del-salon-de-pintura-del-colegio-de-abogados","status":"publish","type":"post","link":"https:\/\/www.hoymercedes.com.ar\/principal\/2023\/10\/29\/jurado-definio-premios-y-obras-admitidas-del-salon-de-pintura-del-colegio-de-abogados\/","title":{"rendered":"Jurado defini\u00f3 Premios y Obras Admitidas, del Sal\u00f3n de Pintura del Colegio de Abogados"},"content":{"rendered":"\n<p>La artista de Suipacha Paola Bertolotto obtuvo el Primer Premio (adquisici\u00f3n) con su obra \u00abPasos VI\u00bb. Graciela Saralegui (Mercedes), Galdys Ayala (San Antonio de Padua) y Miguel \u00c1ngel Ver\u00f3n (Mercedes) obtuvieron segundo, tercero y cuarto premio. Mientras que el Jurado distingui\u00f3 las obras de Cecilia di Gregorio, Violeta Basma, Andr\u00e9s Bustos Berrondo y \u00c1ngel Rutigliano. <\/p>\n\n\n<div class=\"wp-block-image\">\n<figure class=\"aligncenter size-full\"><img loading=\"lazy\" decoding=\"async\" width=\"800\" height=\"794\" data-attachment-id=\"168916\" data-permalink=\"https:\/\/www.hoymercedes.com.ar\/principal\/2023\/10\/29\/jurado-definio-premios-y-obras-admitidas-del-salon-de-pintura-del-colegio-de-abogados\/abogados-1-premio\/#main\" data-orig-file=\"https:\/\/www.hoymercedes.com.ar\/principal\/wp-content\/uploads\/2023\/10\/Abogados-1-premio.jpg\" data-orig-size=\"800,794\" data-comments-opened=\"0\" data-image-meta=\"{&quot;aperture&quot;:&quot;0&quot;,&quot;credit&quot;:&quot;&quot;,&quot;camera&quot;:&quot;&quot;,&quot;caption&quot;:&quot;&quot;,&quot;created_timestamp&quot;:&quot;0&quot;,&quot;copyright&quot;:&quot;&quot;,&quot;focal_length&quot;:&quot;0&quot;,&quot;iso&quot;:&quot;0&quot;,&quot;shutter_speed&quot;:&quot;0&quot;,&quot;title&quot;:&quot;&quot;,&quot;orientation&quot;:&quot;0&quot;}\" data-image-title=\"Abogados 1 premio\" data-image-description=\"\" data-image-caption=\"\" data-large-file=\"https:\/\/www.hoymercedes.com.ar\/principal\/wp-content\/uploads\/2023\/10\/Abogados-1-premio.jpg\" src=\"https:\/\/www.hoymercedes.com.ar\/principal\/wp-content\/uploads\/2023\/10\/Abogados-1-premio.jpg\" alt=\"\" class=\"wp-image-168916\" srcset=\"https:\/\/www.hoymercedes.com.ar\/principal\/wp-content\/uploads\/2023\/10\/Abogados-1-premio.jpg 800w, https:\/\/www.hoymercedes.com.ar\/principal\/wp-content\/uploads\/2023\/10\/Abogados-1-premio-625x620.jpg 625w, https:\/\/www.hoymercedes.com.ar\/principal\/wp-content\/uploads\/2023\/10\/Abogados-1-premio-150x150.jpg 150w\" sizes=\"auto, (max-width: 800px) 100vw, 800px\" \/><figcaption class=\"wp-element-caption\">Primer Premio (adquisici\u00f3n en $200.000): obra 908. Paola Bertolotto (Suipacha) \u00abPasos VI\u00bb<\/figcaption><\/figure>\n<\/div>\n\n\n<p>Luego de la actuaci\u00f3n del Jurado el s\u00e1bado 28 de octubre de 2023, quedaron definidos los premios del \u00ab<em>XXXVIII Sal\u00f3n de Pintura\u00bb&nbsp;<\/em>del Colegio de Abogados del Departamento Judicial de Mercedes (que organiza la Comisi\u00f3n de Extensi\u00f3n Socio Cultural), como as\u00ed tambi\u00e9n todas las obras que fueron admitidas, y que podr\u00e1n verse (en la Sede Central del Colegio, de calle 24 No 705, 2do piso), luego de la inauguraci\u00f3n que tendr\u00e1 lugar el 4 de noviembre a las 19 hs en el Sal\u00f3n de Actos del Colegio (calle 24 No 705, 1er piso).&nbsp;<\/p>\n\n\n\n<p>Las obras premiadas y admitidas podr\u00e1n verse, m\u00e1s all\u00e1 del d\u00eda de la inauguraci\u00f3n, en la exposici\u00f3n permanente desde el 6 al 10 de noviembre, de 8.30 a 13.30, en la Sede Central del Colegio, de calle 24 N\u00b0 705, 2\u00b0 piso.<\/p>\n\n\n\n<p>El Jurado estuvo integrado por Ana Maria Aldaburu, Emilio Reato y Jorge Swinnen, designados por la Comisi\u00f3n de Extensi\u00f3n Sociocultural del Colegio de Abogados del Departamento Judicial de Mercedes (que componen los Dres. Mar\u00eda del Carmen Gomez Carranza, Mar\u00eda del Carmen Landini, Raul Lima, y Patricia Leva)<\/p>\n\n\n\n<figure class=\"wp-block-gallery has-nested-images columns-default is-cropped wp-block-gallery-1 is-layout-flex wp-block-gallery-is-layout-flex\">\n<figure class=\"wp-block-image size-large\"><img loading=\"lazy\" decoding=\"async\" width=\"633\" height=\"800\" data-attachment-id=\"168917\" data-permalink=\"https:\/\/www.hoymercedes.com.ar\/principal\/2023\/10\/29\/jurado-definio-premios-y-obras-admitidas-del-salon-de-pintura-del-colegio-de-abogados\/abogados-2-premio\/#main\" data-orig-file=\"https:\/\/www.hoymercedes.com.ar\/principal\/wp-content\/uploads\/2023\/10\/Abogados-2-premio.jpg\" data-orig-size=\"633,800\" data-comments-opened=\"0\" data-image-meta=\"{&quot;aperture&quot;:&quot;0&quot;,&quot;credit&quot;:&quot;&quot;,&quot;camera&quot;:&quot;&quot;,&quot;caption&quot;:&quot;&quot;,&quot;created_timestamp&quot;:&quot;0&quot;,&quot;copyright&quot;:&quot;&quot;,&quot;focal_length&quot;:&quot;0&quot;,&quot;iso&quot;:&quot;0&quot;,&quot;shutter_speed&quot;:&quot;0&quot;,&quot;title&quot;:&quot;&quot;,&quot;orientation&quot;:&quot;0&quot;}\" data-image-title=\"Abogados 2 premio\" data-image-description=\"\" data-image-caption=\"\" data-large-file=\"https:\/\/www.hoymercedes.com.ar\/principal\/wp-content\/uploads\/2023\/10\/Abogados-2-premio.jpg\" data-id=\"168917\" src=\"https:\/\/www.hoymercedes.com.ar\/principal\/wp-content\/uploads\/2023\/10\/Abogados-2-premio.jpg\" alt=\"\" class=\"wp-image-168917\" srcset=\"https:\/\/www.hoymercedes.com.ar\/principal\/wp-content\/uploads\/2023\/10\/Abogados-2-premio.jpg 633w, https:\/\/www.hoymercedes.com.ar\/principal\/wp-content\/uploads\/2023\/10\/Abogados-2-premio-491x620.jpg 491w, https:\/\/www.hoymercedes.com.ar\/principal\/wp-content\/uploads\/2023\/10\/Abogados-2-premio-119x150.jpg 119w\" sizes=\"auto, (max-width: 633px) 100vw, 633px\" \/><figcaption class=\"wp-element-caption\">Segundo Premio: obra 891. Graciela Saralegui (Mercedes). \u00abLuz de Campo\u00bb<\/figcaption><\/figure>\n\n\n\n<figure class=\"wp-block-image size-large\"><img loading=\"lazy\" decoding=\"async\" width=\"800\" height=\"559\" data-attachment-id=\"168918\" data-permalink=\"https:\/\/www.hoymercedes.com.ar\/principal\/2023\/10\/29\/jurado-definio-premios-y-obras-admitidas-del-salon-de-pintura-del-colegio-de-abogados\/abogados-3-premio\/#main\" data-orig-file=\"https:\/\/www.hoymercedes.com.ar\/principal\/wp-content\/uploads\/2023\/10\/Abogados-3-premio.jpg\" data-orig-size=\"800,559\" data-comments-opened=\"0\" data-image-meta=\"{&quot;aperture&quot;:&quot;0&quot;,&quot;credit&quot;:&quot;&quot;,&quot;camera&quot;:&quot;&quot;,&quot;caption&quot;:&quot;&quot;,&quot;created_timestamp&quot;:&quot;0&quot;,&quot;copyright&quot;:&quot;&quot;,&quot;focal_length&quot;:&quot;0&quot;,&quot;iso&quot;:&quot;0&quot;,&quot;shutter_speed&quot;:&quot;0&quot;,&quot;title&quot;:&quot;&quot;,&quot;orientation&quot;:&quot;0&quot;}\" data-image-title=\"Abogados 3 premio\" data-image-description=\"\" data-image-caption=\"\" data-large-file=\"https:\/\/www.hoymercedes.com.ar\/principal\/wp-content\/uploads\/2023\/10\/Abogados-3-premio.jpg\" data-id=\"168918\" src=\"https:\/\/www.hoymercedes.com.ar\/principal\/wp-content\/uploads\/2023\/10\/Abogados-3-premio.jpg\" alt=\"\" class=\"wp-image-168918\" srcset=\"https:\/\/www.hoymercedes.com.ar\/principal\/wp-content\/uploads\/2023\/10\/Abogados-3-premio.jpg 800w, https:\/\/www.hoymercedes.com.ar\/principal\/wp-content\/uploads\/2023\/10\/Abogados-3-premio-630x440.jpg 630w, https:\/\/www.hoymercedes.com.ar\/principal\/wp-content\/uploads\/2023\/10\/Abogados-3-premio-150x105.jpg 150w, https:\/\/www.hoymercedes.com.ar\/principal\/wp-content\/uploads\/2023\/10\/Abogados-3-premio-120x85.jpg 120w\" sizes=\"auto, (max-width: 800px) 100vw, 800px\" \/><figcaption class=\"wp-element-caption\">Tercer Premio: obra 935 Gladys Ayala (San Antonio de Padua) \u00abIslas\u00bb<\/figcaption><\/figure>\n\n\n\n<figure class=\"wp-block-image size-large\"><img loading=\"lazy\" decoding=\"async\" width=\"800\" height=\"803\" data-attachment-id=\"168919\" data-permalink=\"https:\/\/www.hoymercedes.com.ar\/principal\/2023\/10\/29\/jurado-definio-premios-y-obras-admitidas-del-salon-de-pintura-del-colegio-de-abogados\/abogados-4-premio\/#main\" data-orig-file=\"https:\/\/www.hoymercedes.com.ar\/principal\/wp-content\/uploads\/2023\/10\/Abogados-4-premio.jpg\" data-orig-size=\"800,803\" data-comments-opened=\"0\" data-image-meta=\"{&quot;aperture&quot;:&quot;0&quot;,&quot;credit&quot;:&quot;&quot;,&quot;camera&quot;:&quot;&quot;,&quot;caption&quot;:&quot;&quot;,&quot;created_timestamp&quot;:&quot;0&quot;,&quot;copyright&quot;:&quot;&quot;,&quot;focal_length&quot;:&quot;0&quot;,&quot;iso&quot;:&quot;0&quot;,&quot;shutter_speed&quot;:&quot;0&quot;,&quot;title&quot;:&quot;&quot;,&quot;orientation&quot;:&quot;0&quot;}\" data-image-title=\"Abogados 4 premio\" data-image-description=\"\" data-image-caption=\"\" data-large-file=\"https:\/\/www.hoymercedes.com.ar\/principal\/wp-content\/uploads\/2023\/10\/Abogados-4-premio.jpg\" data-id=\"168919\" src=\"https:\/\/www.hoymercedes.com.ar\/principal\/wp-content\/uploads\/2023\/10\/Abogados-4-premio.jpg\" alt=\"\" class=\"wp-image-168919\" srcset=\"https:\/\/www.hoymercedes.com.ar\/principal\/wp-content\/uploads\/2023\/10\/Abogados-4-premio.jpg 800w, https:\/\/www.hoymercedes.com.ar\/principal\/wp-content\/uploads\/2023\/10\/Abogados-4-premio-618x620.jpg 618w, https:\/\/www.hoymercedes.com.ar\/principal\/wp-content\/uploads\/2023\/10\/Abogados-4-premio-150x150.jpg 150w\" sizes=\"auto, (max-width: 800px) 100vw, 800px\" \/><figcaption class=\"wp-element-caption\">Cuarto Premio: obra 925, Miguel \u00c1ngel Ver\u00f3n (Mercedes) \u00abFrida\u00bb. <\/figcaption><\/figure>\n<\/figure>\n\n\n\n<p>Finalmente los miembros del Jurado resolvieron adjudicar los siguientes premios:<br>Primer Premio (adquisici\u00f3n en $200.000): obra 908. Paola Bertolotto (Suipacha) \u00abPasos VI\u00bb<br>Segundo Premio: obra 891. Graciela Saralegui (Mercedes). \u00abLuz de Campo\u00bb<br>Tercer Premio: obra 935 Gladys Ayala (San Antonio de Padua) \u00abIslas\u00bb<br>Cuarto Premio: obra 925, Miguel \u00c1ngel Ver\u00f3n (Mercedes) \u00abFrida\u00bb. <\/p>\n\n\n\n<p>Tambi\u00e9n el Jurado resolvi\u00f3 otorgar las siguientes\u00a0menciones especiales (no tienen orden preferencial):<br>Obra 860\u00a0 \u2013 \u00c1ngel Rutigliano (Mercedes) \u00abEnsardinados\u00bb<br>Obra 882 \u2013  Cecilia Di Gregorio (In\u00e9s Indart) \u00abMilagro en la Calle 8\u00bb<br>Obra 922 \u2013 Violeta Basma (Luj\u00e1n) \u00abImporesiones en azul\u00bb<br>Obra 937 \u2013\u00a0Andr\u00e9s Bustos Berrondo (Mercedes) \u00abAlejandra\u00bb<\/p>\n\n\n\n<p>Habi\u00e9ndose recibido 89 obras, el Jurado resolvi\u00f3 admitir 38, seg\u00fan el siguiente detalle:<\/p>\n\n\n\n<figure class=\"wp-block-table\"><table><tbody><tr><td><strong>Nro<\/strong><\/td><td><strong>Autor<\/strong><\/td><td><strong>Calificaci\u00f3n<\/strong><\/td><td><strong>&nbsp;<\/strong><\/td><td>&nbsp;<\/td><td><strong>Localidad<\/strong><\/td><td><strong>&nbsp;<\/strong><\/td><td><strong>Nombre de la obra<\/strong><\/td><\/tr><tr><td>860<\/td><td>RUTIGLIANO ANGEL<\/td><td>MENCION<\/td><td>&nbsp;<\/td><td>&nbsp;<\/td><td>MERCEDES<\/td><td>&nbsp;<\/td><td>ENSARDINADOS<\/td><\/tr><tr><td>861<\/td><td>BAUER MIRTA<\/td><td>ADMITIDO<\/td><td>&nbsp;<\/td><td>&nbsp;<\/td><td>SAN ANDRES GILES<\/td><td>&nbsp;<\/td><td>COMPLASENCIA<\/td><\/tr><tr><td>864<\/td><td>PUEBLAS MARIA CAROLINA<\/td><td>ADMITIDO<\/td><td>&nbsp;<\/td><td>&nbsp;<\/td><td>MERCEDES<\/td><td>&nbsp;<\/td><td>TIEMPO Y ESPACIO<\/td><\/tr><tr><td>869<\/td><td>RESTAINO MARIO ALBERTO<\/td><td>ADMITIDO<\/td><td>&nbsp;<\/td><td>&nbsp;<\/td><td>R. MEJIA<\/td><td>&nbsp;<\/td><td>IM\u00c1GENES DEL NAUFRAGIO<\/td><\/tr><tr><td>871<\/td><td>ALI LILIANA<\/td><td>ADMITIDO<\/td><td>&nbsp;<\/td><td>&nbsp;<\/td><td>MERCEDES<\/td><td>&nbsp;<\/td><td>PROFUNDIDAD<\/td><\/tr><tr><td>874<\/td><td>TAPIA PABLO<\/td><td>ADMITIDO<\/td><td>&nbsp;<\/td><td>&nbsp;<\/td><td>MERCEDES<\/td><td>&nbsp;<\/td><td>RESURRECCION<\/td><\/tr><tr><td>881<\/td><td>RODRIGUEZ PATRICIA<\/td><td>ADMITIDO<\/td><td>&nbsp;<\/td><td>&nbsp;<\/td><td>SALTO<\/td><td>&nbsp;<\/td><td>LAGUNAS<\/td><\/tr><tr><td>882<\/td><td>DI GREGORIO CECILIA<\/td><td>MENCION<\/td><td>&nbsp;<\/td><td>&nbsp;<\/td><td>INES INDART<\/td><td>&nbsp;<\/td><td>MILAGRO EN LA CALLE 8<\/td><\/tr><tr><td>884<\/td><td>RIVERO PAIS CAROLINA<\/td><td>ADMITIDO<\/td><td>&nbsp;<\/td><td>&nbsp;<\/td><td>INES INDART<\/td><td>&nbsp;<\/td><td>NAVIO MARCIANO<\/td><\/tr><tr><td>886<\/td><td>GOMEZ JOSE MARIA<\/td><td>ADMITIDO<\/td><td>&nbsp;<\/td><td>&nbsp;<\/td><td>SALTO<\/td><td>&nbsp;<\/td><td>ROMPE CABEZA<\/td><\/tr><tr><td>887<\/td><td>GOMEZ JOSE MARIA<\/td><td>ADMITIDO<\/td><td>&nbsp;<\/td><td>&nbsp;<\/td><td>SALTO<\/td><td>&nbsp;<\/td><td>NILO<\/td><\/tr><tr><td>891<\/td><td>SARALEGUI GRACIELA<\/td><td>2\u00ba PREMIO<\/td><td>&nbsp;<\/td><td>&nbsp;<\/td><td>MERCEDES<\/td><td>&nbsp;<\/td><td>LUZ DE CAMPO<\/td><\/tr><tr><td>890<\/td><td>SARALEGUI GRACIELA<\/td><td>ADMITIDO<\/td><td>&nbsp;<\/td><td>&nbsp;<\/td><td>MERCEDES<\/td><td>&nbsp;<\/td><td>LA MAGIA DEL ATARDECER<\/td><\/tr><tr><td>893<\/td><td>FERREYRA DELIA NOEMI<\/td><td>ADMITIDO<\/td><td>&nbsp;<\/td><td>&nbsp;<\/td><td>MERCEDES<\/td><td>&nbsp;<\/td><td>LAGRIMAS<\/td><\/tr><tr><td>895<\/td><td>LOPEZ MARINA VIVIANA<\/td><td>ADMITIDO<\/td><td>&nbsp;<\/td><td>&nbsp;<\/td><td>MERCEDES<\/td><td>&nbsp;<\/td><td>SOBREEXPUESTOS<\/td><\/tr><tr><td>898<\/td><td>TABOSSI PAULA<\/td><td>ADMITIDO<\/td><td>&nbsp;<\/td><td>&nbsp;<\/td><td>MERCEDES<\/td><td>&nbsp;<\/td><td>SIN TITULO<\/td><\/tr><tr><td>901<\/td><td>BAUER MIRTA<\/td><td>ADMITIDO<\/td><td>&nbsp;<\/td><td>&nbsp;<\/td><td>SAN ANDRES GILES<\/td><td>&nbsp;<\/td><td>REMINICENCIA<\/td><\/tr><tr><td>905<\/td><td>GUTIERREZ MERCEDES<\/td><td>ADMITIDO<\/td><td>&nbsp;<\/td><td>&nbsp;<\/td><td>MERCEDES<\/td><td>&nbsp;<\/td><td>LA TRAMA DE LA VIDA<\/td><\/tr><tr><td>908<\/td><td>BERTOLOTTO PAOLA<\/td><td>1\u00baPREMIO<\/td><td>&nbsp;<\/td><td>&nbsp;<\/td><td>SUIPACHA<\/td><td>&nbsp;<\/td><td>PASOS VI<\/td><\/tr><tr><td>909<\/td><td>BERTOLOTTO PAOLA<\/td><td>ADMITIDO<\/td><td>&nbsp;<\/td><td>&nbsp;<\/td><td>SUIPACHA<\/td><td>&nbsp;<\/td><td>PASOS VII<\/td><\/tr><tr><td>910<\/td><td>DELUCA MARTHA<\/td><td>ADMITIDO<\/td><td>&nbsp;<\/td><td>&nbsp;<\/td><td>MERCEDES<\/td><td>&nbsp;<\/td><td>ENTRE ALGAS Y LIQUIENES<\/td><\/tr><tr><td>911<\/td><td>GASPARINI MARIO JOSE<\/td><td>ADMITIDO<\/td><td>&nbsp;<\/td><td>&nbsp;<\/td><td>S.A. ARECO<\/td><td>&nbsp;<\/td><td>DESCANSO PAMPEANO<\/td><\/tr><tr><td>913<\/td><td>DAMNOTTI&nbsp; ANGELA<\/td><td>ADMITIDO<\/td><td>&nbsp;<\/td><td>&nbsp;<\/td><td>SAN FERNANDO<\/td><td>&nbsp;<\/td><td>RIO ESCONDIDO<\/td><\/tr><tr><td>914<\/td><td>BETTY POLI<\/td><td>ADMITIDO<\/td><td>&nbsp;<\/td><td>&nbsp;<\/td><td>JAUREGUI<\/td><td>&nbsp;<\/td><td>PANTALON CORTITO<\/td><\/tr><tr><td>921<\/td><td>QUAGLIARIELLO ROSANA<\/td><td>ADMITIDO<\/td><td>&nbsp;<\/td><td>&nbsp;<\/td><td>LUJAN<\/td><td>&nbsp;<\/td><td>DESCONTRUCCION II<\/td><\/tr><tr><td>922<\/td><td>BASMA VIOLETA<\/td><td>MENCION<\/td><td>&nbsp;<\/td><td>&nbsp;<\/td><td>LUJAN<\/td><td>&nbsp;<\/td><td>IMPRESIONES EN AZUL<\/td><\/tr><tr><td>925<\/td><td>VERON MIGUEL ANGEL<\/td><td>4\u00ba PREMIO<\/td><td>&nbsp;<\/td><td>&nbsp;<\/td><td>MERCEDES<\/td><td>&nbsp;<\/td><td>FRIDA<\/td><\/tr><tr><td>928<\/td><td>DIZ JUAN PABLO<\/td><td>ADMITIDO<\/td><td>&nbsp;<\/td><td>&nbsp;<\/td><td>LUJAN<\/td><td>&nbsp;<\/td><td>DUO EN LA CIUDAD<\/td><\/tr><tr><td>929<\/td><td>RUEDA JULIA<\/td><td>ADMITIDO<\/td><td>&nbsp;<\/td><td>&nbsp;<\/td><td>LUJAN<\/td><td>&nbsp;<\/td><td>PRESENCIA<\/td><\/tr><tr><td>932<\/td><td>GARCIA LAURA<\/td><td>ADMITIDO<\/td><td>&nbsp;<\/td><td>&nbsp;<\/td><td>MERCEDES<\/td><td>&nbsp;<\/td><td>SIN TITULO<\/td><\/tr><tr><td>935<\/td><td>AYALA GLADIS<\/td><td>3\u00ba PREMIO<\/td><td>&nbsp;<\/td><td>&nbsp;<\/td><td>PADUA<\/td><td>&nbsp;<\/td><td>ISLAS<\/td><\/tr><tr><td>937<\/td><td>BUSTOS BERRONDO ANDRES<\/td><td>MENCION<\/td><td>&nbsp;<\/td><td>&nbsp;<\/td><td>MERCEDES<\/td><td>&nbsp;<\/td><td>ALEJANDRA<\/td><\/tr><tr><td>951<\/td><td>METRO EDDIE<\/td><td>ADMITIDO<\/td><td>&nbsp;<\/td><td>&nbsp;<\/td><td>MERCEDES<\/td><td>&nbsp;<\/td><td>LA NOVIA 1923<\/td><\/tr><tr><td>953<\/td><td>RUSSO PABLO<\/td><td>ADMITIDO<\/td><td>&nbsp;<\/td><td>&nbsp;<\/td><td>MERCEDES<\/td><td>&nbsp;<\/td><td>QUE IMPORTA CUANTOS CIRCULOS SON<\/td><\/tr><tr><td>954<\/td><td>ZUCCHI FRANCISCO<\/td><td>ADMITIDO<\/td><td>&nbsp;<\/td><td>&nbsp;<\/td><td>LUJAN<\/td><td>&nbsp;<\/td><td>ARGENCHINA<\/td><\/tr><tr><td>955<\/td><td>ZUCCHI FRANCISCO<\/td><td>ADMITIDO<\/td><td>&nbsp;<\/td><td>&nbsp;<\/td><td>LUJAN<\/td><td>&nbsp;<\/td><td>EPIFANIA DEL POETA HERRERO<\/td><\/tr><tr><td>956<\/td><td>SARA IRENE DORA<\/td><td>ADMITIDO<\/td><td>&nbsp;<\/td><td>&nbsp;<\/td><td>S.A. PADUA<\/td><td>&nbsp;<\/td><td>BODEGON<\/td><\/tr><tr><td>960<\/td><td>BROWN MARCELA<\/td><td>ADMITIDO<\/td><td>&nbsp;<\/td><td>&nbsp;<\/td><td>MERCEDES<\/td><td>&nbsp;<\/td><td>EL VIEJO<\/td><\/tr><\/tbody><\/table><\/figure>\n","protected":false},"excerpt":{"rendered":"<p>La artista de Suipacha Paola Bertolotto obtuvo el Primer Premio (adquisici\u00f3n) con su obra \u00abPasos VI\u00bb. Graciela Saralegui (Mercedes), Galdys &#8230; <a title=\"Jurado defini\u00f3 Premios y Obras Admitidas, del Sal\u00f3n de Pintura del Colegio de Abogados\" class=\"read-more\" href=\"https:\/\/www.hoymercedes.com.ar\/principal\/2023\/10\/29\/jurado-definio-premios-y-obras-admitidas-del-salon-de-pintura-del-colegio-de-abogados\/\" aria-label=\"Leer m\u00e1s sobre Jurado defini\u00f3 Premios y Obras Admitidas, del Sal\u00f3n de Pintura del Colegio de Abogados\">Leer m\u00e1s<\/a><\/p>\n","protected":false},"author":1,"featured_media":168916,"comment_status":"closed","ping_status":"open","sticky":false,"template":"","format":"standard","meta":{"_monsterinsights_skip_tracking":false,"_monsterinsights_sitenote_active":false,"_monsterinsights_sitenote_note":"","_monsterinsights_sitenote_category":0,"jetpack_post_was_ever_published":false,"_jetpack_newsletter_access":"","_jetpack_dont_email_post_to_subs":false,"_jetpack_newsletter_tier_id":0,"_jetpack_memberships_contains_paywalled_content":false,"_jetpack_memberships_contains_paid_content":false,"footnotes":"","jetpack_publicize_message":"","jetpack_publicize_feature_enabled":true,"jetpack_social_post_already_shared":true,"jetpack_social_options":{"image_generator_settings":{"template":"highway","default_image_id":0,"font":"","enabled":false},"version":2},"_wpas_customize_per_network":false},"categories":[104],"tags":[7805],"class_list":["post-168915","post","type-post","status-publish","format-standard","has-post-thumbnail","hentry","category-cultura","tag-cultura","generate-columns","tablet-grid-50","mobile-grid-100","grid-parent","grid-50"],"jetpack_publicize_connections":[],"jetpack_featured_media_url":"https:\/\/www.hoymercedes.com.ar\/principal\/wp-content\/uploads\/2023\/10\/Abogados-1-premio.jpg","wps_subtitle":"","jetpack_sharing_enabled":true,"_links":{"self":[{"href":"https:\/\/www.hoymercedes.com.ar\/principal\/wp-json\/wp\/v2\/posts\/168915","targetHints":{"allow":["GET"]}}],"collection":[{"href":"https:\/\/www.hoymercedes.com.ar\/principal\/wp-json\/wp\/v2\/posts"}],"about":[{"href":"https:\/\/www.hoymercedes.com.ar\/principal\/wp-json\/wp\/v2\/types\/post"}],"author":[{"embeddable":true,"href":"https:\/\/www.hoymercedes.com.ar\/principal\/wp-json\/wp\/v2\/users\/1"}],"replies":[{"embeddable":true,"href":"https:\/\/www.hoymercedes.com.ar\/principal\/wp-json\/wp\/v2\/comments?post=168915"}],"version-history":[{"count":0,"href":"https:\/\/www.hoymercedes.com.ar\/principal\/wp-json\/wp\/v2\/posts\/168915\/revisions"}],"wp:featuredmedia":[{"embeddable":true,"href":"https:\/\/www.hoymercedes.com.ar\/principal\/wp-json\/wp\/v2\/media\/168916"}],"wp:attachment":[{"href":"https:\/\/www.hoymercedes.com.ar\/principal\/wp-json\/wp\/v2\/media?parent=168915"}],"wp:term":[{"taxonomy":"category","embeddable":true,"href":"https:\/\/www.hoymercedes.com.ar\/principal\/wp-json\/wp\/v2\/categories?post=168915"},{"taxonomy":"post_tag","embeddable":true,"href":"https:\/\/www.hoymercedes.com.ar\/principal\/wp-json\/wp\/v2\/tags?post=168915"}],"curies":[{"name":"wp","href":"https:\/\/api.w.org\/{rel}","templated":true}]}}