{"id":168925,"date":"2023-10-29T12:08:00","date_gmt":"2023-10-29T15:08:00","guid":{"rendered":"https:\/\/www.hoymercedes.com.ar\/principal\/?p=168925"},"modified":"2023-10-29T20:47:08","modified_gmt":"2023-10-29T23:47:08","slug":"charla-taller-en-el-hogar-villa-abrille-de-la-travesura-a-la-literatura","status":"publish","type":"post","link":"https:\/\/www.hoymercedes.com.ar\/principal\/2023\/10\/29\/charla-taller-en-el-hogar-villa-abrille-de-la-travesura-a-la-literatura\/","title":{"rendered":"Charla Taller en el Hogar Villa Abrille: \u00abDe la travesura a la literatura\u00bb"},"content":{"rendered":"\n<p>Por Oscar Dinova &#8211; El martes 17 de octubre, a las tres de la tarde, entre mates y bizcochitos, nos acercamos con nuestros libros al hermoso Hogar, orgullo de los mercedinos, para encontrarnos con \u201cj\u00f3venes mayores\u201d que ten\u00edan todas las intenciones de divertirse, aprender y recordar a\u00f1ejas y propias travesuras.<\/p>\n\n\n<div class=\"wp-block-image\">\n<figure class=\"aligncenter size-large\"><img loading=\"lazy\" decoding=\"async\" width=\"1024\" height=\"760\" data-attachment-id=\"168926\" data-permalink=\"https:\/\/www.hoymercedes.com.ar\/principal\/2023\/10\/29\/charla-taller-en-el-hogar-villa-abrille-de-la-travesura-a-la-literatura\/image-16-8\/#main\" data-orig-file=\"https:\/\/www.hoymercedes.com.ar\/principal\/wp-content\/uploads\/2023\/10\/image-16.png\" data-orig-size=\"2048,1520\" data-comments-opened=\"0\" data-image-meta=\"{&quot;aperture&quot;:&quot;0&quot;,&quot;credit&quot;:&quot;&quot;,&quot;camera&quot;:&quot;&quot;,&quot;caption&quot;:&quot;&quot;,&quot;created_timestamp&quot;:&quot;0&quot;,&quot;copyright&quot;:&quot;&quot;,&quot;focal_length&quot;:&quot;0&quot;,&quot;iso&quot;:&quot;0&quot;,&quot;shutter_speed&quot;:&quot;0&quot;,&quot;title&quot;:&quot;&quot;,&quot;orientation&quot;:&quot;0&quot;}\" data-image-title=\"image-16\" data-image-description=\"\" data-image-caption=\"\" data-large-file=\"https:\/\/www.hoymercedes.com.ar\/principal\/wp-content\/uploads\/2023\/10\/image-16-1024x760.png\" src=\"https:\/\/www.hoymercedes.com.ar\/principal\/wp-content\/uploads\/2023\/10\/image-16-1024x760.png\" alt=\"\" class=\"wp-image-168926\" srcset=\"https:\/\/www.hoymercedes.com.ar\/principal\/wp-content\/uploads\/2023\/10\/image-16-1024x760.png 1024w, https:\/\/www.hoymercedes.com.ar\/principal\/wp-content\/uploads\/2023\/10\/image-16-630x468.png 630w, https:\/\/www.hoymercedes.com.ar\/principal\/wp-content\/uploads\/2023\/10\/image-16-150x111.png 150w, https:\/\/www.hoymercedes.com.ar\/principal\/wp-content\/uploads\/2023\/10\/image-16-1536x1140.png 1536w, https:\/\/www.hoymercedes.com.ar\/principal\/wp-content\/uploads\/2023\/10\/image-16.png 2048w\" sizes=\"auto, (max-width: 1024px) 100vw, 1024px\" \/><\/figure>\n<\/div>\n\n\n<p>En el acogedor marco que es el sal\u00f3n de recepci\u00f3n del Hogar, sus muebles y biblioteca, las historias y an\u00e9cdotas fueron llegando. As\u00ed, hizo su presencia la tierna e inefable vecina de infancia, Do\u00f1a Anita Balmas. De su mano, fueron llegando las primeras \u201cdiabluras\u201d\u2026<\/p>\n\n\n\n<p>Como la vez que alguien quiso entrar sin permiso a comerse las ciruelas del fondo, los escobazos, los gritos y los ladridos de Negrita que alertaron del atropello. No falt\u00f3, por supuesto, el vecino que ped\u00eda el n\u00famero del perro en la quiniela, \u00a1\u00a1para jugarle vi\u00f3\u00f3!!<\/p>\n\n\n\n<p>Risas al por mayor.<br>Y entonces hicimos lugar para Negrita, -La perra de mil a\u00f1os- para recordarnos que todos tuvimos una mascota. Una que nos hizo muy felices, cuando los pies corr\u00edan ligeros y los d\u00edas no ten\u00edan nombre ni fecha. Pero como ellos viven siempre en nuestros corazones, ac\u00e1 est\u00e1 Negrita otra vez para decirnos como jugaba a los cowboys \u00abatacando\u00bb a nuestro t\u00edo, o nos escond\u00edamos juntos, cuando era la hora del ba\u00f1o. \u00a1Qu\u00e9 l\u00edo!<\/p>\n\n\n\n<p>Y otra vez la risa para borrar toda huella de tristeza.<br>Entre cuentos y narraciones, algunos trucos y consejos para que una parte del auditorio vaya a contar sus propias historias, all\u00e1 donde los convoquen. Entonaciones de voz, silencios oportunos, gestos, convocatoria a participar y algunas cosas m\u00e1s. Fue una clase viva, contagiante, con excelentes alumnos\u2026<\/p>\n\n\n\n<p>Y como premio a tan linda tarde dejamos, en donaci\u00f3n, ejemplares de Una Perra de Mil A\u00f1os. \u00a1Bravo!<br>Gracias a Vicky Odell, de Direcci\u00f3n de Adultos por su apoyo, a Naty Montoya \u2013y su grupo de Mayores CuentaCuentos- por la convocatoria, a Dolores con el Taller de Tecnolog\u00eda, y a todo el personal del Villa Abrille por su compa\u00f1\u00eda y atenciones.<br>Un regraaaciaaas a todos los residentes por su simpat\u00eda, buena onda y portarse como los chicos que fueron (y son todav\u00eda).<\/p>\n\n\n\n<p>Iremos pr\u00f3ximamente a otros Hogares donde nuestros mayores son queridos y atendidos como se merecen. \u00a1Vayan poniendo el agua para el mate!<br>Seguiremos haciendo Travesuras y Literatura.<\/p>\n\n\n\n<p>* Oscar Dinova, escritor-narrador<\/p>\n","protected":false},"excerpt":{"rendered":"<p>Por Oscar Dinova &#8211; El martes 17 de octubre, a las tres de la tarde, entre mates y bizcochitos, nos &#8230; <a title=\"Charla Taller en el Hogar Villa Abrille: \u00abDe la travesura a la literatura\u00bb\" class=\"read-more\" href=\"https:\/\/www.hoymercedes.com.ar\/principal\/2023\/10\/29\/charla-taller-en-el-hogar-villa-abrille-de-la-travesura-a-la-literatura\/\" aria-label=\"Leer m\u00e1s sobre Charla Taller en el Hogar Villa Abrille: \u00abDe la travesura a la literatura\u00bb\">Leer m\u00e1s<\/a><\/p>\n","protected":false},"author":1,"featured_media":168926,"comment_status":"closed","ping_status":"open","sticky":false,"template":"","format":"standard","meta":{"_monsterinsights_skip_tracking":false,"_monsterinsights_sitenote_active":false,"_monsterinsights_sitenote_note":"","_monsterinsights_sitenote_category":0,"jetpack_post_was_ever_published":false,"_jetpack_newsletter_access":"","_jetpack_dont_email_post_to_subs":false,"_jetpack_newsletter_tier_id":0,"_jetpack_memberships_contains_paywalled_content":false,"_jetpack_memberships_contains_paid_content":false,"footnotes":"","jetpack_publicize_message":"","jetpack_publicize_feature_enabled":true,"jetpack_social_post_already_shared":true,"jetpack_social_options":{"image_generator_settings":{"template":"highway","default_image_id":0,"font":"","enabled":false},"version":2},"_wpas_customize_per_network":false},"categories":[104],"tags":[7805],"class_list":["post-168925","post","type-post","status-publish","format-standard","has-post-thumbnail","hentry","category-cultura","tag-cultura","generate-columns","tablet-grid-50","mobile-grid-100","grid-parent","grid-50"],"jetpack_publicize_connections":[],"jetpack_featured_media_url":"https:\/\/www.hoymercedes.com.ar\/principal\/wp-content\/uploads\/2023\/10\/image-16.png","wps_subtitle":"","jetpack_sharing_enabled":true,"_links":{"self":[{"href":"https:\/\/www.hoymercedes.com.ar\/principal\/wp-json\/wp\/v2\/posts\/168925","targetHints":{"allow":["GET"]}}],"collection":[{"href":"https:\/\/www.hoymercedes.com.ar\/principal\/wp-json\/wp\/v2\/posts"}],"about":[{"href":"https:\/\/www.hoymercedes.com.ar\/principal\/wp-json\/wp\/v2\/types\/post"}],"author":[{"embeddable":true,"href":"https:\/\/www.hoymercedes.com.ar\/principal\/wp-json\/wp\/v2\/users\/1"}],"replies":[{"embeddable":true,"href":"https:\/\/www.hoymercedes.com.ar\/principal\/wp-json\/wp\/v2\/comments?post=168925"}],"version-history":[{"count":0,"href":"https:\/\/www.hoymercedes.com.ar\/principal\/wp-json\/wp\/v2\/posts\/168925\/revisions"}],"wp:featuredmedia":[{"embeddable":true,"href":"https:\/\/www.hoymercedes.com.ar\/principal\/wp-json\/wp\/v2\/media\/168926"}],"wp:attachment":[{"href":"https:\/\/www.hoymercedes.com.ar\/principal\/wp-json\/wp\/v2\/media?parent=168925"}],"wp:term":[{"taxonomy":"category","embeddable":true,"href":"https:\/\/www.hoymercedes.com.ar\/principal\/wp-json\/wp\/v2\/categories?post=168925"},{"taxonomy":"post_tag","embeddable":true,"href":"https:\/\/www.hoymercedes.com.ar\/principal\/wp-json\/wp\/v2\/tags?post=168925"}],"curies":[{"name":"wp","href":"https:\/\/api.w.org\/{rel}","templated":true}]}}