{"id":168940,"date":"2023-10-30T11:32:33","date_gmt":"2023-10-30T14:32:33","guid":{"rendered":"https:\/\/www.hoymercedes.com.ar\/principal\/?p=168940"},"modified":"2023-10-30T11:32:36","modified_gmt":"2023-10-30T14:32:36","slug":"conmemoraran-el-aniversario-de-las-elecciones-de-1983","status":"publish","type":"post","link":"https:\/\/www.hoymercedes.com.ar\/principal\/2023\/10\/30\/conmemoraran-el-aniversario-de-las-elecciones-de-1983\/","title":{"rendered":"Conmemorar\u00e1n el aniversario de las elecciones de 1983"},"content":{"rendered":"\n<figure class=\"wp-block-image size-large\"><img loading=\"lazy\" decoding=\"async\" width=\"1024\" height=\"1024\" data-attachment-id=\"168941\" data-permalink=\"https:\/\/www.hoymercedes.com.ar\/principal\/2023\/10\/30\/conmemoraran-el-aniversario-de-las-elecciones-de-1983\/invitacion-genero\/#main\" data-orig-file=\"https:\/\/www.hoymercedes.com.ar\/principal\/wp-content\/uploads\/2023\/10\/Invitacion-genero.jpg\" data-orig-size=\"1280,1280\" data-comments-opened=\"0\" data-image-meta=\"{&quot;aperture&quot;:&quot;0&quot;,&quot;credit&quot;:&quot;&quot;,&quot;camera&quot;:&quot;&quot;,&quot;caption&quot;:&quot;&quot;,&quot;created_timestamp&quot;:&quot;0&quot;,&quot;copyright&quot;:&quot;&quot;,&quot;focal_length&quot;:&quot;0&quot;,&quot;iso&quot;:&quot;0&quot;,&quot;shutter_speed&quot;:&quot;0&quot;,&quot;title&quot;:&quot;&quot;,&quot;orientation&quot;:&quot;0&quot;}\" data-image-title=\"Invitacion-genero\" data-image-description=\"\" data-image-caption=\"\" data-large-file=\"https:\/\/www.hoymercedes.com.ar\/principal\/wp-content\/uploads\/2023\/10\/Invitacion-genero-1024x1024.jpg\" src=\"https:\/\/www.hoymercedes.com.ar\/principal\/wp-content\/uploads\/2023\/10\/Invitacion-genero-1024x1024.jpg\" alt=\"\" class=\"wp-image-168941\" srcset=\"https:\/\/www.hoymercedes.com.ar\/principal\/wp-content\/uploads\/2023\/10\/Invitacion-genero-1024x1024.jpg 1024w, https:\/\/www.hoymercedes.com.ar\/principal\/wp-content\/uploads\/2023\/10\/Invitacion-genero-620x620.jpg 620w, https:\/\/www.hoymercedes.com.ar\/principal\/wp-content\/uploads\/2023\/10\/Invitacion-genero-150x150.jpg 150w, https:\/\/www.hoymercedes.com.ar\/principal\/wp-content\/uploads\/2023\/10\/Invitacion-genero.jpg 1280w\" sizes=\"auto, (max-width: 1024px) 100vw, 1024px\" \/><\/figure>\n\n\n\n<p>Este lunes 30 a las 18.30hs en el marco de las actividades de la \u201cComisi\u00f3n por el 40\u00ba Aniversario de la Recuperaci\u00f3n de la Democracia\u201d se llevar\u00e1 adelante un acto de conmemoraci\u00f3n de la elecci\u00f3n que permiti\u00f3 el regreso de la democracia al pa\u00eds y de la cual saliera elegido como presidente Ra\u00fal Alfons\u00edn.<\/p>\n\n\n\n<p>El encuentro se llevar\u00e1 a cabo en avenida 30 entre 17 y 15 y se invita a toda la comunidad.<\/p>\n\n\n\n<p>Adem\u00e1s, se supo que habr\u00e1 participaci\u00f3n de distintas figuras de la hist\u00f3rica social, institucional y pol\u00edtica de Mercedes como Juan Antonio Portesi, Juan Carlos Ben\u00edtez, Carlos Selva, Juan Ustarroz, entre otras figuras que est\u00e1n con inter\u00e9s de participar sujetas a temas de agenda.<\/p>\n\n\n\n<p>La acci\u00f3n es parte de las propuestas de la Comisi\u00f3n en el 40\u00ba aniversario del retorno de la democracia al pa\u00eds y que tuvo un importante inicio en el Teatro Argentino hace casi dos semanas cuando se efectu\u00f3 un reconocimiento a concejales y consejeros escolares de 1983 a la fecha.<\/p>\n\n\n\n<p>Esta nueva propuesta ser\u00e1, como se dijo, en avenida 30 frente al monumento de Ra\u00fal Alfons\u00edn a las 18.30hs este lunes 30 de octubre de 2023.<\/p>\n","protected":false},"excerpt":{"rendered":"<p>Este lunes 30 a las 18.30hs en el marco de las actividades de la \u201cComisi\u00f3n por el 40\u00ba Aniversario de &#8230; <a title=\"Conmemorar\u00e1n el aniversario de las elecciones de 1983\" class=\"read-more\" href=\"https:\/\/www.hoymercedes.com.ar\/principal\/2023\/10\/30\/conmemoraran-el-aniversario-de-las-elecciones-de-1983\/\" aria-label=\"Leer m\u00e1s sobre Conmemorar\u00e1n el aniversario de las elecciones de 1983\">Leer m\u00e1s<\/a><\/p>\n","protected":false},"author":1,"featured_media":168941,"comment_status":"closed","ping_status":"open","sticky":false,"template":"","format":"standard","meta":{"_monsterinsights_skip_tracking":false,"_monsterinsights_sitenote_active":false,"_monsterinsights_sitenote_note":"","_monsterinsights_sitenote_category":0,"jetpack_post_was_ever_published":false,"_jetpack_newsletter_access":"","_jetpack_dont_email_post_to_subs":false,"_jetpack_newsletter_tier_id":0,"_jetpack_memberships_contains_paywalled_content":false,"_jetpack_memberships_contains_paid_content":false,"footnotes":"","jetpack_publicize_message":"","jetpack_publicize_feature_enabled":true,"jetpack_social_post_already_shared":true,"jetpack_social_options":{"image_generator_settings":{"template":"highway","default_image_id":0,"font":"","enabled":false},"version":2},"_wpas_customize_per_network":false},"categories":[8],"tags":[],"class_list":["post-168940","post","type-post","status-publish","format-standard","has-post-thumbnail","hentry","category-sociedad","generate-columns","tablet-grid-50","mobile-grid-100","grid-parent","grid-50"],"jetpack_publicize_connections":[],"jetpack_featured_media_url":"https:\/\/www.hoymercedes.com.ar\/principal\/wp-content\/uploads\/2023\/10\/Invitacion-genero.jpg","wps_subtitle":"Instituciones ","jetpack_sharing_enabled":true,"_links":{"self":[{"href":"https:\/\/www.hoymercedes.com.ar\/principal\/wp-json\/wp\/v2\/posts\/168940","targetHints":{"allow":["GET"]}}],"collection":[{"href":"https:\/\/www.hoymercedes.com.ar\/principal\/wp-json\/wp\/v2\/posts"}],"about":[{"href":"https:\/\/www.hoymercedes.com.ar\/principal\/wp-json\/wp\/v2\/types\/post"}],"author":[{"embeddable":true,"href":"https:\/\/www.hoymercedes.com.ar\/principal\/wp-json\/wp\/v2\/users\/1"}],"replies":[{"embeddable":true,"href":"https:\/\/www.hoymercedes.com.ar\/principal\/wp-json\/wp\/v2\/comments?post=168940"}],"version-history":[{"count":0,"href":"https:\/\/www.hoymercedes.com.ar\/principal\/wp-json\/wp\/v2\/posts\/168940\/revisions"}],"wp:featuredmedia":[{"embeddable":true,"href":"https:\/\/www.hoymercedes.com.ar\/principal\/wp-json\/wp\/v2\/media\/168941"}],"wp:attachment":[{"href":"https:\/\/www.hoymercedes.com.ar\/principal\/wp-json\/wp\/v2\/media?parent=168940"}],"wp:term":[{"taxonomy":"category","embeddable":true,"href":"https:\/\/www.hoymercedes.com.ar\/principal\/wp-json\/wp\/v2\/categories?post=168940"},{"taxonomy":"post_tag","embeddable":true,"href":"https:\/\/www.hoymercedes.com.ar\/principal\/wp-json\/wp\/v2\/tags?post=168940"}],"curies":[{"name":"wp","href":"https:\/\/api.w.org\/{rel}","templated":true}]}}