{"id":168949,"date":"2023-10-30T16:00:00","date_gmt":"2023-10-30T19:00:00","guid":{"rendered":"https:\/\/www.hoymercedes.com.ar\/principal\/?p=168949"},"modified":"2023-10-30T12:05:53","modified_gmt":"2023-10-30T15:05:53","slug":"mas-obras-ambientales-y-de-cuidado-del-rio-lujan-y-sus-canales","status":"publish","type":"post","link":"https:\/\/www.hoymercedes.com.ar\/principal\/2023\/10\/30\/mas-obras-ambientales-y-de-cuidado-del-rio-lujan-y-sus-canales\/","title":{"rendered":"M\u00e1s obras ambientales y de cuidado del R\u00edo Luj\u00e1n y sus canales"},"content":{"rendered":"\n<figure class=\"wp-block-image size-large\"><img loading=\"lazy\" decoding=\"async\" width=\"1024\" height=\"576\" data-attachment-id=\"168950\" data-permalink=\"https:\/\/www.hoymercedes.com.ar\/principal\/2023\/10\/30\/mas-obras-ambientales-y-de-cuidado-del-rio-lujan-y-sus-canales\/4-39\/#main\" data-orig-file=\"https:\/\/www.hoymercedes.com.ar\/principal\/wp-content\/uploads\/2023\/10\/4.jpg\" data-orig-size=\"1563,879\" data-comments-opened=\"0\" data-image-meta=\"{&quot;aperture&quot;:&quot;0&quot;,&quot;credit&quot;:&quot;&quot;,&quot;camera&quot;:&quot;&quot;,&quot;caption&quot;:&quot;&quot;,&quot;created_timestamp&quot;:&quot;0&quot;,&quot;copyright&quot;:&quot;&quot;,&quot;focal_length&quot;:&quot;0&quot;,&quot;iso&quot;:&quot;0&quot;,&quot;shutter_speed&quot;:&quot;0&quot;,&quot;title&quot;:&quot;&quot;,&quot;orientation&quot;:&quot;0&quot;}\" data-image-title=\"Obras rio lujan\" data-image-description=\"&lt;p&gt;Obras rio lujan&lt;\/p&gt;\n\" data-image-caption=\"&lt;p&gt;Obras rio lujan&lt;\/p&gt;\n\" data-large-file=\"https:\/\/www.hoymercedes.com.ar\/principal\/wp-content\/uploads\/2023\/10\/4-1024x576.jpg\" src=\"https:\/\/www.hoymercedes.com.ar\/principal\/wp-content\/uploads\/2023\/10\/4-1024x576.jpg\" alt=\"\" class=\"wp-image-168950\" srcset=\"https:\/\/www.hoymercedes.com.ar\/principal\/wp-content\/uploads\/2023\/10\/4-1024x576.jpg 1024w, https:\/\/www.hoymercedes.com.ar\/principal\/wp-content\/uploads\/2023\/10\/4-630x354.jpg 630w, https:\/\/www.hoymercedes.com.ar\/principal\/wp-content\/uploads\/2023\/10\/4-150x84.jpg 150w, https:\/\/www.hoymercedes.com.ar\/principal\/wp-content\/uploads\/2023\/10\/4-1536x864.jpg 1536w, https:\/\/www.hoymercedes.com.ar\/principal\/wp-content\/uploads\/2023\/10\/4.jpg 1563w\" sizes=\"auto, (max-width: 1024px) 100vw, 1024px\" \/><\/figure>\n\n\n\n<p>El Comit\u00e9 de Cuenca del R\u00edo Luj\u00e1n (ComiLu), dependiente de la Subsecretar\u00eda de Recursos H\u00eddricos de la provincia de Buenos Aires, junto al Municipio de Mercedes desarrolla operativos de limpieza en la desembocadura del canal de la calle 16 entre la calle 65 bis y el r\u00edo Luj\u00e1n. &nbsp;<\/p>\n\n\n\n<p>El secretario de Obras Emanuel P\u00e9rez Carrera apunt\u00f3 \u201cesto responde a trabajos que viene realizando la Comilu (comit\u00e9 de cuenca del r\u00edo Luj\u00e1n) dependiente de la subsecretar\u00eda de Recursos H\u00eddricos de la provincia de Buenos Aires en cuanto a tareas que tienen que ver con mejoras de toda la cuenca\u201d.<\/p>\n\n\n\n<p>En este sentido, P\u00e9rez Carrera indic\u00f3 \u201cen ese marco es que el Municipio de Mercedes gestion\u00f3 la asistencia t\u00e9cnica y financiera para la limpieza y mantenimiento de los pluviales de la ciudad, en el casco urbano y suburbano al r\u00edo Luj\u00e1n\u201d y se\u00f1al\u00f3 \u201cen ese marco estamos llevando adelante esta limpieza en el canal de calle 16, con el desmalezamiento lo que permitir\u00eda un mejor escurrimiento del agua\u201d.<\/p>\n\n\n\n<p>Estas limpiezas forman parte de la planificaci\u00f3n surgida en la Mesa de Riesgo H\u00eddrico y tienen por finalidad reducir el riesgo de inundaciones, cuidar el ambiente de las zonas intervenidas, poner en valor espacios p\u00fablicos al tiempo que contribuir a la eliminaci\u00f3n de vectores transmisores de enfermedades. &nbsp;<\/p>\n","protected":false},"excerpt":{"rendered":"<p>El Comit\u00e9 de Cuenca del R\u00edo Luj\u00e1n (ComiLu), dependiente de la Subsecretar\u00eda de Recursos H\u00eddricos de la provincia de Buenos &#8230; <a title=\"M\u00e1s obras ambientales y de cuidado del R\u00edo Luj\u00e1n y sus canales\" class=\"read-more\" href=\"https:\/\/www.hoymercedes.com.ar\/principal\/2023\/10\/30\/mas-obras-ambientales-y-de-cuidado-del-rio-lujan-y-sus-canales\/\" aria-label=\"Leer m\u00e1s sobre M\u00e1s obras ambientales y de cuidado del R\u00edo Luj\u00e1n y sus canales\">Leer m\u00e1s<\/a><\/p>\n","protected":false},"author":1,"featured_media":168950,"comment_status":"closed","ping_status":"open","sticky":false,"template":"","format":"standard","meta":{"_monsterinsights_skip_tracking":false,"_monsterinsights_sitenote_active":false,"_monsterinsights_sitenote_note":"","_monsterinsights_sitenote_category":0,"jetpack_post_was_ever_published":false,"_jetpack_newsletter_access":"","_jetpack_dont_email_post_to_subs":false,"_jetpack_newsletter_tier_id":0,"_jetpack_memberships_contains_paywalled_content":false,"_jetpack_memberships_contains_paid_content":false,"footnotes":"","jetpack_publicize_message":"","jetpack_publicize_feature_enabled":true,"jetpack_social_post_already_shared":true,"jetpack_social_options":{"image_generator_settings":{"template":"highway","default_image_id":0,"font":"","enabled":false},"version":2},"_wpas_customize_per_network":false},"categories":[8],"tags":[13221,17622,225],"class_list":["post-168949","post","type-post","status-publish","format-standard","has-post-thumbnail","hentry","category-sociedad","tag-comilu","tag-cuidado-ambiental","tag-obras-mercedes","generate-columns","tablet-grid-50","mobile-grid-100","grid-parent","grid-50"],"jetpack_publicize_connections":[],"jetpack_featured_media_url":"https:\/\/www.hoymercedes.com.ar\/principal\/wp-content\/uploads\/2023\/10\/4.jpg","wps_subtitle":"Obra p\u00fablica y cuidado ambiental","jetpack_sharing_enabled":true,"_links":{"self":[{"href":"https:\/\/www.hoymercedes.com.ar\/principal\/wp-json\/wp\/v2\/posts\/168949","targetHints":{"allow":["GET"]}}],"collection":[{"href":"https:\/\/www.hoymercedes.com.ar\/principal\/wp-json\/wp\/v2\/posts"}],"about":[{"href":"https:\/\/www.hoymercedes.com.ar\/principal\/wp-json\/wp\/v2\/types\/post"}],"author":[{"embeddable":true,"href":"https:\/\/www.hoymercedes.com.ar\/principal\/wp-json\/wp\/v2\/users\/1"}],"replies":[{"embeddable":true,"href":"https:\/\/www.hoymercedes.com.ar\/principal\/wp-json\/wp\/v2\/comments?post=168949"}],"version-history":[{"count":0,"href":"https:\/\/www.hoymercedes.com.ar\/principal\/wp-json\/wp\/v2\/posts\/168949\/revisions"}],"wp:featuredmedia":[{"embeddable":true,"href":"https:\/\/www.hoymercedes.com.ar\/principal\/wp-json\/wp\/v2\/media\/168950"}],"wp:attachment":[{"href":"https:\/\/www.hoymercedes.com.ar\/principal\/wp-json\/wp\/v2\/media?parent=168949"}],"wp:term":[{"taxonomy":"category","embeddable":true,"href":"https:\/\/www.hoymercedes.com.ar\/principal\/wp-json\/wp\/v2\/categories?post=168949"},{"taxonomy":"post_tag","embeddable":true,"href":"https:\/\/www.hoymercedes.com.ar\/principal\/wp-json\/wp\/v2\/tags?post=168949"}],"curies":[{"name":"wp","href":"https:\/\/api.w.org\/{rel}","templated":true}]}}