{"id":168967,"date":"2023-10-30T12:45:00","date_gmt":"2023-10-30T15:45:00","guid":{"rendered":"https:\/\/www.hoymercedes.com.ar\/principal\/?p=168967"},"modified":"2023-10-30T18:18:19","modified_gmt":"2023-10-30T21:18:19","slug":"patin-lorenzo-garcia-subcampeon-nacional","status":"publish","type":"post","link":"https:\/\/www.hoymercedes.com.ar\/principal\/2023\/10\/30\/patin-lorenzo-garcia-subcampeon-nacional\/","title":{"rendered":"Pat\u00edn: Lorenzo Garc\u00eda Subcampe\u00f3n Nacional"},"content":{"rendered":"\n<p><strong><em>La Copa Argentina Ernesto Gonz\u00e1lez Molina cuenta con una amplia participaci\u00f3n, con aproximadamente 60 patinadores por nivel y categor\u00eda. Lorenzo Garc\u00eda, se destac\u00f3 en el estadio Ruca Che con una actuaci\u00f3n espectacular que lo llev\u00f3 a consagrarse como Subcampe\u00f3n Nacional.\u00a0<\/em><\/strong><\/p>\n\n\n<div class=\"wp-block-image\">\n<figure class=\"aligncenter size-full\"><img loading=\"lazy\" decoding=\"async\" width=\"765\" height=\"800\" data-attachment-id=\"168971\" data-permalink=\"https:\/\/www.hoymercedes.com.ar\/principal\/2023\/10\/30\/patin-lorenzo-garcia-subcampeon-nacional\/patin-3010\/#main\" data-orig-file=\"https:\/\/www.hoymercedes.com.ar\/principal\/wp-content\/uploads\/2023\/10\/patin-3010.jpg\" data-orig-size=\"765,800\" data-comments-opened=\"0\" data-image-meta=\"{&quot;aperture&quot;:&quot;0&quot;,&quot;credit&quot;:&quot;&quot;,&quot;camera&quot;:&quot;&quot;,&quot;caption&quot;:&quot;&quot;,&quot;created_timestamp&quot;:&quot;0&quot;,&quot;copyright&quot;:&quot;&quot;,&quot;focal_length&quot;:&quot;0&quot;,&quot;iso&quot;:&quot;0&quot;,&quot;shutter_speed&quot;:&quot;0&quot;,&quot;title&quot;:&quot;&quot;,&quot;orientation&quot;:&quot;0&quot;}\" data-image-title=\"patin 3010\" data-image-description=\"\" data-image-caption=\"\" data-large-file=\"https:\/\/www.hoymercedes.com.ar\/principal\/wp-content\/uploads\/2023\/10\/patin-3010.jpg\" src=\"https:\/\/www.hoymercedes.com.ar\/principal\/wp-content\/uploads\/2023\/10\/patin-3010.jpg\" alt=\"\" class=\"wp-image-168971\" srcset=\"https:\/\/www.hoymercedes.com.ar\/principal\/wp-content\/uploads\/2023\/10\/patin-3010.jpg 765w, https:\/\/www.hoymercedes.com.ar\/principal\/wp-content\/uploads\/2023\/10\/patin-3010-593x620.jpg 593w, https:\/\/www.hoymercedes.com.ar\/principal\/wp-content\/uploads\/2023\/10\/patin-3010-143x150.jpg 143w\" sizes=\"auto, (max-width: 765px) 100vw, 765px\" \/><\/figure>\n<\/div>\n\n\n<p>Lorenzo Garc\u00eda, el patinador de Infinito, y parte del seleccionado de la Federaci\u00f3n Porte\u00f1a de Pat\u00edn,&nbsp; brill\u00f3 en la Copa Argentina Ernesto Gonz\u00e1lez Molina que se celebra en Neuqu\u00e9n capital&nbsp; del 24 de octubre al 2 de noviembre.&nbsp;&nbsp;<\/p>\n\n\n\n<p>El evento fiscalizado por la Confederaci\u00f3n Argentina de Pat\u00edn, que involucra a competidores de todo el pa\u00eds, representa uno de los momentos m\u00e1s destacados del pat\u00edn art\u00edstico a nivel nacional de la divisional C.<\/p>\n\n\n\n<p>El certamen cuenta con una amplia participaci\u00f3n, con aproximadamente 60 patinadores por nivel y categor\u00eda, abarcando tres categor\u00edas y nueve edades. Esto lo convierte en la competencia m\u00e1s importante en el \u00e1mbito del pat\u00edn art\u00edstico en el pa\u00eds.<\/p>\n\n\n\n<p>Neuqu\u00e9n ha sido el anfitri\u00f3n de 1430 deportistas de toda Argentina, y en particular, el 27 de octubre, Lorenzo Garc\u00eda, acompa\u00f1ado por sus t\u00e9cnicas nacionales, Candela y Sof\u00eda Bruschi, se destac\u00f3 en el estadio Ruca Che con una actuaci\u00f3n espectacular que lo llev\u00f3 a consagrarse como Subcampe\u00f3n Nacional.<\/p>\n\n\n\n<p>Las t\u00e9cnicas felicitan a Lorenzo por su excelente desempe\u00f1o en este torneo de gran relevancia para el pat\u00edn art\u00edstico argentino.<\/p>\n\n\n\n<p>colaboraci\u00f3n Mariano Oyarz\u00fa<\/p>\n","protected":false},"excerpt":{"rendered":"<p>La Copa Argentina Ernesto Gonz\u00e1lez Molina cuenta con una amplia participaci\u00f3n, con aproximadamente 60 patinadores por nivel y categor\u00eda. Lorenzo &#8230; <a title=\"Pat\u00edn: Lorenzo Garc\u00eda Subcampe\u00f3n Nacional\" class=\"read-more\" href=\"https:\/\/www.hoymercedes.com.ar\/principal\/2023\/10\/30\/patin-lorenzo-garcia-subcampeon-nacional\/\" aria-label=\"Leer m\u00e1s sobre Pat\u00edn: Lorenzo Garc\u00eda Subcampe\u00f3n Nacional\">Leer m\u00e1s<\/a><\/p>\n","protected":false},"author":1,"featured_media":168971,"comment_status":"closed","ping_status":"open","sticky":false,"template":"","format":"standard","meta":{"_monsterinsights_skip_tracking":false,"_monsterinsights_sitenote_active":false,"_monsterinsights_sitenote_note":"","_monsterinsights_sitenote_category":0,"jetpack_post_was_ever_published":false,"_jetpack_newsletter_access":"","_jetpack_dont_email_post_to_subs":false,"_jetpack_newsletter_tier_id":0,"_jetpack_memberships_contains_paywalled_content":false,"_jetpack_memberships_contains_paid_content":false,"footnotes":"","jetpack_publicize_message":"","jetpack_publicize_feature_enabled":true,"jetpack_social_post_already_shared":true,"jetpack_social_options":{"image_generator_settings":{"template":"highway","default_image_id":0,"font":"","enabled":false},"version":2},"_wpas_customize_per_network":false},"categories":[8],"tags":[204],"class_list":["post-168967","post","type-post","status-publish","format-standard","has-post-thumbnail","hentry","category-sociedad","tag-deportes-2","generate-columns","tablet-grid-50","mobile-grid-100","grid-parent","grid-50"],"jetpack_publicize_connections":[],"jetpack_featured_media_url":"https:\/\/www.hoymercedes.com.ar\/principal\/wp-content\/uploads\/2023\/10\/patin-3010.jpg","wps_subtitle":"","jetpack_sharing_enabled":true,"_links":{"self":[{"href":"https:\/\/www.hoymercedes.com.ar\/principal\/wp-json\/wp\/v2\/posts\/168967","targetHints":{"allow":["GET"]}}],"collection":[{"href":"https:\/\/www.hoymercedes.com.ar\/principal\/wp-json\/wp\/v2\/posts"}],"about":[{"href":"https:\/\/www.hoymercedes.com.ar\/principal\/wp-json\/wp\/v2\/types\/post"}],"author":[{"embeddable":true,"href":"https:\/\/www.hoymercedes.com.ar\/principal\/wp-json\/wp\/v2\/users\/1"}],"replies":[{"embeddable":true,"href":"https:\/\/www.hoymercedes.com.ar\/principal\/wp-json\/wp\/v2\/comments?post=168967"}],"version-history":[{"count":0,"href":"https:\/\/www.hoymercedes.com.ar\/principal\/wp-json\/wp\/v2\/posts\/168967\/revisions"}],"wp:featuredmedia":[{"embeddable":true,"href":"https:\/\/www.hoymercedes.com.ar\/principal\/wp-json\/wp\/v2\/media\/168971"}],"wp:attachment":[{"href":"https:\/\/www.hoymercedes.com.ar\/principal\/wp-json\/wp\/v2\/media?parent=168967"}],"wp:term":[{"taxonomy":"category","embeddable":true,"href":"https:\/\/www.hoymercedes.com.ar\/principal\/wp-json\/wp\/v2\/categories?post=168967"},{"taxonomy":"post_tag","embeddable":true,"href":"https:\/\/www.hoymercedes.com.ar\/principal\/wp-json\/wp\/v2\/tags?post=168967"}],"curies":[{"name":"wp","href":"https:\/\/api.w.org\/{rel}","templated":true}]}}