{"id":168983,"date":"2023-10-30T21:04:53","date_gmt":"2023-10-31T00:04:53","guid":{"rendered":"https:\/\/www.hoymercedes.com.ar\/principal\/?p=168983"},"modified":"2023-10-30T21:05:47","modified_gmt":"2023-10-31T00:05:47","slug":"cuidados-paliativos-en-el-dubarry","status":"publish","type":"post","link":"https:\/\/www.hoymercedes.com.ar\/principal\/2023\/10\/30\/cuidados-paliativos-en-el-dubarry\/","title":{"rendered":"Cuidados Paliativos en el Dubarry"},"content":{"rendered":"\n<p>Informaci\u00f3n oficial H B.L. Dubarry &#8211; El mes de octubre es el mes de los Cuidados Paliativos y este 2023, el s\u00e1bado 14 de octubre fue el d\u00eda mundial de los C.P con el lema \u201cComunidades Compasivas: Juntos por los Cuidados Paliativos\u201d.<\/p>\n\n\n<div class=\"wp-block-image\">\n<figure class=\"aligncenter size-full\"><img loading=\"lazy\" decoding=\"async\" width=\"800\" height=\"566\" data-attachment-id=\"168991\" data-permalink=\"https:\/\/www.hoymercedes.com.ar\/principal\/2023\/10\/30\/cuidados-paliativos-en-el-dubarry\/cuidados-paliativos\/#main\" data-orig-file=\"https:\/\/www.hoymercedes.com.ar\/principal\/wp-content\/uploads\/2023\/10\/cuidados-paliativos.jpg\" data-orig-size=\"800,566\" data-comments-opened=\"0\" data-image-meta=\"{&quot;aperture&quot;:&quot;0&quot;,&quot;credit&quot;:&quot;&quot;,&quot;camera&quot;:&quot;&quot;,&quot;caption&quot;:&quot;&quot;,&quot;created_timestamp&quot;:&quot;0&quot;,&quot;copyright&quot;:&quot;&quot;,&quot;focal_length&quot;:&quot;0&quot;,&quot;iso&quot;:&quot;0&quot;,&quot;shutter_speed&quot;:&quot;0&quot;,&quot;title&quot;:&quot;&quot;,&quot;orientation&quot;:&quot;0&quot;}\" data-image-title=\"cuidados paliativos\" data-image-description=\"\" data-image-caption=\"\" data-large-file=\"https:\/\/www.hoymercedes.com.ar\/principal\/wp-content\/uploads\/2023\/10\/cuidados-paliativos.jpg\" src=\"https:\/\/www.hoymercedes.com.ar\/principal\/wp-content\/uploads\/2023\/10\/cuidados-paliativos.jpg\" alt=\"\" class=\"wp-image-168991\" srcset=\"https:\/\/www.hoymercedes.com.ar\/principal\/wp-content\/uploads\/2023\/10\/cuidados-paliativos.jpg 800w, https:\/\/www.hoymercedes.com.ar\/principal\/wp-content\/uploads\/2023\/10\/cuidados-paliativos-630x446.jpg 630w, https:\/\/www.hoymercedes.com.ar\/principal\/wp-content\/uploads\/2023\/10\/cuidados-paliativos-150x106.jpg 150w, https:\/\/www.hoymercedes.com.ar\/principal\/wp-content\/uploads\/2023\/10\/cuidados-paliativos-120x85.jpg 120w\" sizes=\"auto, (max-width: 800px) 100vw, 800px\" \/><\/figure>\n<\/div>\n\n\n<p>En la Provincia de Buenos Aires, el Ministerio de Salud tiene un programa provincial Cuidados Paliativos del IPC que permite el acceso a medicamentos analg\u00e9sicos y adyuvantes para el tratamiento de los s\u00edntomas de los pacientes oncol\u00f3gicos sin obra social que residen en la provincia.<\/p>\n\n\n\n<p>La Dra Cristina Losada integra el personal del Hospital Dubarry que trabaja sobre esta problem\u00e1tica y tiene una amplia experiencia en Cuidados Paliativos en el Hospital Nacional Sommer. Junto con la Trabajadora Social Luciana Ballesteros y la Terapista Ocupacional Virginia Sosena conforman un equipo de trabajo que abordan estos temas. Adem\u00e1s, el<br>hospital cuenta con el Dr Roberto Gayozo parte en internaci\u00f3n. <\/p>\n\n\n\n<p>Los Cuidados Paliativos es un modelo asistencial que busca mejorar la calidad de vida de los pacientes oncol\u00f3gicos y otras patolog\u00edas amenazantes para la vida y con pron\u00f3stico limitado.. Se basa en la prevenci\u00f3n y control del sufrimiento con identificaci\u00f3n precoz, evaluaci\u00f3n y tratamiento adecuado del dolor y otros problemas f\u00edsicos, psicosociales y existenciales. Por esto se apunta a un abordaje integral y hol\u00edstico y que contempla al paciente y tambi\u00e9n a la familia.<\/p>\n\n\n\n<p>Los Cuidados Paliativos buscan brindar calidad de vida a los pacientes y sus familias y se distingue de la atenci\u00f3n a los pacientes con dolor cr\u00f3nico. Los pacientes que requieren Cuidados Paliativos son aquellos que transitan enfermedades cardiol\u00f3gicas muy graves; esclerosis lateral amiotr\u00f3fica (ELA); enfermedades degenerativas y EPOC, entre otras. <\/p>\n\n\n\n<p>En el Hospital Dubarry los d\u00edas de atenci\u00f3n son los lunes y vienes a partir de las 8 horas en el 3\u00b0 piso, la Dra Losada y en el 1er piso oncolog\u00eda, los martes y jueves por la ma\u00f1ana, el Dr Gayozo. Quienes necesiten atenci\u00f3n pueden solicitar turno en consultorios de primero y tercer piso y luego pasar por la oficina de SAMO.<\/p>\n","protected":false},"excerpt":{"rendered":"<p>Informaci\u00f3n oficial H B.L. Dubarry &#8211; El mes de octubre es el mes de los Cuidados Paliativos y este 2023, &#8230; <a title=\"Cuidados Paliativos en el Dubarry\" class=\"read-more\" href=\"https:\/\/www.hoymercedes.com.ar\/principal\/2023\/10\/30\/cuidados-paliativos-en-el-dubarry\/\" aria-label=\"Leer m\u00e1s sobre Cuidados Paliativos en el Dubarry\">Leer m\u00e1s<\/a><\/p>\n","protected":false},"author":1,"featured_media":168991,"comment_status":"closed","ping_status":"open","sticky":false,"template":"","format":"standard","meta":{"_monsterinsights_skip_tracking":false,"_monsterinsights_sitenote_active":false,"_monsterinsights_sitenote_note":"","_monsterinsights_sitenote_category":0,"jetpack_post_was_ever_published":false,"_jetpack_newsletter_access":"","_jetpack_dont_email_post_to_subs":false,"_jetpack_newsletter_tier_id":0,"_jetpack_memberships_contains_paywalled_content":false,"_jetpack_memberships_contains_paid_content":false,"footnotes":"","jetpack_publicize_message":"","jetpack_publicize_feature_enabled":true,"jetpack_social_post_already_shared":true,"jetpack_social_options":{"image_generator_settings":{"template":"highway","default_image_id":0,"font":"","enabled":false},"version":2},"_wpas_customize_per_network":false},"categories":[8],"tags":[],"class_list":["post-168983","post","type-post","status-publish","format-standard","has-post-thumbnail","hentry","category-sociedad","generate-columns","tablet-grid-50","mobile-grid-100","grid-parent","grid-50"],"jetpack_publicize_connections":[],"jetpack_featured_media_url":"https:\/\/www.hoymercedes.com.ar\/principal\/wp-content\/uploads\/2023\/10\/cuidados-paliativos.jpg","wps_subtitle":"","jetpack_sharing_enabled":true,"_links":{"self":[{"href":"https:\/\/www.hoymercedes.com.ar\/principal\/wp-json\/wp\/v2\/posts\/168983","targetHints":{"allow":["GET"]}}],"collection":[{"href":"https:\/\/www.hoymercedes.com.ar\/principal\/wp-json\/wp\/v2\/posts"}],"about":[{"href":"https:\/\/www.hoymercedes.com.ar\/principal\/wp-json\/wp\/v2\/types\/post"}],"author":[{"embeddable":true,"href":"https:\/\/www.hoymercedes.com.ar\/principal\/wp-json\/wp\/v2\/users\/1"}],"replies":[{"embeddable":true,"href":"https:\/\/www.hoymercedes.com.ar\/principal\/wp-json\/wp\/v2\/comments?post=168983"}],"version-history":[{"count":0,"href":"https:\/\/www.hoymercedes.com.ar\/principal\/wp-json\/wp\/v2\/posts\/168983\/revisions"}],"wp:featuredmedia":[{"embeddable":true,"href":"https:\/\/www.hoymercedes.com.ar\/principal\/wp-json\/wp\/v2\/media\/168991"}],"wp:attachment":[{"href":"https:\/\/www.hoymercedes.com.ar\/principal\/wp-json\/wp\/v2\/media?parent=168983"}],"wp:term":[{"taxonomy":"category","embeddable":true,"href":"https:\/\/www.hoymercedes.com.ar\/principal\/wp-json\/wp\/v2\/categories?post=168983"},{"taxonomy":"post_tag","embeddable":true,"href":"https:\/\/www.hoymercedes.com.ar\/principal\/wp-json\/wp\/v2\/tags?post=168983"}],"curies":[{"name":"wp","href":"https:\/\/api.w.org\/{rel}","templated":true}]}}