{"id":169078,"date":"2023-11-02T14:27:26","date_gmt":"2023-11-02T17:27:26","guid":{"rendered":"https:\/\/www.hoymercedes.com.ar\/principal\/?p=169078"},"modified":"2023-11-02T14:28:05","modified_gmt":"2023-11-02T17:28:05","slug":"juraron-nuevo-matriculados-en-el-colegio-de-abogados","status":"publish","type":"post","link":"https:\/\/www.hoymercedes.com.ar\/principal\/2023\/11\/02\/juraron-nuevo-matriculados-en-el-colegio-de-abogados\/","title":{"rendered":"Juraron nuevo matriculados en el Colegio de Abogados"},"content":{"rendered":"\n<p>D\u00edas atr\u00e1s se llev\u00f3 adelante un nuevo acto de jura para los matriculados recientemente en el Colegio de Abogados del Departamento Judicial Mercedes. El acto fue presidido por el titular de la instituci\u00f3n Dr. Hern\u00e1n Salaverri y el Dr. C\u00e9sar Peisino, consejero y formador de mediadores. <\/p>\n\n\n<div class=\"wp-block-image\">\n<figure class=\"aligncenter size-full\"><img loading=\"lazy\" decoding=\"async\" width=\"800\" height=\"533\" data-attachment-id=\"169079\" data-permalink=\"https:\/\/www.hoymercedes.com.ar\/principal\/2023\/11\/02\/juraron-nuevo-matriculados-en-el-colegio-de-abogados\/20231025_135113\/#main\" data-orig-file=\"https:\/\/www.hoymercedes.com.ar\/principal\/wp-content\/uploads\/2023\/11\/20231025_135113.jpg\" data-orig-size=\"800,533\" data-comments-opened=\"0\" data-image-meta=\"{&quot;aperture&quot;:&quot;0&quot;,&quot;credit&quot;:&quot;&quot;,&quot;camera&quot;:&quot;&quot;,&quot;caption&quot;:&quot;&quot;,&quot;created_timestamp&quot;:&quot;1698241872&quot;,&quot;copyright&quot;:&quot;&quot;,&quot;focal_length&quot;:&quot;0&quot;,&quot;iso&quot;:&quot;0&quot;,&quot;shutter_speed&quot;:&quot;0&quot;,&quot;title&quot;:&quot;&quot;,&quot;orientation&quot;:&quot;0&quot;}\" data-image-title=\"20231025_135113\" data-image-description=\"\" data-image-caption=\"\" data-large-file=\"https:\/\/www.hoymercedes.com.ar\/principal\/wp-content\/uploads\/2023\/11\/20231025_135113.jpg\" src=\"https:\/\/www.hoymercedes.com.ar\/principal\/wp-content\/uploads\/2023\/11\/20231025_135113.jpg\" alt=\"\" class=\"wp-image-169079\" srcset=\"https:\/\/www.hoymercedes.com.ar\/principal\/wp-content\/uploads\/2023\/11\/20231025_135113.jpg 800w, https:\/\/www.hoymercedes.com.ar\/principal\/wp-content\/uploads\/2023\/11\/20231025_135113-630x420.jpg 630w, https:\/\/www.hoymercedes.com.ar\/principal\/wp-content\/uploads\/2023\/11\/20231025_135113-150x100.jpg 150w, https:\/\/www.hoymercedes.com.ar\/principal\/wp-content\/uploads\/2023\/11\/20231025_135113-700x465.jpg 700w\" sizes=\"auto, (max-width: 800px) 100vw, 800px\" \/><\/figure>\n<\/div>\n\n\n<p>En un emotivo acto llevado a cabo en las instalaciones del Colegio de Abogados del departamento judicial de Mercedes, se realiz\u00f3 la jura de nuevos matriculados. <\/p>\n\n\n\n<p>Se trata de las doctoras y doctores\u00a0<br><strong>Camila Beatriz Antonelli, <\/strong><br><strong>Nahuel Arioni, <\/strong><br><strong>Juan Manuel Bauer, <\/strong><br><strong>Romina Soledad Casuccio, <\/strong><br><strong>Victoria Collazo, <\/strong><br><strong>Francisco Ezequiel Cortes, <\/strong><br><strong>Josefina Devreux, <\/strong><br><strong>Mart\u00edn Eduardo Gonzalez Meaca, <\/strong><br><strong>Fresia Lucila Illescas, <\/strong><br><strong>Federico Manuel Llorente, <\/strong><br><strong>Cecilia Oderigo, <\/strong><br><strong>Mar\u00eda Cristina Pavoni Carbone, <\/strong><br><strong>Alesis Pellegrini <\/strong><br><strong>Nicole Peruzzo<\/strong><\/p>\n\n\n\n<p>Cada uno subi\u00f3 al escenario al Sal\u00f3n \u201cDr. Arturo Acu\u00f1a Anzorena\u201d del Colegio departamental, para firmar y recibir sus diplomas.<\/p>\n","protected":false},"excerpt":{"rendered":"<p>D\u00edas atr\u00e1s se llev\u00f3 adelante un nuevo acto de jura para los matriculados recientemente en el Colegio de Abogados del &#8230; <a title=\"Juraron nuevo matriculados en el Colegio de Abogados\" class=\"read-more\" href=\"https:\/\/www.hoymercedes.com.ar\/principal\/2023\/11\/02\/juraron-nuevo-matriculados-en-el-colegio-de-abogados\/\" aria-label=\"Leer m\u00e1s sobre Juraron nuevo matriculados en el Colegio de Abogados\">Leer m\u00e1s<\/a><\/p>\n","protected":false},"author":1,"featured_media":169079,"comment_status":"closed","ping_status":"open","sticky":false,"template":"","format":"standard","meta":{"_monsterinsights_skip_tracking":false,"_monsterinsights_sitenote_active":false,"_monsterinsights_sitenote_note":"","_monsterinsights_sitenote_category":0,"jetpack_post_was_ever_published":false,"_jetpack_newsletter_access":"","_jetpack_dont_email_post_to_subs":false,"_jetpack_newsletter_tier_id":0,"_jetpack_memberships_contains_paywalled_content":false,"_jetpack_memberships_contains_paid_content":false,"footnotes":"","jetpack_publicize_message":"","jetpack_publicize_feature_enabled":true,"jetpack_social_post_already_shared":true,"jetpack_social_options":{"image_generator_settings":{"template":"highway","default_image_id":0,"font":"","enabled":false},"version":2},"_wpas_customize_per_network":false},"categories":[8],"tags":[],"class_list":["post-169078","post","type-post","status-publish","format-standard","has-post-thumbnail","hentry","category-sociedad","generate-columns","tablet-grid-50","mobile-grid-100","grid-parent","grid-50"],"jetpack_publicize_connections":[],"jetpack_featured_media_url":"https:\/\/www.hoymercedes.com.ar\/principal\/wp-content\/uploads\/2023\/11\/20231025_135113.jpg","wps_subtitle":"","jetpack_sharing_enabled":true,"_links":{"self":[{"href":"https:\/\/www.hoymercedes.com.ar\/principal\/wp-json\/wp\/v2\/posts\/169078","targetHints":{"allow":["GET"]}}],"collection":[{"href":"https:\/\/www.hoymercedes.com.ar\/principal\/wp-json\/wp\/v2\/posts"}],"about":[{"href":"https:\/\/www.hoymercedes.com.ar\/principal\/wp-json\/wp\/v2\/types\/post"}],"author":[{"embeddable":true,"href":"https:\/\/www.hoymercedes.com.ar\/principal\/wp-json\/wp\/v2\/users\/1"}],"replies":[{"embeddable":true,"href":"https:\/\/www.hoymercedes.com.ar\/principal\/wp-json\/wp\/v2\/comments?post=169078"}],"version-history":[{"count":0,"href":"https:\/\/www.hoymercedes.com.ar\/principal\/wp-json\/wp\/v2\/posts\/169078\/revisions"}],"wp:featuredmedia":[{"embeddable":true,"href":"https:\/\/www.hoymercedes.com.ar\/principal\/wp-json\/wp\/v2\/media\/169079"}],"wp:attachment":[{"href":"https:\/\/www.hoymercedes.com.ar\/principal\/wp-json\/wp\/v2\/media?parent=169078"}],"wp:term":[{"taxonomy":"category","embeddable":true,"href":"https:\/\/www.hoymercedes.com.ar\/principal\/wp-json\/wp\/v2\/categories?post=169078"},{"taxonomy":"post_tag","embeddable":true,"href":"https:\/\/www.hoymercedes.com.ar\/principal\/wp-json\/wp\/v2\/tags?post=169078"}],"curies":[{"name":"wp","href":"https:\/\/api.w.org\/{rel}","templated":true}]}}