{"id":169124,"date":"2023-11-03T08:20:00","date_gmt":"2023-11-03T11:20:00","guid":{"rendered":"https:\/\/www.hoymercedes.com.ar\/principal\/?p=169124"},"modified":"2023-11-03T00:23:29","modified_gmt":"2023-11-03T03:23:29","slug":"buena-noticia-afiliados-de-pami-tendran-servicio-de-ambulancias-semmer","status":"publish","type":"post","link":"https:\/\/www.hoymercedes.com.ar\/principal\/2023\/11\/03\/buena-noticia-afiliados-de-pami-tendran-servicio-de-ambulancias-semmer\/","title":{"rendered":"Buena noticia: afiliados de PAMI tendr\u00e1n servicio de ambulancias Semmer"},"content":{"rendered":"\n<figure class=\"wp-block-image size-large\"><img loading=\"lazy\" decoding=\"async\" width=\"1024\" height=\"682\" data-attachment-id=\"169125\" data-permalink=\"https:\/\/www.hoymercedes.com.ar\/principal\/2023\/11\/03\/buena-noticia-afiliados-de-pami-tendran-servicio-de-ambulancias-semmer\/dsc08886\/#main\" data-orig-file=\"https:\/\/www.hoymercedes.com.ar\/principal\/wp-content\/uploads\/2023\/11\/DSC08886.jpg\" data-orig-size=\"1319,879\" data-comments-opened=\"0\" data-image-meta=\"{&quot;aperture&quot;:&quot;0&quot;,&quot;credit&quot;:&quot;seba_avila_1&quot;,&quot;camera&quot;:&quot;&quot;,&quot;caption&quot;:&quot;&quot;,&quot;created_timestamp&quot;:&quot;0&quot;,&quot;copyright&quot;:&quot;&quot;,&quot;focal_length&quot;:&quot;0&quot;,&quot;iso&quot;:&quot;0&quot;,&quot;shutter_speed&quot;:&quot;0&quot;,&quot;title&quot;:&quot;&quot;,&quot;orientation&quot;:&quot;0&quot;}\" data-image-title=\"Semmer-ustarroz-altube\" data-image-description=\"\" data-image-caption=\"\" data-large-file=\"https:\/\/www.hoymercedes.com.ar\/principal\/wp-content\/uploads\/2023\/11\/DSC08886-1024x682.jpg\" src=\"https:\/\/www.hoymercedes.com.ar\/principal\/wp-content\/uploads\/2023\/11\/DSC08886-1024x682.jpg\" alt=\"\" class=\"wp-image-169125\" srcset=\"https:\/\/www.hoymercedes.com.ar\/principal\/wp-content\/uploads\/2023\/11\/DSC08886-1024x682.jpg 1024w, https:\/\/www.hoymercedes.com.ar\/principal\/wp-content\/uploads\/2023\/11\/DSC08886-630x420.jpg 630w, https:\/\/www.hoymercedes.com.ar\/principal\/wp-content\/uploads\/2023\/11\/DSC08886-150x100.jpg 150w, https:\/\/www.hoymercedes.com.ar\/principal\/wp-content\/uploads\/2023\/11\/DSC08886-700x465.jpg 700w, https:\/\/www.hoymercedes.com.ar\/principal\/wp-content\/uploads\/2023\/11\/DSC08886.jpg 1319w\" sizes=\"auto, (max-width: 1024px) 100vw, 1024px\" \/><\/figure>\n\n\n\n<p><\/p>\n\n\n\n<p>Municipio junto a PAMI firman nuevo convenio que integrar\u00e1 a Semmer en la atenci\u00f3n de urgencia y emergencia a los m\u00e1s de 10 mil afiliados de la ciudad.<\/p>\n\n\n\n<p>El intendente Juan Ignacio Ustarroz expres\u00f3 \u201cesta acci\u00f3n tiene dos beneficios directos e inmediatos, uno, el de generar trabajo en la ciudad porque volver a tener el dispositivo Semmer brindando este servicio, para nosotros es mucho mejor porque est\u00e1 y emplea gente de Mercedes\u201d y agreg\u00f3 \u201cy, en segundo t\u00e9rmino, de la mano de esto, es que ayuda y contribuye a fortalecer el sistema de atenci\u00f3n ante la urgencia y la emergencia\u201d.<\/p>\n\n\n\n<p>\u201cComo muchas cosas, cuando algo no funciona, la gente le demanda al municipio o al hospital, nosotros a veces tratamos de dar respuesta, en este caso, la de suplir la falencia que hab\u00eda con esta empresa que no era de Mercedes y que no ten\u00eda la log\u00edstica suficiente\u201d se\u00f1al\u00f3 el intendente Ustarroz y destac\u00f3 \u201cahora este cambio, lo que nos permite es mejorar el sistema de atenci\u00f3n\u201d.<\/p>\n\n\n\n<p>\u201cLo que charlamos con la gente de Pami era la necesidad de incorporar una empresa de Mercedes que brinde un servicio m\u00e1s \u00f3ptimo con el cual nosotros tengamos otro nivel de articulaci\u00f3n, donde lo que uno busca, es mejorar y fortalecer un sistema de salud integral donde una de las patas centrales es la atenci\u00f3n en la emergencia\u201d remarc\u00f3 Ustarroz. &nbsp;&nbsp;<\/p>\n\n\n\n<p>Santiago Altube quien est\u00e1 al frente de PAMI en nuestra ciudad, se\u00f1al\u00f3 \u201cestamos muy contentos porque a partir del lunes recuperamos el servicio del Semmer como urgencia y emergencia en domicilio, algo que hasta el 2015 hab\u00edamos tenido\u201d y apunt\u00f3 \u201cesto es gracias a un gran trabajo en conjunto con el Municipio de Mercedes, qui\u00e9n a trav\u00e9s de las gestiones y el trabajo realizado por el intendente Ustarroz, pudimos concretarlo\u201d.<\/p>\n\n\n\n<p>\u201cPor lo que felices que los casi 10 mil afiliados tengan una vez m\u00e1s una respuesta real y efectiva a la hora de una urgencia o emergencia\u201d.<\/p>\n\n\n\n<p>Por su parte, Mariana Rodriguez quien es parte de la empresa Semmer indic\u00f3 \u201cestamos trabajando y planificando hace tiempo para brindar este servicio, donde ya estamos preparados y esperando ansiosos, para que empiece a correr el convenio y as\u00ed comenzar a dar el servicio\u201d. \u00a0<\/p>\n","protected":false},"excerpt":{"rendered":"<p>Municipio junto a PAMI firman nuevo convenio que integrar\u00e1 a Semmer en la atenci\u00f3n de urgencia y emergencia a los &#8230; <a title=\"Buena noticia: afiliados de PAMI tendr\u00e1n servicio de ambulancias Semmer\" class=\"read-more\" href=\"https:\/\/www.hoymercedes.com.ar\/principal\/2023\/11\/03\/buena-noticia-afiliados-de-pami-tendran-servicio-de-ambulancias-semmer\/\" aria-label=\"Leer m\u00e1s sobre Buena noticia: afiliados de PAMI tendr\u00e1n servicio de ambulancias Semmer\">Leer m\u00e1s<\/a><\/p>\n","protected":false},"author":1,"featured_media":169125,"comment_status":"closed","ping_status":"open","sticky":false,"template":"","format":"standard","meta":{"_monsterinsights_skip_tracking":false,"_monsterinsights_sitenote_active":false,"_monsterinsights_sitenote_note":"","_monsterinsights_sitenote_category":0,"jetpack_post_was_ever_published":false,"_jetpack_newsletter_access":"","_jetpack_dont_email_post_to_subs":false,"_jetpack_newsletter_tier_id":0,"_jetpack_memberships_contains_paywalled_content":false,"_jetpack_memberships_contains_paid_content":false,"footnotes":"","jetpack_publicize_message":"","jetpack_publicize_feature_enabled":true,"jetpack_social_post_already_shared":true,"jetpack_social_options":{"image_generator_settings":{"template":"highway","default_image_id":0,"font":"","enabled":false},"version":2},"_wpas_customize_per_network":false},"categories":[8],"tags":[500,8231,18866],"class_list":["post-169124","post","type-post","status-publish","format-standard","has-post-thumbnail","hentry","category-sociedad","tag-pami-mercedes","tag-santiago-altube","tag-semmer","generate-columns","tablet-grid-50","mobile-grid-100","grid-parent","grid-50"],"jetpack_publicize_connections":[],"jetpack_featured_media_url":"https:\/\/www.hoymercedes.com.ar\/principal\/wp-content\/uploads\/2023\/11\/DSC08886.jpg","wps_subtitle":"Prestaciones m\u00e9dicas","jetpack_sharing_enabled":true,"_links":{"self":[{"href":"https:\/\/www.hoymercedes.com.ar\/principal\/wp-json\/wp\/v2\/posts\/169124","targetHints":{"allow":["GET"]}}],"collection":[{"href":"https:\/\/www.hoymercedes.com.ar\/principal\/wp-json\/wp\/v2\/posts"}],"about":[{"href":"https:\/\/www.hoymercedes.com.ar\/principal\/wp-json\/wp\/v2\/types\/post"}],"author":[{"embeddable":true,"href":"https:\/\/www.hoymercedes.com.ar\/principal\/wp-json\/wp\/v2\/users\/1"}],"replies":[{"embeddable":true,"href":"https:\/\/www.hoymercedes.com.ar\/principal\/wp-json\/wp\/v2\/comments?post=169124"}],"version-history":[{"count":0,"href":"https:\/\/www.hoymercedes.com.ar\/principal\/wp-json\/wp\/v2\/posts\/169124\/revisions"}],"wp:featuredmedia":[{"embeddable":true,"href":"https:\/\/www.hoymercedes.com.ar\/principal\/wp-json\/wp\/v2\/media\/169125"}],"wp:attachment":[{"href":"https:\/\/www.hoymercedes.com.ar\/principal\/wp-json\/wp\/v2\/media?parent=169124"}],"wp:term":[{"taxonomy":"category","embeddable":true,"href":"https:\/\/www.hoymercedes.com.ar\/principal\/wp-json\/wp\/v2\/categories?post=169124"},{"taxonomy":"post_tag","embeddable":true,"href":"https:\/\/www.hoymercedes.com.ar\/principal\/wp-json\/wp\/v2\/tags?post=169124"}],"curies":[{"name":"wp","href":"https:\/\/api.w.org\/{rel}","templated":true}]}}