{"id":169160,"date":"2023-11-03T16:55:30","date_gmt":"2023-11-03T19:55:30","guid":{"rendered":"https:\/\/www.hoymercedes.com.ar\/principal\/?p=169160"},"modified":"2023-11-03T17:40:58","modified_gmt":"2023-11-03T20:40:58","slug":"danza-teatro-de-la-mano-de-la-obra-arata","status":"publish","type":"post","link":"https:\/\/www.hoymercedes.com.ar\/principal\/2023\/11\/03\/danza-teatro-de-la-mano-de-la-obra-arata\/","title":{"rendered":"Danza-teatro de la mano de la obra \u00abArata\u00bb"},"content":{"rendered":"\n<p>Subir\u00e1n al escenario del Teatro Argentino Julio C. Gioscio, el viernes 10 de noviembre, 21 horas. La obra est\u00e1 dirigida por la mercedina Laura Kahan y Javier Murphy Figueroa, ambos tambi\u00e9n integran el elenco. Las entradas se encuentran a la venta. <\/p>\n\n\n<div class=\"wp-block-image\">\n<figure class=\"aligncenter size-full\"><img loading=\"lazy\" decoding=\"async\" width=\"800\" height=\"534\" data-attachment-id=\"169161\" data-permalink=\"https:\/\/www.hoymercedes.com.ar\/principal\/2023\/11\/03\/danza-teatro-de-la-mano-de-la-obra-arata\/arata-teatro\/#main\" data-orig-file=\"https:\/\/www.hoymercedes.com.ar\/principal\/wp-content\/uploads\/2023\/11\/arata-teatro-.jpg\" data-orig-size=\"800,534\" data-comments-opened=\"0\" data-image-meta=\"{&quot;aperture&quot;:&quot;0&quot;,&quot;credit&quot;:&quot;&quot;,&quot;camera&quot;:&quot;&quot;,&quot;caption&quot;:&quot;&quot;,&quot;created_timestamp&quot;:&quot;0&quot;,&quot;copyright&quot;:&quot;&quot;,&quot;focal_length&quot;:&quot;0&quot;,&quot;iso&quot;:&quot;0&quot;,&quot;shutter_speed&quot;:&quot;0&quot;,&quot;title&quot;:&quot;&quot;,&quot;orientation&quot;:&quot;0&quot;}\" data-image-title=\"arata teatro\" data-image-description=\"\" data-image-caption=\"\" data-large-file=\"https:\/\/www.hoymercedes.com.ar\/principal\/wp-content\/uploads\/2023\/11\/arata-teatro-.jpg\" src=\"https:\/\/www.hoymercedes.com.ar\/principal\/wp-content\/uploads\/2023\/11\/arata-teatro-.jpg\" alt=\"\" class=\"wp-image-169161\" srcset=\"https:\/\/www.hoymercedes.com.ar\/principal\/wp-content\/uploads\/2023\/11\/arata-teatro-.jpg 800w, https:\/\/www.hoymercedes.com.ar\/principal\/wp-content\/uploads\/2023\/11\/arata-teatro--630x421.jpg 630w, https:\/\/www.hoymercedes.com.ar\/principal\/wp-content\/uploads\/2023\/11\/arata-teatro--150x100.jpg 150w\" sizes=\"auto, (max-width: 800px) 100vw, 800px\" \/><\/figure>\n<\/div>\n\n\n<p>\u00bfDe qu\u00e9 trata Arata?. Son seis viajeras, desconocidas entre s\u00ed, llegan a una estaci\u00f3n de tren. La espera transforma el tiempo y el tiempo evoca la imaginaci\u00f3n. Otra capa de la realidad se despega y comienza un viaje intradimensi\u00f3n.<\/p>\n\n\n\n<p>\u00abArata es una obra de danza-teatro inspirada en el espacio urbano de la estaci\u00f3n de tren que lleva el mismo nombre. Tomamos el paisaje industrial y la est\u00e9tica de la estaci\u00f3n conservada desde los \u201870, la vida cotidiana en el and\u00e9n, la mezcla de pasajerxs y situaciones durante la espera y el viaje para crear fantas\u00edas que alteran la realidad modificando la noci\u00f3n del tiempo y del espacio. \u00bfQu\u00e9 pasa en la espera? \u00bfEs el tiempo el\u00e1stico? \u00bfQu\u00e9 escenarios se abren gracias a la imaginaci\u00f3n? \u00bfQu\u00e9 control tenemos sobre el curso natural de los encuentros? \u00bfCu\u00e1nto dura un sue\u00f1o?\u00bb, cuenta el elenco sobre la obra. <\/p>\n\n\n\n<p>\u00abLa investigaci\u00f3n inicial se llev\u00f3 a cabo en tiempos de pandemia y restricciones sociales, cuando descubrimos el espacio al frecuentar la isla de la paternal. Comenzamos haciendo videos, improvisaciones, y luego a construir la obra en la<br>misma estaci\u00f3n como espacio esc\u00e9nico. Ensayamos en el and\u00e9n y en sala durante siete meses y realizamos funciones all\u00ed en noviembre\/diciembre 2021 y abril 2022. Durante 2022 compusimos una versi\u00f3n de la obra para sala y realizamos funciones en G104 durante diciembre con el apoyo de Prodanza\u00bb, agregan sobre el proyecto del grupo actoral. <\/p>\n\n\n\n<p>\u00abEn enero 2023 formamos parte del ciclo \u00ab<a href=\"https:\/\/www.youtube.com\/watch?v=776hoRId31s\" data-type=\"link\" data-id=\"https:\/\/www.youtube.com\/watch?v=776hoRId31s\" target=\"_blank\" rel=\"noopener\">Noches de Verano\u00bb del Centro Cultural San Mart\u00edn <\/a>y realizamos la obra en la Plaza de las Am\u00e9ricas. En febrero 2023 realizamos dos funciones en la Sala Danza de Tecn\u00f3polis como parte de la programaci\u00f3n de la temporada\u00bb, destacan haciendo hincapi\u00e9 en las funciones previas a las que presentar\u00e1n en Mercedes. <\/p>\n\n\n\n<p>Funci\u00f3n: <br>Teatro Argentino Int. Julio C. Gioscio (Calle 27 entre 26 y 24) . <br>Viernes 10 de noviembre &#8211; 21:00 hs <br>Entradas: 1 x $ 2.500,00 \u00f3 2 x $ 4.000. <br>Las entradas se pueden adquirir en la boleter\u00eda del Teatro o ingresando a este link: <a href=\"https:\/\/www.alternativateatral.com\/obra76795-arata\" target=\"_blank\" rel=\"noopener\">https:\/\/www.alternativateatral.com\/obra76795-arata<\/a><\/p>\n\n\n\n<p>Ficha t\u00e9cnica: <br>Int\u00e9rpretes: Laura Kahan,\u00a0Javier Murphy Figueroa,\u00a0Agustina Paez,\u00a0Manuel Pallero,\u00a0Ana Pellegrini,\u00a0B\u00e1rbara P\u00e9rez \u00c1lvarez<br>Video: Carolina Machado<br>Fotograf\u00eda: Santiago Lopes<br>Asistencia: Paula Caldirola<br>Direcci\u00f3n: Laura Kahan y\u00a0Javier Murphy Figueroa<\/p>\n","protected":false},"excerpt":{"rendered":"<p>Subir\u00e1n al escenario del Teatro Argentino Julio C. Gioscio, el viernes 10 de noviembre, 21 horas. La obra est\u00e1 dirigida &#8230; <a title=\"Danza-teatro de la mano de la obra \u00abArata\u00bb\" class=\"read-more\" href=\"https:\/\/www.hoymercedes.com.ar\/principal\/2023\/11\/03\/danza-teatro-de-la-mano-de-la-obra-arata\/\" aria-label=\"Leer m\u00e1s sobre Danza-teatro de la mano de la obra \u00abArata\u00bb\">Leer m\u00e1s<\/a><\/p>\n","protected":false},"author":1,"featured_media":169161,"comment_status":"closed","ping_status":"open","sticky":false,"template":"","format":"standard","meta":{"_monsterinsights_skip_tracking":false,"_monsterinsights_sitenote_active":false,"_monsterinsights_sitenote_note":"","_monsterinsights_sitenote_category":0,"jetpack_post_was_ever_published":false,"_jetpack_newsletter_access":"","_jetpack_dont_email_post_to_subs":false,"_jetpack_newsletter_tier_id":0,"_jetpack_memberships_contains_paywalled_content":false,"_jetpack_memberships_contains_paid_content":false,"footnotes":"","jetpack_publicize_message":"","jetpack_publicize_feature_enabled":true,"jetpack_social_post_already_shared":true,"jetpack_social_options":{"image_generator_settings":{"template":"highway","default_image_id":0,"font":"","enabled":false},"version":2},"_wpas_customize_per_network":false},"categories":[104],"tags":[7805],"class_list":["post-169160","post","type-post","status-publish","format-standard","has-post-thumbnail","hentry","category-cultura","tag-cultura","generate-columns","tablet-grid-50","mobile-grid-100","grid-parent","grid-50"],"jetpack_publicize_connections":[],"jetpack_featured_media_url":"https:\/\/www.hoymercedes.com.ar\/principal\/wp-content\/uploads\/2023\/11\/arata-teatro-.jpg","wps_subtitle":"","jetpack_sharing_enabled":true,"_links":{"self":[{"href":"https:\/\/www.hoymercedes.com.ar\/principal\/wp-json\/wp\/v2\/posts\/169160","targetHints":{"allow":["GET"]}}],"collection":[{"href":"https:\/\/www.hoymercedes.com.ar\/principal\/wp-json\/wp\/v2\/posts"}],"about":[{"href":"https:\/\/www.hoymercedes.com.ar\/principal\/wp-json\/wp\/v2\/types\/post"}],"author":[{"embeddable":true,"href":"https:\/\/www.hoymercedes.com.ar\/principal\/wp-json\/wp\/v2\/users\/1"}],"replies":[{"embeddable":true,"href":"https:\/\/www.hoymercedes.com.ar\/principal\/wp-json\/wp\/v2\/comments?post=169160"}],"version-history":[{"count":0,"href":"https:\/\/www.hoymercedes.com.ar\/principal\/wp-json\/wp\/v2\/posts\/169160\/revisions"}],"wp:featuredmedia":[{"embeddable":true,"href":"https:\/\/www.hoymercedes.com.ar\/principal\/wp-json\/wp\/v2\/media\/169161"}],"wp:attachment":[{"href":"https:\/\/www.hoymercedes.com.ar\/principal\/wp-json\/wp\/v2\/media?parent=169160"}],"wp:term":[{"taxonomy":"category","embeddable":true,"href":"https:\/\/www.hoymercedes.com.ar\/principal\/wp-json\/wp\/v2\/categories?post=169160"},{"taxonomy":"post_tag","embeddable":true,"href":"https:\/\/www.hoymercedes.com.ar\/principal\/wp-json\/wp\/v2\/tags?post=169160"}],"curies":[{"name":"wp","href":"https:\/\/api.w.org\/{rel}","templated":true}]}}