{"id":16918,"date":"2012-10-15T01:27:14","date_gmt":"2012-10-15T01:27:14","guid":{"rendered":"http:\/\/www.hoymercedes.com.ar\/principal\/?p=16918"},"modified":"2012-10-15T01:34:25","modified_gmt":"2012-10-15T01:34:25","slug":"albini-arraso-en-la-interna-radical-tendre-un-comite-de-puertas-abiertas","status":"publish","type":"post","link":"https:\/\/www.hoymercedes.com.ar\/principal\/2012\/10\/15\/albini-arraso-en-la-interna-radical-tendre-un-comite-de-puertas-abiertas\/","title":{"rendered":"Albini Arras\u00f3 en la interna radical: \u201ctendr\u00e9 un comit\u00e9 de puertas abiertas\u201d"},"content":{"rendered":"<p><a href=\"https:\/\/www.hoymercedes.com.ar\/principal\/wp-content\/uploads\/2012\/10\/Albini-festejo-y-familia.jpg\"><img loading=\"lazy\" decoding=\"async\" data-attachment-id=\"16920\" data-permalink=\"https:\/\/www.hoymercedes.com.ar\/principal\/2012\/10\/15\/albini-arraso-en-la-interna-radical-tendre-un-comite-de-puertas-abiertas\/albini-festejo-y-familia\/#main\" data-orig-file=\"https:\/\/www.hoymercedes.com.ar\/principal\/wp-content\/uploads\/2012\/10\/Albini-festejo-y-familia.jpg\" data-orig-size=\"614,372\" data-comments-opened=\"1\" data-image-meta=\"{&quot;aperture&quot;:&quot;3.1&quot;,&quot;credit&quot;:&quot;&quot;,&quot;camera&quot;:&quot;DMC-S1&quot;,&quot;caption&quot;:&quot;&quot;,&quot;created_timestamp&quot;:&quot;1350027416&quot;,&quot;copyright&quot;:&quot;&quot;,&quot;focal_length&quot;:&quot;5&quot;,&quot;iso&quot;:&quot;320&quot;,&quot;shutter_speed&quot;:&quot;0.016666666666667&quot;,&quot;title&quot;:&quot;&quot;}\" data-image-title=\"Albini-festejo-y-familia\" data-image-description=\"\" data-image-caption=\"\" data-large-file=\"https:\/\/www.hoymercedes.com.ar\/principal\/wp-content\/uploads\/2012\/10\/Albini-festejo-y-familia.jpg\" class=\"aligncenter size-full wp-image-16920\" title=\"Albini-festejo-y-familia\" src=\"https:\/\/www.hoymercedes.com.ar\/principal\/wp-content\/uploads\/2012\/10\/Albini-festejo-y-familia.jpg\" alt=\"\" width=\"614\" height=\"372\" \/><\/a><\/p>\n<p>El candidato Oscar Albini es el flamante presidente del comit\u00e9 local de la Uni\u00f3n C\u00edvica Radical luego de una amplia diferencia en las urnas.<\/p>\n<p>El las elecciones internas que se realizaron este domingo, luego de haber sido postergadas, cont\u00f3 con la postulaci\u00f3n de dos listas. Una encabezada por Roberto Laf\u00f3n y la otra por Oscar Albini que result\u00f3 vencedora obteniendo 342 votos contra 136.<\/p>\n<p>En el comit\u00e9, el flamante presidente Oscar Albini en di\u00e1logo con HoyMercedes declar\u00f3, luego de la victoria que: \u201cla expectativa que ten\u00edamos y ven\u00edamos viviendo era mucha. Los afiliados durante la campa\u00f1a nos mostraban que se iban a movilizar y el resultado lo dej\u00f3 plasmado. Creo que fue una muy buena diferencia y un ejemplo de c\u00f3mo el electorado radical elige a sus autoridades democr\u00e1ticamente como corresponde y la verdad es una gran satisfacci\u00f3n poder ocupar la presidencia del partido. La militancia trabaj\u00f3 mucho, desde el mes de julio, no olvidemos que fue suspendida y hubo que volver a trabajar con toda la ansiedad, pero, el movimiento del d\u00eda mostr\u00f3 la actividad donde tuvimos casi 500 votantes\u201d<\/p>\n<p>Respecto a la diferencia, que fue muy grande, sostuvo: \u201csi fue muy buena, muy grande y la verdad que nos reconforta y los ciudadanos afiliados eligieron qu\u00e9 radicalismo quieren al futuro con propuestas y eso a nosotros nos enorgullece y nos compromete. El objetivo principal es que en el 2013 ocupemos bancas en el Concejo Deliberante y que en 2015 el candidato radical llegue a ser el intendente\u201d.<\/p>\n<p>Tambi\u00e9n, Albini, se refiri\u00f3 a la importancia de efectuar la interna: \u201cDurante la campa\u00f1a sostuve que no hay que tenerle miedo, dejar que el afiliado se exprese, vote por una lista u otra, se movilice y mantenga vivo al partido. Las urnas son las que determinan todo en una vida democr\u00e1tica.\u201d<\/p>\n<p>Lo que es ineludible es consultar sobre el futuro y los v\u00ednculos con el resto de los integrantes del partido, ante lo cual sostuvo: \u201chay que trabajar m\u00e1s que nunca. Tuvimos un respaldo muy grande del afiliado radical y ahora debemos trabajar para todos. Tendr\u00e9 un comit\u00e9 de puertas abiertas y desde el primer d\u00eda que asuma voy a convocar a Roberto Laf\u00f3n para que se sume a trabajar porque creo que el radicalismo unido podr\u00e1 hacerlo para bien de toda la ciudad.\u201d<\/p>\n<p>La asunci\u00f3n por el momento no tiene fecha definida porque depende de las decisiones provinciales: \u201cpero calculamos ser\u00e1 dentro de veinte d\u00edas o un mes\u201d, afirm\u00f3 Albini.<\/p>\n<p><strong>Audio<\/strong><br \/>\n[audio:https:\/\/www.hoymercedes.com.ar\/principal\/wp-content\/uploads\/2012\/10\/Albini.mp3]<\/p>\n","protected":false},"excerpt":{"rendered":"<p>El candidato Oscar Albini es el flamante presidente del comit\u00e9 local de la Uni\u00f3n C\u00edvica Radical luego de una amplia &#8230; <a title=\"Albini Arras\u00f3 en la interna radical: \u201ctendr\u00e9 un comit\u00e9 de puertas abiertas\u201d\" class=\"read-more\" href=\"https:\/\/www.hoymercedes.com.ar\/principal\/2012\/10\/15\/albini-arraso-en-la-interna-radical-tendre-un-comite-de-puertas-abiertas\/\" aria-label=\"Leer m\u00e1s sobre Albini Arras\u00f3 en la interna radical: \u201ctendr\u00e9 un comit\u00e9 de puertas abiertas\u201d\">Leer m\u00e1s<\/a><\/p>\n","protected":false},"author":1,"featured_media":0,"comment_status":"open","ping_status":"open","sticky":false,"template":"","format":"standard","meta":{"_monsterinsights_skip_tracking":false,"_monsterinsights_sitenote_active":false,"_monsterinsights_sitenote_note":"","_monsterinsights_sitenote_category":0,"jetpack_post_was_ever_published":false,"_jetpack_newsletter_access":"","_jetpack_dont_email_post_to_subs":false,"_jetpack_newsletter_tier_id":0,"_jetpack_memberships_contains_paywalled_content":false,"_jetpack_memberships_contains_paid_content":false,"footnotes":"","jetpack_publicize_message":"","jetpack_publicize_feature_enabled":true,"jetpack_social_post_already_shared":false,"jetpack_social_options":{"image_generator_settings":{"template":"highway","default_image_id":0,"font":"","enabled":false},"version":2},"_wpas_customize_per_network":false},"categories":[5],"tags":[2835,2834,2836],"class_list":["post-16918","post","type-post","status-publish","format-standard","hentry","category-politica","tag-interna-radical-mercedes","tag-oscar-albini","tag-union-civica-radical-mercedes","generate-columns","tablet-grid-50","mobile-grid-100","grid-parent","grid-50"],"jetpack_publicize_connections":[],"jetpack_featured_media_url":"","wps_subtitle":"","jetpack_sharing_enabled":true,"_links":{"self":[{"href":"https:\/\/www.hoymercedes.com.ar\/principal\/wp-json\/wp\/v2\/posts\/16918","targetHints":{"allow":["GET"]}}],"collection":[{"href":"https:\/\/www.hoymercedes.com.ar\/principal\/wp-json\/wp\/v2\/posts"}],"about":[{"href":"https:\/\/www.hoymercedes.com.ar\/principal\/wp-json\/wp\/v2\/types\/post"}],"author":[{"embeddable":true,"href":"https:\/\/www.hoymercedes.com.ar\/principal\/wp-json\/wp\/v2\/users\/1"}],"replies":[{"embeddable":true,"href":"https:\/\/www.hoymercedes.com.ar\/principal\/wp-json\/wp\/v2\/comments?post=16918"}],"version-history":[{"count":0,"href":"https:\/\/www.hoymercedes.com.ar\/principal\/wp-json\/wp\/v2\/posts\/16918\/revisions"}],"wp:attachment":[{"href":"https:\/\/www.hoymercedes.com.ar\/principal\/wp-json\/wp\/v2\/media?parent=16918"}],"wp:term":[{"taxonomy":"category","embeddable":true,"href":"https:\/\/www.hoymercedes.com.ar\/principal\/wp-json\/wp\/v2\/categories?post=16918"},{"taxonomy":"post_tag","embeddable":true,"href":"https:\/\/www.hoymercedes.com.ar\/principal\/wp-json\/wp\/v2\/tags?post=16918"}],"curies":[{"name":"wp","href":"https:\/\/api.w.org\/{rel}","templated":true}]}}