{"id":169192,"date":"2023-11-05T14:53:00","date_gmt":"2023-11-05T17:53:00","guid":{"rendered":"https:\/\/www.hoymercedes.com.ar\/principal\/?p=169192"},"modified":"2023-11-05T14:57:47","modified_gmt":"2023-11-05T17:57:47","slug":"se-vivio-jornada-boxistica-en-el-martin-rodriguez","status":"publish","type":"post","link":"https:\/\/www.hoymercedes.com.ar\/principal\/2023\/11\/05\/se-vivio-jornada-boxistica-en-el-martin-rodriguez\/","title":{"rendered":"Se vivi\u00f3 jornada boxistica en el Mart\u00edn Rodr\u00edguez"},"content":{"rendered":"\n<figure class=\"wp-block-image size-large\"><img loading=\"lazy\" decoding=\"async\" width=\"1024\" height=\"684\" data-attachment-id=\"169194\" data-permalink=\"https:\/\/www.hoymercedes.com.ar\/principal\/2023\/11\/05\/se-vivio-jornada-boxistica-en-el-martin-rodriguez\/mhm_7510\/#main\" data-orig-file=\"https:\/\/www.hoymercedes.com.ar\/principal\/wp-content\/uploads\/2023\/11\/MHM_7510-scaled.jpg\" data-orig-size=\"2560,1709\" data-comments-opened=\"0\" data-image-meta=\"{&quot;aperture&quot;:&quot;2.5&quot;,&quot;credit&quot;:&quot;&quot;,&quot;camera&quot;:&quot;NIKON Z 5&quot;,&quot;caption&quot;:&quot;&quot;,&quot;created_timestamp&quot;:&quot;1699139542&quot;,&quot;copyright&quot;:&quot;&quot;,&quot;focal_length&quot;:&quot;50&quot;,&quot;iso&quot;:&quot;1600&quot;,&quot;shutter_speed&quot;:&quot;0.0015625&quot;,&quot;title&quot;:&quot;&quot;,&quot;orientation&quot;:&quot;0&quot;}\" data-image-title=\"boxeo en mercedes\" data-image-description=\"&lt;p&gt;boxeo en mercedes&lt;\/p&gt;\n\" data-image-caption=\"&lt;p&gt;boxeo en mercedes&lt;\/p&gt;\n\" data-large-file=\"https:\/\/www.hoymercedes.com.ar\/principal\/wp-content\/uploads\/2023\/11\/MHM_7510-1024x684.jpg\" src=\"https:\/\/www.hoymercedes.com.ar\/principal\/wp-content\/uploads\/2023\/11\/MHM_7510-1024x684.jpg\" alt=\"\" class=\"wp-image-169194\" srcset=\"https:\/\/www.hoymercedes.com.ar\/principal\/wp-content\/uploads\/2023\/11\/MHM_7510-1024x684.jpg 1024w, https:\/\/www.hoymercedes.com.ar\/principal\/wp-content\/uploads\/2023\/11\/MHM_7510-630x421.jpg 630w, https:\/\/www.hoymercedes.com.ar\/principal\/wp-content\/uploads\/2023\/11\/MHM_7510-150x100.jpg 150w, https:\/\/www.hoymercedes.com.ar\/principal\/wp-content\/uploads\/2023\/11\/MHM_7510-1536x1025.jpg 1536w, https:\/\/www.hoymercedes.com.ar\/principal\/wp-content\/uploads\/2023\/11\/MHM_7510-2048x1367.jpg 2048w\" sizes=\"auto, (max-width: 1024px) 100vw, 1024px\" \/><\/figure>\n\n\n\n<p>Impulsado por la Escuela Municipal de Box de la Direcci\u00f3n de Deportes se vivi\u00f3 un s\u00e1bado con gran n\u00famero de intervenciones sobre el ring. La actividad tuvo entrada libre y gratuito y reuni\u00f3 a escuelas deportivas de distintas localidades de la regi\u00f3n.<\/p>\n\n\n\n<p>Claudio Rojas, hist\u00f3rico referente del box, cont\u00f3 que \u201cestuvimos haciendo un gran evento amateur en el polideportivo del Mart\u00edn Rodr\u00edguez con el auspicio y apoyo del Municipio de Mercedes, algo que sin ellos ser\u00eda imposible\u201d.<\/p>\n\n\n\n<figure class=\"wp-block-image size-large\"><img loading=\"lazy\" decoding=\"async\" width=\"1024\" height=\"684\" data-attachment-id=\"169195\" data-permalink=\"https:\/\/www.hoymercedes.com.ar\/principal\/2023\/11\/05\/se-vivio-jornada-boxistica-en-el-martin-rodriguez\/mhm_7853\/#main\" data-orig-file=\"https:\/\/www.hoymercedes.com.ar\/principal\/wp-content\/uploads\/2023\/11\/MHM_7853-scaled.jpg\" data-orig-size=\"2560,1709\" data-comments-opened=\"0\" data-image-meta=\"{&quot;aperture&quot;:&quot;3.2&quot;,&quot;credit&quot;:&quot;&quot;,&quot;camera&quot;:&quot;NIKON Z 5&quot;,&quot;caption&quot;:&quot;&quot;,&quot;created_timestamp&quot;:&quot;1699142373&quot;,&quot;copyright&quot;:&quot;&quot;,&quot;focal_length&quot;:&quot;50&quot;,&quot;iso&quot;:&quot;2000&quot;,&quot;shutter_speed&quot;:&quot;0.0025&quot;,&quot;title&quot;:&quot;&quot;,&quot;orientation&quot;:&quot;0&quot;}\" data-image-title=\"boxeo en mercedes\" data-image-description=\"&lt;p&gt;boxeo en mercedes&lt;\/p&gt;\n\" data-image-caption=\"&lt;p&gt;boxeo en mercedes&lt;\/p&gt;\n\" data-large-file=\"https:\/\/www.hoymercedes.com.ar\/principal\/wp-content\/uploads\/2023\/11\/MHM_7853-1024x684.jpg\" src=\"https:\/\/www.hoymercedes.com.ar\/principal\/wp-content\/uploads\/2023\/11\/MHM_7853-1024x684.jpg\" alt=\"\" class=\"wp-image-169195\" srcset=\"https:\/\/www.hoymercedes.com.ar\/principal\/wp-content\/uploads\/2023\/11\/MHM_7853-1024x684.jpg 1024w, https:\/\/www.hoymercedes.com.ar\/principal\/wp-content\/uploads\/2023\/11\/MHM_7853-630x421.jpg 630w, https:\/\/www.hoymercedes.com.ar\/principal\/wp-content\/uploads\/2023\/11\/MHM_7853-150x100.jpg 150w, https:\/\/www.hoymercedes.com.ar\/principal\/wp-content\/uploads\/2023\/11\/MHM_7853-1536x1025.jpg 1536w, https:\/\/www.hoymercedes.com.ar\/principal\/wp-content\/uploads\/2023\/11\/MHM_7853-2048x1367.jpg 2048w\" sizes=\"auto, (max-width: 1024px) 100vw, 1024px\" \/><\/figure>\n\n\n\n<p>Destac\u00f3 tambi\u00e9n que \u201ctuvimos encuentros de boxeo recreativo de varias escuelas de la zona \u2013Mercedes, Luj\u00e1n, Giles, Carmen de Areco, Navarro y Lobos- para que puedan comenzar a desarrollarse en esta actividad\u201d se\u00f1al\u00f3 Rojas y subray\u00f3 \u201cel broche de oro con la pelea final entre Felipe \u00abEl Gato\u00bb Clavero (Mercedes, Bs. As.) 2 veces campe\u00f3n bonaerense versus C\u00e9sar Canales (Dolores, Bs. As.)\u201d.<\/p>\n\n\n\n<p>Por su parte, el intendente Ustarroz, aprovech\u00f3 para \u201cfelicitar a cada una y cada uno de los deportistas\u201d por \u201cparticipar y potenciar la escuela deportiva de mercedes, pero tambi\u00e9n de cada una de las localidades representadas\u201d sin dejar de \u201cagradecer a las y los trabajadores por montar esta presentaci\u00f3n y especialmente a las familias por apoyar estas incitativas\u201d.<\/p>\n\n\n\n<p>La actividad arranc\u00f3 alrededor de las 18hs y finaliz\u00f3 cerca de la medianoche, habiendo competencias amateurs y de exhibici\u00f3n tanto masculinas como femeninas, contando con el acompa\u00f1amiento de la Direcci\u00f3n de Deportes y fiscalizaci\u00f3n de la Federaci\u00f3n Argentina de Box.<\/p>\n\n\n\n<figure class=\"wp-block-image size-large\"><img loading=\"lazy\" decoding=\"async\" width=\"1024\" height=\"684\" data-attachment-id=\"169193\" data-permalink=\"https:\/\/www.hoymercedes.com.ar\/principal\/2023\/11\/05\/se-vivio-jornada-boxistica-en-el-martin-rodriguez\/mhm_7791\/#main\" data-orig-file=\"https:\/\/www.hoymercedes.com.ar\/principal\/wp-content\/uploads\/2023\/11\/MHM_7791-scaled.jpg\" data-orig-size=\"2560,1709\" data-comments-opened=\"0\" data-image-meta=\"{&quot;aperture&quot;:&quot;3.5&quot;,&quot;credit&quot;:&quot;&quot;,&quot;camera&quot;:&quot;NIKON Z 5&quot;,&quot;caption&quot;:&quot;&quot;,&quot;created_timestamp&quot;:&quot;1699141995&quot;,&quot;copyright&quot;:&quot;&quot;,&quot;focal_length&quot;:&quot;50&quot;,&quot;iso&quot;:&quot;2000&quot;,&quot;shutter_speed&quot;:&quot;0.003125&quot;,&quot;title&quot;:&quot;&quot;,&quot;orientation&quot;:&quot;0&quot;}\" data-image-title=\"Ustarroz-Rojas\" data-image-description=\"&lt;p&gt;Ustarroz-Rojas&lt;\/p&gt;\n\" data-image-caption=\"&lt;p&gt;Ustarroz-Rojas&lt;\/p&gt;\n\" data-large-file=\"https:\/\/www.hoymercedes.com.ar\/principal\/wp-content\/uploads\/2023\/11\/MHM_7791-1024x684.jpg\" src=\"https:\/\/www.hoymercedes.com.ar\/principal\/wp-content\/uploads\/2023\/11\/MHM_7791-1024x684.jpg\" alt=\"\" class=\"wp-image-169193\" srcset=\"https:\/\/www.hoymercedes.com.ar\/principal\/wp-content\/uploads\/2023\/11\/MHM_7791-1024x684.jpg 1024w, https:\/\/www.hoymercedes.com.ar\/principal\/wp-content\/uploads\/2023\/11\/MHM_7791-630x421.jpg 630w, https:\/\/www.hoymercedes.com.ar\/principal\/wp-content\/uploads\/2023\/11\/MHM_7791-150x100.jpg 150w, https:\/\/www.hoymercedes.com.ar\/principal\/wp-content\/uploads\/2023\/11\/MHM_7791-1536x1025.jpg 1536w, https:\/\/www.hoymercedes.com.ar\/principal\/wp-content\/uploads\/2023\/11\/MHM_7791-2048x1367.jpg 2048w\" sizes=\"auto, (max-width: 1024px) 100vw, 1024px\" \/><\/figure>\n\n\n\n<p>Entre quienes participaron estuvieron Felipe \u00abEl Gato\u00bb Clavero (Mercedes) C\u00e9sar Canales (Dolores), Juan \u00abEl Gordo\u00bb Gonz\u00e1lez (Mercedes) vs Sebasti\u00e1n Ricci (Monte Grande), Estefan\u00eda Salerno (Chacabuco) vs Martina Batista (Saladillo), Mateo \u00abEl Mercedino\u00bb Lertora (Mercede) vs Lautaro \u00abEl Trueno\u00bb Villalba (Gualeguaych\u00fa) adem\u00e1s de Maylen Abrego, Denis Arcenegui, Mat\u00edas Nievas, Mariano Barreira, Alan Zapata, Daiana Ben\u00edtez, Leonardo Calermo.<\/p>\n","protected":false},"excerpt":{"rendered":"<p>Impulsado por la Escuela Municipal de Box de la Direcci\u00f3n de Deportes se vivi\u00f3 un s\u00e1bado con gran n\u00famero de &#8230; <a title=\"Se vivi\u00f3 jornada boxistica en el Mart\u00edn Rodr\u00edguez\" class=\"read-more\" href=\"https:\/\/www.hoymercedes.com.ar\/principal\/2023\/11\/05\/se-vivio-jornada-boxistica-en-el-martin-rodriguez\/\" aria-label=\"Leer m\u00e1s sobre Se vivi\u00f3 jornada boxistica en el Mart\u00edn Rodr\u00edguez\">Leer m\u00e1s<\/a><\/p>\n","protected":false},"author":1,"featured_media":169193,"comment_status":"closed","ping_status":"open","sticky":false,"template":"","format":"standard","meta":{"_monsterinsights_skip_tracking":false,"_monsterinsights_sitenote_active":false,"_monsterinsights_sitenote_note":"","_monsterinsights_sitenote_category":0,"jetpack_post_was_ever_published":false,"_jetpack_newsletter_access":"","_jetpack_dont_email_post_to_subs":false,"_jetpack_newsletter_tier_id":0,"_jetpack_memberships_contains_paywalled_content":false,"_jetpack_memberships_contains_paid_content":false,"footnotes":"","jetpack_publicize_message":"","jetpack_publicize_feature_enabled":true,"jetpack_social_post_already_shared":false,"jetpack_social_options":{"image_generator_settings":{"template":"highway","default_image_id":0,"font":"","enabled":false},"version":2},"_wpas_customize_per_network":false},"categories":[21],"tags":[18869,1279,18870],"class_list":["post-169192","post","type-post","status-publish","format-standard","has-post-thumbnail","hentry","category-deportes","tag-box-en-mercedes","tag-boxeo","tag-escuela-de-boxeo-mercedes","generate-columns","tablet-grid-50","mobile-grid-100","grid-parent","grid-50"],"jetpack_publicize_connections":[],"jetpack_featured_media_url":"https:\/\/www.hoymercedes.com.ar\/principal\/wp-content\/uploads\/2023\/11\/MHM_7791-scaled.jpg","wps_subtitle":"Exhibici\u00f3n","jetpack_sharing_enabled":true,"_links":{"self":[{"href":"https:\/\/www.hoymercedes.com.ar\/principal\/wp-json\/wp\/v2\/posts\/169192","targetHints":{"allow":["GET"]}}],"collection":[{"href":"https:\/\/www.hoymercedes.com.ar\/principal\/wp-json\/wp\/v2\/posts"}],"about":[{"href":"https:\/\/www.hoymercedes.com.ar\/principal\/wp-json\/wp\/v2\/types\/post"}],"author":[{"embeddable":true,"href":"https:\/\/www.hoymercedes.com.ar\/principal\/wp-json\/wp\/v2\/users\/1"}],"replies":[{"embeddable":true,"href":"https:\/\/www.hoymercedes.com.ar\/principal\/wp-json\/wp\/v2\/comments?post=169192"}],"version-history":[{"count":0,"href":"https:\/\/www.hoymercedes.com.ar\/principal\/wp-json\/wp\/v2\/posts\/169192\/revisions"}],"wp:featuredmedia":[{"embeddable":true,"href":"https:\/\/www.hoymercedes.com.ar\/principal\/wp-json\/wp\/v2\/media\/169193"}],"wp:attachment":[{"href":"https:\/\/www.hoymercedes.com.ar\/principal\/wp-json\/wp\/v2\/media?parent=169192"}],"wp:term":[{"taxonomy":"category","embeddable":true,"href":"https:\/\/www.hoymercedes.com.ar\/principal\/wp-json\/wp\/v2\/categories?post=169192"},{"taxonomy":"post_tag","embeddable":true,"href":"https:\/\/www.hoymercedes.com.ar\/principal\/wp-json\/wp\/v2\/tags?post=169192"}],"curies":[{"name":"wp","href":"https:\/\/api.w.org\/{rel}","templated":true}]}}