{"id":169231,"date":"2023-11-06T19:30:50","date_gmt":"2023-11-06T22:30:50","guid":{"rendered":"https:\/\/www.hoymercedes.com.ar\/principal\/?p=169231"},"modified":"2023-11-06T19:34:25","modified_gmt":"2023-11-06T22:34:25","slug":"comienza-una-nueva-fecha-del-senior-40","status":"publish","type":"post","link":"https:\/\/www.hoymercedes.com.ar\/principal\/2023\/11\/06\/comienza-una-nueva-fecha-del-senior-40\/","title":{"rendered":"Comienza una nueva fecha del Senior +40"},"content":{"rendered":"\n<p><strong><em>Este lunes se llevar\u00e1n a cabo la quinta fecha del certamen \u2022 Luego, tendr\u00e1 continuidad el jueves con la fecha siguiente \u2022 La semana pasada, la lluvia dejo inconclusa la cuarta jornada.<\/em><\/strong><\/p>\n\n\n<div class=\"wp-block-image\">\n<figure class=\"aligncenter size-full\"><img loading=\"lazy\" decoding=\"async\" width=\"696\" height=\"522\" data-attachment-id=\"169232\" data-permalink=\"https:\/\/www.hoymercedes.com.ar\/principal\/2023\/11\/06\/comienza-una-nueva-fecha-del-senior-40\/image-2-18\/#main\" data-orig-file=\"https:\/\/www.hoymercedes.com.ar\/principal\/wp-content\/uploads\/2023\/11\/image-2.png\" data-orig-size=\"696,522\" data-comments-opened=\"0\" data-image-meta=\"{&quot;aperture&quot;:&quot;0&quot;,&quot;credit&quot;:&quot;&quot;,&quot;camera&quot;:&quot;&quot;,&quot;caption&quot;:&quot;&quot;,&quot;created_timestamp&quot;:&quot;0&quot;,&quot;copyright&quot;:&quot;&quot;,&quot;focal_length&quot;:&quot;0&quot;,&quot;iso&quot;:&quot;0&quot;,&quot;shutter_speed&quot;:&quot;0&quot;,&quot;title&quot;:&quot;&quot;,&quot;orientation&quot;:&quot;0&quot;}\" data-image-title=\"image-2\" data-image-description=\"\" data-image-caption=\"\" data-large-file=\"https:\/\/www.hoymercedes.com.ar\/principal\/wp-content\/uploads\/2023\/11\/image-2.png\" src=\"https:\/\/www.hoymercedes.com.ar\/principal\/wp-content\/uploads\/2023\/11\/image-2.png\" alt=\"\" class=\"wp-image-169232\" srcset=\"https:\/\/www.hoymercedes.com.ar\/principal\/wp-content\/uploads\/2023\/11\/image-2.png 696w, https:\/\/www.hoymercedes.com.ar\/principal\/wp-content\/uploads\/2023\/11\/image-2-630x473.png 630w, https:\/\/www.hoymercedes.com.ar\/principal\/wp-content\/uploads\/2023\/11\/image-2-150x113.png 150w\" sizes=\"auto, (max-width: 696px) 100vw, 696px\" \/><\/figure>\n<\/div>\n\n\n<p>Con motivo de las fuertes lluvias que se registraron en la ciudad durante la semana pasada, la cuarta fecha del F\u00fatbol Senior +40 organizado por la Liga Mercedina, qued\u00f3 inconclusa debido a que solo se pudieron llevar adelante los encuentros del mi\u00e9rcoles.<\/p>\n\n\n\n<p>En tanto, se espera que el resto de los partidos de la fecha se reprogramen para poder poner al d\u00eda a los diferentes equipos que forman parte de este certamen, que ya va por su cuarta edici\u00f3n.<\/p>\n\n\n\n<p>Para esta jornada, los libres de cada zona fueron los equipos de Palometas, Carteros, Quilmes, El Front\u00f3n, mientras que solo se suspendi\u00f3 el encuentro entre Flandria y V\u00e9lez. El resto de los partidos disputados el mi\u00e9rcoles arrojo los siguientes resultados:<\/p>\n\n\n\n<p><strong>Resultados fecha 4<\/strong><br>Trocha 2: Diego Nicola y Maximiliano Ladebesse.<br>Racing 1: Guillermo Torres.<\/p>\n\n\n\n<p>Defensores 4: Sebasti\u00e1n Far\u00edas 2, Diego Galeano y Manuel Gonz\u00e1lez.<br>Costa Brava 1: Gerardo Rodr\u00edguez.<\/p>\n\n\n\n<p>Belgrano 0.<br>Club Mercedes 0.<\/p>\n\n\n\n<hr class=\"wp-block-separator has-alpha-channel-opacity\"\/>\n\n\n\n<p>Uni\u00f3n 1: Leandro Ram\u00edrez.<br>San Bernardo 2: Mauro Dom\u00ednguez y Leandro Pascuali.<\/p>\n\n\n\n<p><strong>Posiciones<\/strong><br>Zona A: 1\u00b0 Defensores 6 puntos, 2\u00b0 Carteros 4, 3\u00b0 Costa Brava 3 y 4\u00b0 Quilmes 1\u00a0 unidad.<br>Zona B: 1\u00b0 Mercedes 7 puntos, 2\u00b0 Palometas y Flandria 4, 4\u00b0 V\u00e9lez 3 y 5\u00b0 Sportivo Belgrano 1 unidad.<br>Zona C: 1\u00b0 Trocha y San Bernardo 7 puntos, 3\u00b0 El Front\u00f3n 5,\u00a0 4\u00b0 Racing y Uni\u00f3n 1 unidad.<\/p>\n\n\n\n<p><strong>Hoy comienza la quinta<\/strong><\/p>\n\n\n\n<p>Por otra parte, esta semana los equipos tendr\u00e1n doble actividad y restar\u00e1 por conocer para cuando se reprogramar\u00e1 el encuentro suspendido de la 4ta fecha entre Flandria y V\u00e9lez.<\/p>\n\n\n\n<p>Por lo pronto, esta noche arranca la 5ta fecha y el jueves se llevar\u00e1 a cabo la 6ta de cara a la segunda etapa para buscar al campe\u00f3n del certamen.<\/p>\n\n\n\n<p><strong>Fecha 5<\/strong><br>(Cancha Suipacha)<br>21.15 hs<br>Costa Brava-Quilmes<\/p>\n\n\n\n<p>(Cancha V\u00e9lez)<br>21 hs<br>Velez-Mercedes<\/p>\n\n\n\n<p>(Cancha Defensores)<br>20.15<br>Racing-Union<\/p>\n\n\n\n<p>21.45<br>Belgrano-Palometas<br>(Belgrano organizador)<\/p>\n\n\n\n<p>(Cancha Municipal de Giles)<br>21 hs<br>San Bernardo-El Front\u00f3n<\/p>\n\n\n\n<p><strong>El jueves 9\/11 se jugar\u00e1 la fecha 6<\/strong><br>(Cancha Flandria)<br>21 hs<br>Flandria-Mercedes<\/p>\n\n\n\n<p>(Cancha Los Carteros)<br>20.15 hs<br>Union-Trocha<\/p>\n\n\n\n<p>21.45 hs<br>Los Carteros-Defensores<\/p>\n\n\n\n<p>(Cancha Quilmes)<br>20.15 hs<br>Velez-Palometas<\/p>\n\n\n\n<p>21.45 hs<br>Racing-El Front\u00f3n<br>(Racing organizador).<\/p>\n\n\n\n<p>Colaboraci\u00f3n Mariano Oyarz\u00fa<\/p>\n","protected":false},"excerpt":{"rendered":"<p>Este lunes se llevar\u00e1n a cabo la quinta fecha del certamen \u2022 Luego, tendr\u00e1 continuidad el jueves con la fecha &#8230; <a title=\"Comienza una nueva fecha del Senior +40\" class=\"read-more\" href=\"https:\/\/www.hoymercedes.com.ar\/principal\/2023\/11\/06\/comienza-una-nueva-fecha-del-senior-40\/\" aria-label=\"Leer m\u00e1s sobre Comienza una nueva fecha del Senior +40\">Leer m\u00e1s<\/a><\/p>\n","protected":false},"author":1,"featured_media":169232,"comment_status":"closed","ping_status":"open","sticky":false,"template":"","format":"standard","meta":{"_monsterinsights_skip_tracking":false,"_monsterinsights_sitenote_active":false,"_monsterinsights_sitenote_note":"","_monsterinsights_sitenote_category":0,"jetpack_post_was_ever_published":false,"_jetpack_newsletter_access":"","_jetpack_dont_email_post_to_subs":false,"_jetpack_newsletter_tier_id":0,"_jetpack_memberships_contains_paywalled_content":false,"_jetpack_memberships_contains_paid_content":false,"footnotes":"","jetpack_publicize_message":"","jetpack_publicize_feature_enabled":true,"jetpack_social_post_already_shared":true,"jetpack_social_options":{"image_generator_settings":{"template":"highway","default_image_id":0,"font":"","enabled":false},"version":2},"_wpas_customize_per_network":false},"categories":[8],"tags":[],"class_list":["post-169231","post","type-post","status-publish","format-standard","has-post-thumbnail","hentry","category-sociedad","generate-columns","tablet-grid-50","mobile-grid-100","grid-parent","grid-50"],"jetpack_publicize_connections":[],"jetpack_featured_media_url":"https:\/\/www.hoymercedes.com.ar\/principal\/wp-content\/uploads\/2023\/11\/image-2.png","wps_subtitle":"","jetpack_sharing_enabled":true,"_links":{"self":[{"href":"https:\/\/www.hoymercedes.com.ar\/principal\/wp-json\/wp\/v2\/posts\/169231","targetHints":{"allow":["GET"]}}],"collection":[{"href":"https:\/\/www.hoymercedes.com.ar\/principal\/wp-json\/wp\/v2\/posts"}],"about":[{"href":"https:\/\/www.hoymercedes.com.ar\/principal\/wp-json\/wp\/v2\/types\/post"}],"author":[{"embeddable":true,"href":"https:\/\/www.hoymercedes.com.ar\/principal\/wp-json\/wp\/v2\/users\/1"}],"replies":[{"embeddable":true,"href":"https:\/\/www.hoymercedes.com.ar\/principal\/wp-json\/wp\/v2\/comments?post=169231"}],"version-history":[{"count":0,"href":"https:\/\/www.hoymercedes.com.ar\/principal\/wp-json\/wp\/v2\/posts\/169231\/revisions"}],"wp:featuredmedia":[{"embeddable":true,"href":"https:\/\/www.hoymercedes.com.ar\/principal\/wp-json\/wp\/v2\/media\/169232"}],"wp:attachment":[{"href":"https:\/\/www.hoymercedes.com.ar\/principal\/wp-json\/wp\/v2\/media?parent=169231"}],"wp:term":[{"taxonomy":"category","embeddable":true,"href":"https:\/\/www.hoymercedes.com.ar\/principal\/wp-json\/wp\/v2\/categories?post=169231"},{"taxonomy":"post_tag","embeddable":true,"href":"https:\/\/www.hoymercedes.com.ar\/principal\/wp-json\/wp\/v2\/tags?post=169231"}],"curies":[{"name":"wp","href":"https:\/\/api.w.org\/{rel}","templated":true}]}}