{"id":16934,"date":"2012-10-15T11:48:01","date_gmt":"2012-10-15T11:48:01","guid":{"rendered":"http:\/\/www.hoymercedes.com.ar\/principal\/?p=16934"},"modified":"2012-10-15T11:48:26","modified_gmt":"2012-10-15T11:48:26","slug":"proponen-comprar-silla-para-subir-escalera-en-h-c-d","status":"publish","type":"post","link":"https:\/\/www.hoymercedes.com.ar\/principal\/2012\/10\/15\/proponen-comprar-silla-para-subir-escalera-en-h-c-d\/","title":{"rendered":"Proponen comprar silla para subir escalera en H.C.D"},"content":{"rendered":"<p><a href=\"https:\/\/www.hoymercedes.com.ar\/principal\/wp-content\/uploads\/2012\/10\/acorn-adelante.jpg\"><img loading=\"lazy\" decoding=\"async\" data-attachment-id=\"16936\" data-permalink=\"https:\/\/www.hoymercedes.com.ar\/principal\/2012\/10\/15\/proponen-comprar-silla-para-subir-escalera-en-h-c-d\/acorn-adelante\/#main\" data-orig-file=\"https:\/\/www.hoymercedes.com.ar\/principal\/wp-content\/uploads\/2012\/10\/acorn-adelante.jpg\" data-orig-size=\"614,767\" data-comments-opened=\"1\" data-image-meta=\"{&quot;aperture&quot;:&quot;0&quot;,&quot;credit&quot;:&quot;&quot;,&quot;camera&quot;:&quot;&quot;,&quot;caption&quot;:&quot;&quot;,&quot;created_timestamp&quot;:&quot;0&quot;,&quot;copyright&quot;:&quot;&quot;,&quot;focal_length&quot;:&quot;0&quot;,&quot;iso&quot;:&quot;0&quot;,&quot;shutter_speed&quot;:&quot;0&quot;,&quot;title&quot;:&quot;&quot;}\" data-image-title=\"acorn adelante\" data-image-description=\"\" data-image-caption=\"\" data-large-file=\"https:\/\/www.hoymercedes.com.ar\/principal\/wp-content\/uploads\/2012\/10\/acorn-adelante.jpg\" class=\"aligncenter size-full wp-image-16936\" title=\"acorn adelante\" src=\"https:\/\/www.hoymercedes.com.ar\/principal\/wp-content\/uploads\/2012\/10\/acorn-adelante.jpg\" alt=\"\" width=\"614\" height=\"767\" srcset=\"https:\/\/www.hoymercedes.com.ar\/principal\/wp-content\/uploads\/2012\/10\/acorn-adelante.jpg 614w, https:\/\/www.hoymercedes.com.ar\/principal\/wp-content\/uploads\/2012\/10\/acorn-adelante-496x620.jpg 496w\" sizes=\"auto, (max-width: 614px) 100vw, 614px\" \/><\/a><\/p>\n<p>La concejal mandato cumplido, Claudia Lucero, llev\u00f3 a cabo un proyecto de ordenanza que ha sido enviado al Concejo Deliberante para su tratamiento.<\/p>\n<p>El mismo busca se aval\u00fae la posibilidad de comprar\u00a0\u00a0una silla sube escaleras para el acceso al HDC. La propuesta es acompa\u00f1ada con los fundamentos, como en cada caso, pero, tambi\u00e9n, con documentos gr\u00e1ficos y enlace web para ver a qui\u00e9n se puede convocar para su instalaci\u00f3n. Tambi\u00e9n de d\u00f3nde saldr\u00e1 el dinero y su inter\u00e9s comunal.<\/p>\n<p>En el proyecto, los fundamentos, son los siguientes y se conformar\u00eda de la siguiente manera:<\/p>\n<p style=\"padding-left: 60px;\"><em>Sabido es que el HCD es una instituci\u00f3n de libre acceso al p\u00fablico, donde se tratan asuntos de inter\u00e9s general; no obstante, en nuestro caso, se halla ubicado en un primer piso con el \u00fanico acceso a trav\u00e9s de escaleras por lo cual, a las personas con alguna dificultad motriz o directamente impedidas de caminar, les resulta imposible acceder. Asimismo, s\u00e9 que desde hace muchos a\u00f1os surgen algunas iniciativas al respecto, pero que se han desechado por m\u00faltiples motivos que no vienen al caso.<\/em><\/p>\n<p style=\"padding-left: 60px;\"><em>Por esta raz\u00f3n es que, enterada de la posibilidad de concretar esta idea mediante la instalaci\u00f3n de una \u201csilla sube escaleras\u201d, hago llegar mi petici\u00f3n acompa\u00f1ada de un croquis y presupuesto de una de las casas que \u2013seg\u00fan me asesoraron personas expertas en el tema- es de las m\u00e1s serias y de larga trayectoria en la instalaci\u00f3n de las mismas, con servicio garantizado. El precio de la silla ser\u00eda de $ 19.800, y dado que la escalera de acceso al HCD tiene dos tramos, se har\u00edan necesarias dos por el total de\u00a0<\/em><em>$ 39.600 + $ 18.000 pesos de garant\u00eda por ambas, lo que llevar\u00eda a una cifra total de $ 57.600. Si bien podr\u00eda verse a primera instancia como oneroso para el presupuesto del Concejo, cabr\u00eda preguntarse \u00bfQu\u00e9 precio le ponemos a la posibilidad de que un ciudadano pueda ejercer plenamente su derecho a la participaci\u00f3n?<\/em><\/p>\n<p style=\"padding-left: 60px;\"><em>Por lo expuesto, solicito se apruebe el siguiente proyecto de<\/em><\/p>\n<p style=\"padding-left: 60px;\"><em>Ordenanza<\/em><\/p>\n<p style=\"padding-left: 60px;\"><em>Art. 1: Inst\u00e1lese en las escaleras del HCD dos \u201cSillas sube escaleras\u201d destinadas a personas con disminuci\u00f3n de funciones motrices y\/o discapacitadas motrices.<\/em><\/p>\n<p style=\"padding-left: 60px;\"><em>Art. 2: Af\u00e9ctese el costo de la misma a la partida presupuestaria pertinente del HCD.<\/em><\/p>\n<p style=\"padding-left: 60px;\"><em>Art. 3: De forma.<\/em><\/p>\n<p>&nbsp;<\/p>\n<p>&nbsp;<\/p>\n","protected":false},"excerpt":{"rendered":"<p>La concejal mandato cumplido, Claudia Lucero, llev\u00f3 a cabo un proyecto de ordenanza que ha sido enviado al Concejo Deliberante &#8230; <a title=\"Proponen comprar silla para subir escalera en H.C.D\" class=\"read-more\" href=\"https:\/\/www.hoymercedes.com.ar\/principal\/2012\/10\/15\/proponen-comprar-silla-para-subir-escalera-en-h-c-d\/\" aria-label=\"Leer m\u00e1s sobre Proponen comprar silla para subir escalera en H.C.D\">Leer m\u00e1s<\/a><\/p>\n","protected":false},"author":1,"featured_media":0,"comment_status":"open","ping_status":"open","sticky":false,"template":"","format":"standard","meta":{"_monsterinsights_skip_tracking":false,"_monsterinsights_sitenote_active":false,"_monsterinsights_sitenote_note":"","_monsterinsights_sitenote_category":0,"jetpack_post_was_ever_published":false,"_jetpack_newsletter_access":"","_jetpack_dont_email_post_to_subs":false,"_jetpack_newsletter_tier_id":0,"_jetpack_memberships_contains_paywalled_content":false,"_jetpack_memberships_contains_paid_content":false,"footnotes":"","jetpack_publicize_message":"","jetpack_publicize_feature_enabled":true,"jetpack_social_post_already_shared":false,"jetpack_social_options":{"image_generator_settings":{"template":"highway","default_image_id":0,"font":"","enabled":false},"version":2},"_wpas_customize_per_network":false},"categories":[5],"tags":[52,236],"class_list":["post-16934","post","type-post","status-publish","format-standard","hentry","category-politica","tag-claudia-lucero","tag-concejo-deliberante","generate-columns","tablet-grid-50","mobile-grid-100","grid-parent","grid-50"],"jetpack_publicize_connections":[],"jetpack_featured_media_url":"","wps_subtitle":"","jetpack_sharing_enabled":true,"_links":{"self":[{"href":"https:\/\/www.hoymercedes.com.ar\/principal\/wp-json\/wp\/v2\/posts\/16934","targetHints":{"allow":["GET"]}}],"collection":[{"href":"https:\/\/www.hoymercedes.com.ar\/principal\/wp-json\/wp\/v2\/posts"}],"about":[{"href":"https:\/\/www.hoymercedes.com.ar\/principal\/wp-json\/wp\/v2\/types\/post"}],"author":[{"embeddable":true,"href":"https:\/\/www.hoymercedes.com.ar\/principal\/wp-json\/wp\/v2\/users\/1"}],"replies":[{"embeddable":true,"href":"https:\/\/www.hoymercedes.com.ar\/principal\/wp-json\/wp\/v2\/comments?post=16934"}],"version-history":[{"count":0,"href":"https:\/\/www.hoymercedes.com.ar\/principal\/wp-json\/wp\/v2\/posts\/16934\/revisions"}],"wp:attachment":[{"href":"https:\/\/www.hoymercedes.com.ar\/principal\/wp-json\/wp\/v2\/media?parent=16934"}],"wp:term":[{"taxonomy":"category","embeddable":true,"href":"https:\/\/www.hoymercedes.com.ar\/principal\/wp-json\/wp\/v2\/categories?post=16934"},{"taxonomy":"post_tag","embeddable":true,"href":"https:\/\/www.hoymercedes.com.ar\/principal\/wp-json\/wp\/v2\/tags?post=16934"}],"curies":[{"name":"wp","href":"https:\/\/api.w.org\/{rel}","templated":true}]}}