{"id":169372,"date":"2023-11-11T13:37:26","date_gmt":"2023-11-11T16:37:26","guid":{"rendered":"https:\/\/www.hoymercedes.com.ar\/principal\/?p=169372"},"modified":"2023-11-11T13:37:29","modified_gmt":"2023-11-11T16:37:29","slug":"acto-y-fuerte-apoyo-a-massa-en-mercedes","status":"publish","type":"post","link":"https:\/\/www.hoymercedes.com.ar\/principal\/2023\/11\/11\/acto-y-fuerte-apoyo-a-massa-en-mercedes\/","title":{"rendered":"Acto y fuerte apoyo a Massa en Mercedes"},"content":{"rendered":"\n<figure class=\"wp-block-image size-large\"><img loading=\"lazy\" decoding=\"async\" width=\"1024\" height=\"684\" data-attachment-id=\"169373\" data-permalink=\"https:\/\/www.hoymercedes.com.ar\/principal\/2023\/11\/11\/acto-y-fuerte-apoyo-a-massa-en-mercedes\/acto-massa-2023-23\/#main\" data-orig-file=\"https:\/\/www.hoymercedes.com.ar\/principal\/wp-content\/uploads\/2023\/11\/Acto-Massa-2023-23.jpeg\" data-orig-size=\"1600,1068\" data-comments-opened=\"0\" data-image-meta=\"{&quot;aperture&quot;:&quot;0&quot;,&quot;credit&quot;:&quot;&quot;,&quot;camera&quot;:&quot;&quot;,&quot;caption&quot;:&quot;&quot;,&quot;created_timestamp&quot;:&quot;0&quot;,&quot;copyright&quot;:&quot;&quot;,&quot;focal_length&quot;:&quot;0&quot;,&quot;iso&quot;:&quot;0&quot;,&quot;shutter_speed&quot;:&quot;0&quot;,&quot;title&quot;:&quot;&quot;,&quot;orientation&quot;:&quot;0&quot;}\" data-image-title=\"Acto-Massa-2023-23\" data-image-description=\"\" data-image-caption=\"\" data-large-file=\"https:\/\/www.hoymercedes.com.ar\/principal\/wp-content\/uploads\/2023\/11\/Acto-Massa-2023-23-1024x684.jpeg\" src=\"https:\/\/www.hoymercedes.com.ar\/principal\/wp-content\/uploads\/2023\/11\/Acto-Massa-2023-23-1024x684.jpeg\" alt=\"\" class=\"wp-image-169373\" srcset=\"https:\/\/www.hoymercedes.com.ar\/principal\/wp-content\/uploads\/2023\/11\/Acto-Massa-2023-23-1024x684.jpeg 1024w, https:\/\/www.hoymercedes.com.ar\/principal\/wp-content\/uploads\/2023\/11\/Acto-Massa-2023-23-630x421.jpeg 630w, https:\/\/www.hoymercedes.com.ar\/principal\/wp-content\/uploads\/2023\/11\/Acto-Massa-2023-23-150x100.jpeg 150w, https:\/\/www.hoymercedes.com.ar\/principal\/wp-content\/uploads\/2023\/11\/Acto-Massa-2023-23-1536x1025.jpeg 1536w, https:\/\/www.hoymercedes.com.ar\/principal\/wp-content\/uploads\/2023\/11\/Acto-Massa-2023-23.jpeg 1600w\" sizes=\"auto, (max-width: 1024px) 100vw, 1024px\" \/><\/figure>\n\n\n\n<p><strong>Massa Presidente<\/strong> fue la consigna del acto que, a pesar del clima, cont\u00f3 con una gran participaci\u00f3n de adherentes, militantes, vecinos y vecinas, sindicatos, referentes sociales, espacios pol\u00edticos que impulsan el pr\u00f3ximo 19 de noviembre sea <strong>Sergio Massa el elegido como pr\u00f3ximo presidente de la Argentina<\/strong>, entendiendo adem\u00e1s ser\u00e1 muy valioso para Mercedes contar con la misma l\u00ednea pol\u00edtica a nivel local, provincial y nacional. Ustarroz, Selva, Ch\u00e1vez, L\u00f3pez Baggio y Gerdo fueron los oradores de la jornada.<\/p>\n\n\n\n<p><strong>Acto<\/strong><\/p>\n\n\n\n<p>El acto fue convocado en Club Estudiantes, donde si bien la lluvia parec\u00eda iba a entorpecer los acontecimientos, nada de eso sucedi\u00f3 y finalmente se vivi\u00f3 una gran jornada democr\u00e1tica en apoyo de<strong> Massa 2023.<\/strong><\/p>\n\n\n\n<p><strong>Participaci\u00f3n<\/strong><\/p>\n\n\n\n<p>Adem\u00e1s de las instalaciones colmadas por vecinos y vecinas, se cont\u00f3 con la presencia de integrantes del Frente Renovador, La C\u00e1mpora, Partido Fe, Movimiento Evita, la Curro Iriart, Primero La Patria, Casa Joven, presencia de sindicatos, Patria Grande, referentes barriales, CGT, CTA, entre otros.<\/p>\n\n\n\n<figure class=\"wp-block-image size-large\"><img loading=\"lazy\" decoding=\"async\" width=\"1024\" height=\"684\" data-attachment-id=\"169374\" data-permalink=\"https:\/\/www.hoymercedes.com.ar\/principal\/2023\/11\/11\/acto-y-fuerte-apoyo-a-massa-en-mercedes\/acto-massa-2023-3\/#main\" data-orig-file=\"https:\/\/www.hoymercedes.com.ar\/principal\/wp-content\/uploads\/2023\/11\/Acto-Massa-2023-3.jpeg\" data-orig-size=\"1600,1068\" data-comments-opened=\"0\" data-image-meta=\"{&quot;aperture&quot;:&quot;0&quot;,&quot;credit&quot;:&quot;&quot;,&quot;camera&quot;:&quot;&quot;,&quot;caption&quot;:&quot;&quot;,&quot;created_timestamp&quot;:&quot;0&quot;,&quot;copyright&quot;:&quot;&quot;,&quot;focal_length&quot;:&quot;0&quot;,&quot;iso&quot;:&quot;0&quot;,&quot;shutter_speed&quot;:&quot;0&quot;,&quot;title&quot;:&quot;&quot;,&quot;orientation&quot;:&quot;0&quot;}\" data-image-title=\"Acto-Massa-2023-3\" data-image-description=\"\" data-image-caption=\"\" data-large-file=\"https:\/\/www.hoymercedes.com.ar\/principal\/wp-content\/uploads\/2023\/11\/Acto-Massa-2023-3-1024x684.jpeg\" src=\"https:\/\/www.hoymercedes.com.ar\/principal\/wp-content\/uploads\/2023\/11\/Acto-Massa-2023-3-1024x684.jpeg\" alt=\"\" class=\"wp-image-169374\" srcset=\"https:\/\/www.hoymercedes.com.ar\/principal\/wp-content\/uploads\/2023\/11\/Acto-Massa-2023-3-1024x684.jpeg 1024w, https:\/\/www.hoymercedes.com.ar\/principal\/wp-content\/uploads\/2023\/11\/Acto-Massa-2023-3-630x421.jpeg 630w, https:\/\/www.hoymercedes.com.ar\/principal\/wp-content\/uploads\/2023\/11\/Acto-Massa-2023-3-150x100.jpeg 150w, https:\/\/www.hoymercedes.com.ar\/principal\/wp-content\/uploads\/2023\/11\/Acto-Massa-2023-3-1536x1025.jpeg 1536w, https:\/\/www.hoymercedes.com.ar\/principal\/wp-content\/uploads\/2023\/11\/Acto-Massa-2023-3.jpeg 1600w\" sizes=\"auto, (max-width: 1024px) 100vw, 1024px\" \/><\/figure>\n\n\n\n<p><strong>Por el trabajo<\/strong><\/p>\n\n\n\n<p><strong>Diego Gerdo,<\/strong> representando espacios sindicales y la CGT \u201ccoment\u00f3 que la mesa sindical, ahora normalizada, lo hace trabajando en unidad\u201d contando que \u201ctodos los gremios de Mercedes le dieron el apoyo a Juani para la reelecci\u00f3n\u201d y \u201cen las primarias gan\u00f3 la f\u00f3rmula de Massa e inmediatamente en unidad se empez\u00f3 a militar\u201d siendo \u201cun espacio de trabajadores, participando por los derechos, la justicia social, la distribuci\u00f3n de la riqueza, lejos de lo que alg\u00fan candidato afirma son privilegios, sino derechos\u201d.<\/p>\n\n\n\n<p>\u201cDefendemos con Massa los derechos de todos los trabajadores y trabajadoras, pero tambi\u00e9n que se proteja a la industria nacional, a las pymes, grandes generadores de trabajo, contraponiendo las medidas de Macri que las desprotegi\u00f3 por completo\u201d y \u201cnecesitamos un gobierno peronista\u201d recordando que \u201cen Mercedes se gan\u00f3 a nivel provincia y naci\u00f3n tambi\u00e9n, adem\u00e1s de lo local\u201d para manifestar que \u201ctenemos un gran desaf\u00edo por delante\u201d.<\/p>\n\n\n\n<figure class=\"wp-block-image size-large\"><img loading=\"lazy\" decoding=\"async\" width=\"1024\" height=\"684\" data-attachment-id=\"169376\" data-permalink=\"https:\/\/www.hoymercedes.com.ar\/principal\/2023\/11\/11\/acto-y-fuerte-apoyo-a-massa-en-mercedes\/acto-massa-2023-17\/#main\" data-orig-file=\"https:\/\/www.hoymercedes.com.ar\/principal\/wp-content\/uploads\/2023\/11\/Acto-Massa-2023-17.jpeg\" data-orig-size=\"1600,1068\" data-comments-opened=\"0\" data-image-meta=\"{&quot;aperture&quot;:&quot;0&quot;,&quot;credit&quot;:&quot;&quot;,&quot;camera&quot;:&quot;&quot;,&quot;caption&quot;:&quot;&quot;,&quot;created_timestamp&quot;:&quot;0&quot;,&quot;copyright&quot;:&quot;&quot;,&quot;focal_length&quot;:&quot;0&quot;,&quot;iso&quot;:&quot;0&quot;,&quot;shutter_speed&quot;:&quot;0&quot;,&quot;title&quot;:&quot;&quot;,&quot;orientation&quot;:&quot;0&quot;}\" data-image-title=\"Acto-Massa-2023-17\" data-image-description=\"\" data-image-caption=\"\" data-large-file=\"https:\/\/www.hoymercedes.com.ar\/principal\/wp-content\/uploads\/2023\/11\/Acto-Massa-2023-17-1024x684.jpeg\" src=\"https:\/\/www.hoymercedes.com.ar\/principal\/wp-content\/uploads\/2023\/11\/Acto-Massa-2023-17-1024x684.jpeg\" alt=\"\" class=\"wp-image-169376\" srcset=\"https:\/\/www.hoymercedes.com.ar\/principal\/wp-content\/uploads\/2023\/11\/Acto-Massa-2023-17-1024x684.jpeg 1024w, https:\/\/www.hoymercedes.com.ar\/principal\/wp-content\/uploads\/2023\/11\/Acto-Massa-2023-17-630x421.jpeg 630w, https:\/\/www.hoymercedes.com.ar\/principal\/wp-content\/uploads\/2023\/11\/Acto-Massa-2023-17-150x100.jpeg 150w, https:\/\/www.hoymercedes.com.ar\/principal\/wp-content\/uploads\/2023\/11\/Acto-Massa-2023-17-1536x1025.jpeg 1536w, https:\/\/www.hoymercedes.com.ar\/principal\/wp-content\/uploads\/2023\/11\/Acto-Massa-2023-17.jpeg 1600w\" sizes=\"auto, (max-width: 1024px) 100vw, 1024px\" \/><\/figure>\n\n\n\n<p><strong>Comunidad<\/strong><\/p>\n\n\n\n<p><strong>Juan Pablo L\u00f3pez Baggio<\/strong>, presidente del PJ local remarc\u00f3 que la lluvia no opac\u00f3 \u201cla militancia del peronismo y de Uni\u00f3n por la patria\u201d.<\/p>\n\n\n\n<p>Mencion\u00f3 que \u201chay cuestiones que cre\u00edamos estaban superadas, o bien hab\u00eda discusiones, debates, pero nos parec\u00eda que ya sobre la \u00e9poca m\u00e1s oscura de la patria no se discut\u00eda m\u00e1s, pero si, lo logr\u00f3 el odio y los intereses for\u00e1neos volver a ponerlo en escena, buscando someter al pueblo argentino\u201d.<\/p>\n\n\n\n<p>\u201cMilei tiene claro qui\u00e9nes son sus jefes, aliado a Macri, regresando a lo que se vivi\u00f3 a\u00f1os atr\u00e1s\u201d, donde \u201cbuscan no haya educaci\u00f3n, salud, trabajo digno, donde no haya futuro para las y los argentinos\u201d afirm\u00f3.<\/p>\n\n\n\n<p>\u201cTengamos claro, para seguir teniendo la ciudad que tenemos, es fundamental contar con un gobierno provincial y nacional alineados, que piense en el pueblo\u201d<\/p>\n\n\n\n<p><strong>Unidad<\/strong><\/p>\n\n\n\n<p><strong>Aldana Ch\u00e1vez,<\/strong> desde el Movimiento Evita, coment\u00f3 que \u201cesto es peronismo y unidad, a pesar de la lluvia, a pesar del d\u00eda\u201d y \u201choy nos jugamos por una nueva argentina, ciudad tenemos, provincia tenemos, ahora necesitamos que Sergio Massa triunfe y construyamos un pa\u00eds de unidad federal\u201d<\/p>\n\n\n\n<p>\u201cMotosierra y oscuridad o unidad y federalismo para nuestro pueblo\u201d plante\u00f3 como interrogante. \u00a0\u201cSomos cada vecino y vecina\u201d afirm\u00f3 y adem\u00e1s dijo \u201cagradecemos tambi\u00e9n la confianza de Juani en cada organizaci\u00f3n social, porque es unidad y queremos la unidad de la ciudad, la provincia y el pa\u00eds\u201d<\/p>\n\n\n\n<figure class=\"wp-block-image size-large\"><img loading=\"lazy\" decoding=\"async\" width=\"1024\" height=\"684\" data-attachment-id=\"169375\" data-permalink=\"https:\/\/www.hoymercedes.com.ar\/principal\/2023\/11\/11\/acto-y-fuerte-apoyo-a-massa-en-mercedes\/mhm_8226\/#main\" data-orig-file=\"https:\/\/www.hoymercedes.com.ar\/principal\/wp-content\/uploads\/2023\/11\/MHM_8226-scaled.jpg\" data-orig-size=\"2560,1709\" data-comments-opened=\"0\" data-image-meta=\"{&quot;aperture&quot;:&quot;2.8&quot;,&quot;credit&quot;:&quot;&quot;,&quot;camera&quot;:&quot;NIKON Z 5&quot;,&quot;caption&quot;:&quot;&quot;,&quot;created_timestamp&quot;:&quot;1699644700&quot;,&quot;copyright&quot;:&quot;&quot;,&quot;focal_length&quot;:&quot;200&quot;,&quot;iso&quot;:&quot;8000&quot;,&quot;shutter_speed&quot;:&quot;0.005&quot;,&quot;title&quot;:&quot;&quot;,&quot;orientation&quot;:&quot;1&quot;}\" data-image-title=\"MHM_8226\" data-image-description=\"\" data-image-caption=\"\" data-large-file=\"https:\/\/www.hoymercedes.com.ar\/principal\/wp-content\/uploads\/2023\/11\/MHM_8226-1024x684.jpg\" src=\"https:\/\/www.hoymercedes.com.ar\/principal\/wp-content\/uploads\/2023\/11\/MHM_8226-1024x684.jpg\" alt=\"\" class=\"wp-image-169375\" srcset=\"https:\/\/www.hoymercedes.com.ar\/principal\/wp-content\/uploads\/2023\/11\/MHM_8226-1024x684.jpg 1024w, https:\/\/www.hoymercedes.com.ar\/principal\/wp-content\/uploads\/2023\/11\/MHM_8226-630x421.jpg 630w, https:\/\/www.hoymercedes.com.ar\/principal\/wp-content\/uploads\/2023\/11\/MHM_8226-150x100.jpg 150w, https:\/\/www.hoymercedes.com.ar\/principal\/wp-content\/uploads\/2023\/11\/MHM_8226-1536x1025.jpg 1536w, https:\/\/www.hoymercedes.com.ar\/principal\/wp-content\/uploads\/2023\/11\/MHM_8226-2048x1367.jpg 2048w\" sizes=\"auto, (max-width: 1024px) 100vw, 1024px\" \/><\/figure>\n\n\n\n<p><strong>Agradecimiento<\/strong><\/p>\n\n\n\n<p>El Diputado Nacional <strong>Carlos Selva <\/strong>a la hora de tomar la palabra expres\u00f3 el agradecimiento por el esfuerzo de realizar el acto \u201ces importante que nos veamos y entre todas y todos redoblemos el esfuerzo por lo que se pone en juego\u201d dijo y menciono \u201cSergio nos pidi\u00f3 agradezcamos a cada militante del pa\u00eds que pasemos de ser tercero a primeros en las \u00faltimas elecciones\u201d.<\/p>\n\n\n\n<p>Cont\u00f3 que \u201cel federalismo y&nbsp; la unidad nacional no es una consigna, es un gran trabajo que se viene realizando\u201d y coment\u00f3 que se \u201ctermin\u00f3 la grieta\u201d, tal como sostuvo Massa.<\/p>\n\n\n\n<p>M\u00e1s adelante asever\u00f3 que \u201ctenemos una diferencia de concepto de pa\u00eds muy grande, por eso tenemos que invitar a detectar que est\u00e1 en juego el futuro de la argentina\u201d<\/p>\n\n\n\n<p>Manifest\u00f3 que \u201ctenemos un candidato que se prepar\u00f3 para gobernar y otro que no, por eso buscamos que triunfe el candidato que propone la unidad nacional, en cada localidad, en cada barrio, porque tenemos el mejor candidato para ello\u201d ya que \u201cse pone en juego el futuro de las generaciones que vienen\u201d.<\/p>\n\n\n\n<p><strong>Presentes<\/strong><\/p>\n\n\n\n<p>El actual intendente J<strong>uani Ustarroz <\/strong>afirmo que \u201ces un honor y orgullo muy grande ser parte de esta militancia, de este pueblo, que una vez m\u00e1s dice presente\u201d<\/p>\n\n\n\n<p>Efectu\u00f3 un diagn\u00f3stico de las PASO, de Octubre y la actualidad, remarcando el rol de la militancia. Explicit\u00f3 algunos aspectos donde el espacio de Libertad Avanza rechaza los intereses nacionales, como Malvinas, San Mart\u00edn, la econom\u00eda, los v\u00ednculos sociales, entre otras cuestiones.<\/p>\n\n\n\n<p>Destac\u00f3 la capacidad de gesti\u00f3n y formaci\u00f3n de Massa para sostener que \u201cno hay proyecto de ciudad sin proyecto de pa\u00eds\u201d y lo vemos si \u201canalizamos la salud, la educaci\u00f3n, la industria, en cada aspecto de la vida, la diferencia es abismal con un gobierno nacional a favor que con uno en contra\u201d porque \u201cno ser\u00e1 el de Milei un gobierno s\u00f3lo contrario al pueblo de Mercedes, sino de todas y todos los argentinos\u201d y para ello \u201cSergio Massa debe ser el pr\u00f3ximo presidente\u201d.<\/p>\n\n\n\n<p>&nbsp;\u201cCuando Milei no quiere hablar de convivencia y democracia es una gran definici\u00f3n\u201d por eso es importante \u201ccomo Massa plantea, debemos tener un gobierno de unidad que hermane a la comunidad\u201d.<\/p>\n\n\n\n<p><strong>Balotaje<\/strong><\/p>\n\n\n\n<p>El encuentro, que ten\u00eda como objetivo seguir planificando acciones en pos de que Sergio Massa sea el candidato m\u00e1s votado en las elecciones del 19, dado que entienden \u201ces lo mejor para el pa\u00eds y la ciudad\u201d.<\/p>\n","protected":false},"excerpt":{"rendered":"<p>Massa Presidente fue la consigna del acto que, a pesar del clima, cont\u00f3 con una gran participaci\u00f3n de adherentes, militantes, &#8230; <a title=\"Acto y fuerte apoyo a Massa en Mercedes\" class=\"read-more\" href=\"https:\/\/www.hoymercedes.com.ar\/principal\/2023\/11\/11\/acto-y-fuerte-apoyo-a-massa-en-mercedes\/\" aria-label=\"Leer m\u00e1s sobre Acto y fuerte apoyo a Massa en Mercedes\">Leer m\u00e1s<\/a><\/p>\n","protected":false},"author":1,"featured_media":169373,"comment_status":"closed","ping_status":"open","sticky":false,"template":"","format":"standard","meta":{"_monsterinsights_skip_tracking":false,"_monsterinsights_sitenote_active":false,"_monsterinsights_sitenote_note":"","_monsterinsights_sitenote_category":0,"jetpack_post_was_ever_published":false,"_jetpack_newsletter_access":"","_jetpack_dont_email_post_to_subs":false,"_jetpack_newsletter_tier_id":0,"_jetpack_memberships_contains_paywalled_content":false,"_jetpack_memberships_contains_paid_content":false,"footnotes":"","jetpack_publicize_message":"","jetpack_publicize_feature_enabled":true,"jetpack_social_post_already_shared":true,"jetpack_social_options":{"image_generator_settings":{"template":"highway","default_image_id":0,"font":"","enabled":false},"version":2},"_wpas_customize_per_network":false},"categories":[8],"tags":[18872,18,18821],"class_list":["post-169372","post","type-post","status-publish","format-standard","has-post-thumbnail","hentry","category-sociedad","tag-massa-2023","tag-selva","tag-union-por-la-patria","generate-columns","tablet-grid-50","mobile-grid-100","grid-parent","grid-50"],"jetpack_publicize_connections":[],"jetpack_featured_media_url":"https:\/\/www.hoymercedes.com.ar\/principal\/wp-content\/uploads\/2023\/11\/Acto-Massa-2023-23.jpeg","wps_subtitle":"Elecciones 2023","jetpack_sharing_enabled":true,"_links":{"self":[{"href":"https:\/\/www.hoymercedes.com.ar\/principal\/wp-json\/wp\/v2\/posts\/169372","targetHints":{"allow":["GET"]}}],"collection":[{"href":"https:\/\/www.hoymercedes.com.ar\/principal\/wp-json\/wp\/v2\/posts"}],"about":[{"href":"https:\/\/www.hoymercedes.com.ar\/principal\/wp-json\/wp\/v2\/types\/post"}],"author":[{"embeddable":true,"href":"https:\/\/www.hoymercedes.com.ar\/principal\/wp-json\/wp\/v2\/users\/1"}],"replies":[{"embeddable":true,"href":"https:\/\/www.hoymercedes.com.ar\/principal\/wp-json\/wp\/v2\/comments?post=169372"}],"version-history":[{"count":0,"href":"https:\/\/www.hoymercedes.com.ar\/principal\/wp-json\/wp\/v2\/posts\/169372\/revisions"}],"wp:featuredmedia":[{"embeddable":true,"href":"https:\/\/www.hoymercedes.com.ar\/principal\/wp-json\/wp\/v2\/media\/169373"}],"wp:attachment":[{"href":"https:\/\/www.hoymercedes.com.ar\/principal\/wp-json\/wp\/v2\/media?parent=169372"}],"wp:term":[{"taxonomy":"category","embeddable":true,"href":"https:\/\/www.hoymercedes.com.ar\/principal\/wp-json\/wp\/v2\/categories?post=169372"},{"taxonomy":"post_tag","embeddable":true,"href":"https:\/\/www.hoymercedes.com.ar\/principal\/wp-json\/wp\/v2\/tags?post=169372"}],"curies":[{"name":"wp","href":"https:\/\/api.w.org\/{rel}","templated":true}]}}