{"id":169381,"date":"2023-11-12T08:13:55","date_gmt":"2023-11-12T11:13:55","guid":{"rendered":"https:\/\/www.hoymercedes.com.ar\/principal\/?p=169381"},"modified":"2023-11-12T08:23:33","modified_gmt":"2023-11-12T11:23:33","slug":"encuentro-de-fotografos-de-plazas-en-homenaje-a-juan-meoniz","status":"publish","type":"post","link":"https:\/\/www.hoymercedes.com.ar\/principal\/2023\/11\/12\/encuentro-de-fotografos-de-plazas-en-homenaje-a-juan-meoniz\/","title":{"rendered":"Encuentro de Fot\u00f3grafos de Plazas en homenaje a Juan Meoniz"},"content":{"rendered":"\n<p>Las primeras horas de la tarde del s\u00e1bado comenzaban y las c\u00e1maras fotogr\u00e1ficas minuteras comenzaban a instalarse alrededor del monumento a San Mart\u00edn de Mercedes. As\u00ed comenzar\u00eda el 9\u00b0 Encuentro de Fot\u00f3grafos de Plaza, un encuentro especial porque fue el homenaje a su creador Juan Meoniz, fallecido semanas atr\u00e1s. Un Encuentro y homenaje que se extendi\u00f3 hasta la noche, con pizza, charlas y recuerdos. <\/p>\n\n\n\n<p>Desde distintos puntos del pa\u00eds y algunos a trav\u00e9s de Internet recordaron a Juan y su proyecto que en los \u00faltimos a\u00f1os, pese a la pandemia y a su enfermedad en los \u00faltimos meses, llev\u00f3 adelante con pasi\u00f3n. Las c\u00e1maras minuteras, esas que anta\u00f1o usaban los fot\u00f3grafos en las plazas del mundo para retratar a las personas que as\u00ed lo quer\u00edan, y que el grupo reunido que homenaje\u00f3 a Meoniz tambi\u00e9n retratan a las personas de este siglo XXI. <\/p>\n\n\n\n<div class=\"wp-block-jetpack-slideshow aligncenter\" data-effect=\"slide\"><div class=\"wp-block-jetpack-slideshow_container swiper-container\"><ul class=\"wp-block-jetpack-slideshow_swiper-wrapper swiper-wrapper\"><li class=\"wp-block-jetpack-slideshow_slide swiper-slide\"><figure><img loading=\"lazy\" decoding=\"async\" width=\"800\" height=\"533\" alt=\"\" class=\"wp-block-jetpack-slideshow_image wp-image-169387\" data-id=\"169387\" src=\"https:\/\/www.hoymercedes.com.ar\/principal\/wp-content\/uploads\/2023\/11\/fotografo-plaza-2023-2.jpg\" srcset=\"https:\/\/www.hoymercedes.com.ar\/principal\/wp-content\/uploads\/2023\/11\/fotografo-plaza-2023-2.jpg 800w, https:\/\/www.hoymercedes.com.ar\/principal\/wp-content\/uploads\/2023\/11\/fotografo-plaza-2023-2-630x420.jpg 630w, https:\/\/www.hoymercedes.com.ar\/principal\/wp-content\/uploads\/2023\/11\/fotografo-plaza-2023-2-150x100.jpg 150w, https:\/\/www.hoymercedes.com.ar\/principal\/wp-content\/uploads\/2023\/11\/fotografo-plaza-2023-2-700x465.jpg 700w\" sizes=\"(max-width: 800px) 100vw, 800px\" \/><\/figure><\/li><li class=\"wp-block-jetpack-slideshow_slide swiper-slide\"><figure><img loading=\"lazy\" decoding=\"async\" width=\"800\" height=\"533\" alt=\"\" class=\"wp-block-jetpack-slideshow_image wp-image-169388\" data-id=\"169388\" src=\"https:\/\/www.hoymercedes.com.ar\/principal\/wp-content\/uploads\/2023\/11\/fotografo-plaza-2023-3.jpg\" srcset=\"https:\/\/www.hoymercedes.com.ar\/principal\/wp-content\/uploads\/2023\/11\/fotografo-plaza-2023-3.jpg 800w, https:\/\/www.hoymercedes.com.ar\/principal\/wp-content\/uploads\/2023\/11\/fotografo-plaza-2023-3-630x420.jpg 630w, https:\/\/www.hoymercedes.com.ar\/principal\/wp-content\/uploads\/2023\/11\/fotografo-plaza-2023-3-150x100.jpg 150w, https:\/\/www.hoymercedes.com.ar\/principal\/wp-content\/uploads\/2023\/11\/fotografo-plaza-2023-3-700x465.jpg 700w\" sizes=\"(max-width: 800px) 100vw, 800px\" \/><\/figure><\/li><li class=\"wp-block-jetpack-slideshow_slide swiper-slide\"><figure><img loading=\"lazy\" decoding=\"async\" width=\"804\" height=\"536\" alt=\"\" class=\"wp-block-jetpack-slideshow_image wp-image-169389\" data-id=\"169389\" src=\"https:\/\/www.hoymercedes.com.ar\/principal\/wp-content\/uploads\/2023\/11\/fotografo-plaza-2023-4.jpg\" srcset=\"https:\/\/www.hoymercedes.com.ar\/principal\/wp-content\/uploads\/2023\/11\/fotografo-plaza-2023-4.jpg 804w, https:\/\/www.hoymercedes.com.ar\/principal\/wp-content\/uploads\/2023\/11\/fotografo-plaza-2023-4-630x420.jpg 630w, https:\/\/www.hoymercedes.com.ar\/principal\/wp-content\/uploads\/2023\/11\/fotografo-plaza-2023-4-150x100.jpg 150w\" sizes=\"(max-width: 804px) 100vw, 804px\" \/><\/figure><\/li><li class=\"wp-block-jetpack-slideshow_slide swiper-slide\"><figure><img loading=\"lazy\" decoding=\"async\" width=\"720\" height=\"540\" alt=\"\" class=\"wp-block-jetpack-slideshow_image wp-image-169390\" data-id=\"169390\" src=\"https:\/\/www.hoymercedes.com.ar\/principal\/wp-content\/uploads\/2023\/11\/fotografo-plaza-2023-5.jpg\" srcset=\"https:\/\/www.hoymercedes.com.ar\/principal\/wp-content\/uploads\/2023\/11\/fotografo-plaza-2023-5.jpg 720w, https:\/\/www.hoymercedes.com.ar\/principal\/wp-content\/uploads\/2023\/11\/fotografo-plaza-2023-5-630x473.jpg 630w, https:\/\/www.hoymercedes.com.ar\/principal\/wp-content\/uploads\/2023\/11\/fotografo-plaza-2023-5-150x113.jpg 150w\" sizes=\"(max-width: 720px) 100vw, 720px\" \/><\/figure><\/li><li class=\"wp-block-jetpack-slideshow_slide swiper-slide\"><figure><img loading=\"lazy\" decoding=\"async\" width=\"810\" height=\"540\" alt=\"\" class=\"wp-block-jetpack-slideshow_image wp-image-169382\" data-id=\"169382\" src=\"https:\/\/www.hoymercedes.com.ar\/principal\/wp-content\/uploads\/2023\/11\/fotografo-plaza-2023-1.jpg\" srcset=\"https:\/\/www.hoymercedes.com.ar\/principal\/wp-content\/uploads\/2023\/11\/fotografo-plaza-2023-1.jpg 810w, https:\/\/www.hoymercedes.com.ar\/principal\/wp-content\/uploads\/2023\/11\/fotografo-plaza-2023-1-630x420.jpg 630w, https:\/\/www.hoymercedes.com.ar\/principal\/wp-content\/uploads\/2023\/11\/fotografo-plaza-2023-1-150x100.jpg 150w\" sizes=\"(max-width: 810px) 100vw, 810px\" \/><\/figure><\/li><\/ul><a class=\"wp-block-jetpack-slideshow_button-prev swiper-button-prev swiper-button-white\" role=\"button\"><\/a><a class=\"wp-block-jetpack-slideshow_button-next swiper-button-next swiper-button-white\" role=\"button\"><\/a><a aria-label=\"Pause Slideshow\" class=\"wp-block-jetpack-slideshow_button-pause\" role=\"button\"><\/a><div class=\"wp-block-jetpack-slideshow_pagination swiper-pagination swiper-pagination-white\"><\/div><\/div><\/div>\n","protected":false},"excerpt":{"rendered":"<p>Las primeras horas de la tarde del s\u00e1bado comenzaban y las c\u00e1maras fotogr\u00e1ficas minuteras comenzaban a instalarse alrededor del monumento &#8230; <a title=\"Encuentro de Fot\u00f3grafos de Plazas en homenaje a Juan Meoniz\" class=\"read-more\" href=\"https:\/\/www.hoymercedes.com.ar\/principal\/2023\/11\/12\/encuentro-de-fotografos-de-plazas-en-homenaje-a-juan-meoniz\/\" aria-label=\"Leer m\u00e1s sobre Encuentro de Fot\u00f3grafos de Plazas en homenaje a Juan Meoniz\">Leer m\u00e1s<\/a><\/p>\n","protected":false},"author":1,"featured_media":169382,"comment_status":"closed","ping_status":"open","sticky":false,"template":"","format":"standard","meta":{"_monsterinsights_skip_tracking":false,"_monsterinsights_sitenote_active":false,"_monsterinsights_sitenote_note":"","_monsterinsights_sitenote_category":0,"jetpack_post_was_ever_published":false,"_jetpack_newsletter_access":"","_jetpack_dont_email_post_to_subs":false,"_jetpack_newsletter_tier_id":0,"_jetpack_memberships_contains_paywalled_content":false,"_jetpack_memberships_contains_paid_content":false,"footnotes":"","jetpack_publicize_message":"","jetpack_publicize_feature_enabled":true,"jetpack_social_post_already_shared":true,"jetpack_social_options":{"image_generator_settings":{"template":"highway","default_image_id":0,"font":"","enabled":false},"version":2},"_wpas_customize_per_network":false},"categories":[8],"tags":[7805],"class_list":["post-169381","post","type-post","status-publish","format-standard","has-post-thumbnail","hentry","category-sociedad","tag-cultura","generate-columns","tablet-grid-50","mobile-grid-100","grid-parent","grid-50"],"jetpack_publicize_connections":[],"jetpack_featured_media_url":"https:\/\/www.hoymercedes.com.ar\/principal\/wp-content\/uploads\/2023\/11\/fotografo-plaza-2023-1.jpg","wps_subtitle":"","jetpack_sharing_enabled":true,"_links":{"self":[{"href":"https:\/\/www.hoymercedes.com.ar\/principal\/wp-json\/wp\/v2\/posts\/169381","targetHints":{"allow":["GET"]}}],"collection":[{"href":"https:\/\/www.hoymercedes.com.ar\/principal\/wp-json\/wp\/v2\/posts"}],"about":[{"href":"https:\/\/www.hoymercedes.com.ar\/principal\/wp-json\/wp\/v2\/types\/post"}],"author":[{"embeddable":true,"href":"https:\/\/www.hoymercedes.com.ar\/principal\/wp-json\/wp\/v2\/users\/1"}],"replies":[{"embeddable":true,"href":"https:\/\/www.hoymercedes.com.ar\/principal\/wp-json\/wp\/v2\/comments?post=169381"}],"version-history":[{"count":0,"href":"https:\/\/www.hoymercedes.com.ar\/principal\/wp-json\/wp\/v2\/posts\/169381\/revisions"}],"wp:featuredmedia":[{"embeddable":true,"href":"https:\/\/www.hoymercedes.com.ar\/principal\/wp-json\/wp\/v2\/media\/169382"}],"wp:attachment":[{"href":"https:\/\/www.hoymercedes.com.ar\/principal\/wp-json\/wp\/v2\/media?parent=169381"}],"wp:term":[{"taxonomy":"category","embeddable":true,"href":"https:\/\/www.hoymercedes.com.ar\/principal\/wp-json\/wp\/v2\/categories?post=169381"},{"taxonomy":"post_tag","embeddable":true,"href":"https:\/\/www.hoymercedes.com.ar\/principal\/wp-json\/wp\/v2\/tags?post=169381"}],"curies":[{"name":"wp","href":"https:\/\/api.w.org\/{rel}","templated":true}]}}