{"id":1694,"date":"2011-01-15T18:02:45","date_gmt":"2011-01-15T18:02:45","guid":{"rendered":"http:\/\/www.hoymercedes.com.ar\/principal\/?p=1694"},"modified":"2011-01-15T18:02:45","modified_gmt":"2011-01-15T18:02:45","slug":"la-banda-humanos-blues-band-toco-para-150-internos-en-unidad-5","status":"publish","type":"post","link":"https:\/\/www.hoymercedes.com.ar\/principal\/2011\/01\/15\/la-banda-humanos-blues-band-toco-para-150-internos-en-unidad-5\/","title":{"rendered":"La banda Humanos Blues Band toc\u00f3 para 150 internos en Unidad 5"},"content":{"rendered":"<p style=\"text-align: justify;\"><span style=\"font-size: small;\"><span style=\"font-family: 'Times New Roman';\">El viernes 14 por la tarde se llegaron desde Merlo los integrantes de Humanos, para alegrar y entretener a los internos e internas que est\u00e1n detenidos en \u00e9sta unidad.<\/span><\/span><\/p>\n<p style=\"text-align: justify;\"><span style=\"font-size: small;\"><span style=\"font-family: 'Times New Roman';\"> A pesar del calor, tocaron por m\u00e1s de una hora temas propios del legendario Papo y de BB Kin en el sal\u00f3n de usos m\u00faltiples.<\/span><\/span><\/p>\n<p style=\"text-align: center;\"><span style=\"font-size: small;\"><span style=\"font-family: 'Times New Roman';\"><a href=\"https:\/\/www.hoymercedes.com.ar\/principal\/wp-content\/uploads\/2011\/01\/humanosblusband1.jpg\"><img loading=\"lazy\" decoding=\"async\" data-attachment-id=\"1696\" data-permalink=\"https:\/\/www.hoymercedes.com.ar\/principal\/2011\/01\/15\/la-banda-humanos-blues-band-toco-para-150-internos-en-unidad-5\/humanosblusband1\/#main\" data-orig-file=\"https:\/\/www.hoymercedes.com.ar\/principal\/wp-content\/uploads\/2011\/01\/humanosblusband1.jpg\" data-orig-size=\"400,300\" data-comments-opened=\"1\" data-image-meta=\"{&quot;aperture&quot;:&quot;3.4&quot;,&quot;credit&quot;:&quot;&quot;,&quot;camera&quot;:&quot;KODAK EASYSHARE V1003 ZOOM DIGITAL CAMERA&quot;,&quot;caption&quot;:&quot;&quot;,&quot;created_timestamp&quot;:&quot;1248168245&quot;,&quot;copyright&quot;:&quot;&quot;,&quot;focal_length&quot;:&quot;10.3&quot;,&quot;iso&quot;:&quot;80&quot;,&quot;shutter_speed&quot;:&quot;0.016666666666667&quot;,&quot;title&quot;:&quot;&quot;}\" data-image-title=\"humanosblusband1\" data-image-description=\"\" data-image-caption=\"\" data-large-file=\"https:\/\/www.hoymercedes.com.ar\/principal\/wp-content\/uploads\/2011\/01\/humanosblusband1.jpg\" class=\"size-full wp-image-1696  aligncenter\" title=\"humanosblusband1\" src=\"https:\/\/www.hoymercedes.com.ar\/principal\/wp-content\/uploads\/2011\/01\/humanosblusband1.jpg\" alt=\"\" width=\"400\" height=\"300\" \/><\/a><br \/>\n<\/span><\/span><\/p>\n<p style=\"text-align: justify;\"><span style=\"font-size: small;\"><span style=\"font-family: 'Times New Roman';\"><br \/>\n<\/span><\/span><\/p>\n<p style=\"text-align: justify;\"><span style=\"font-size: small;\"><span style=\"font-family: 'Times New Roman';\"> Con un excelente recital, realizado con mucho profesionalismo y sonando muy bien se llevaron todos los aplausos, y muy buena onda de ambas partes. En la guitarra toca Damian Rodr\u00edguez, en el bajo Maximiliano Ibarra, en teclados y vos Roque Alegre, en bater\u00eda Juan Alfonso y el manager del grupo es el pap\u00e1 del guitarrista Carlos Rodriguez, que nos cont\u00f3 que hace 4 a\u00f1os que formaron la banda formada por vecinos y amigos, son todos muy j\u00f3venes y muy emprendedores, Roque \u2013voz- es el mayor y ya tiene m\u00e1s experiencia, cuando no canta con su particular voz ronca es profesor en una escuela de ni\u00f1os con capacidades diferentes. Todos estudian m\u00fasica y tienen varios temas propios.<\/span><\/span><\/p>\n<p style=\"text-align: center;\"><span style=\"font-size: small;\"><span style=\"font-family: 'Times New Roman';\"><a href=\"https:\/\/www.hoymercedes.com.ar\/principal\/wp-content\/uploads\/2011\/01\/humanosblusband-2.jpg\"><img loading=\"lazy\" decoding=\"async\" data-attachment-id=\"1697\" data-permalink=\"https:\/\/www.hoymercedes.com.ar\/principal\/2011\/01\/15\/la-banda-humanos-blues-band-toco-para-150-internos-en-unidad-5\/humanosblusband-2\/#main\" data-orig-file=\"https:\/\/www.hoymercedes.com.ar\/principal\/wp-content\/uploads\/2011\/01\/humanosblusband-2.jpg\" data-orig-size=\"400,300\" data-comments-opened=\"1\" data-image-meta=\"{&quot;aperture&quot;:&quot;2.8&quot;,&quot;credit&quot;:&quot;&quot;,&quot;camera&quot;:&quot;KODAK EASYSHARE V1003 ZOOM DIGITAL CAMERA&quot;,&quot;caption&quot;:&quot;&quot;,&quot;created_timestamp&quot;:&quot;1248169664&quot;,&quot;copyright&quot;:&quot;&quot;,&quot;focal_length&quot;:&quot;7.5&quot;,&quot;iso&quot;:&quot;80&quot;,&quot;shutter_speed&quot;:&quot;0.016666666666667&quot;,&quot;title&quot;:&quot;&quot;}\" data-image-title=\"humanosblusband 2\" data-image-description=\"\" data-image-caption=\"\" data-large-file=\"https:\/\/www.hoymercedes.com.ar\/principal\/wp-content\/uploads\/2011\/01\/humanosblusband-2.jpg\" class=\"size-full wp-image-1697  aligncenter\" title=\"humanosblusband 2\" src=\"https:\/\/www.hoymercedes.com.ar\/principal\/wp-content\/uploads\/2011\/01\/humanosblusband-2.jpg\" alt=\"\" width=\"400\" height=\"300\" srcset=\"https:\/\/www.hoymercedes.com.ar\/principal\/wp-content\/uploads\/2011\/01\/humanosblusband-2.jpg 400w, https:\/\/www.hoymercedes.com.ar\/principal\/wp-content\/uploads\/2011\/01\/humanosblusband-2-300x225.jpg 300w\" sizes=\"auto, (max-width: 400px) 100vw, 400px\" \/><\/a><br \/>\n<\/span><\/span><\/p>\n<p style=\"text-align: justify;\"><span style=\"font-size: small;\"><span style=\"font-family: 'Times New Roman';\"> Sus principales shows fueron con Adri\u00e1n Otero, en el Municipio de la Costa, Villa Gesell, bares y pubs de Capital y Gran Buenos Aires, y este verano se van para Gualeguaychu a tocar en febrero. Dentro de su agenda, invitados a tocar en la Unidad, de manera gustosa y desinteresada\u00a0\u00a0vinieron con todos sus equipos para dar un gran show para todos los internos presentes.<\/span><\/span><\/p>\n<p style=\"text-align: justify;\"><span style=\"font-size: small;\"><span style=\"font-family: 'Times New Roman';\"> Roque nos comentaba que fue una experiencia muy linda y enriquecedora, esta es la segunda oportunidad -ya que fuero una vez a la Unidad 9 de La Plata-, y que vale la pena llegar a esta gente que esta en esta situaci\u00f3n. Important\u00edsimos para ellos y para nosotros. Por su parte el joven Damian de 21 a\u00f1os \u2013guitarra- nos dec\u00eda que fue muy bueno estar tocando en la unidad, que le gust\u00f3 mucho.<\/span><\/span><\/p>\n<p style=\"text-align: justify;\"><span style=\"font-size: small;\"><span style=\"font-family: 'Times New Roman';\"> Antes de retirarse se le entregaron presentes \u2013artesan\u00edas- realizadas por los internos, los cuales agradecieron y se fueron con la promesa de volver.<\/span><\/span><\/p>\n","protected":false},"excerpt":{"rendered":"<p>El viernes 14 por la tarde se llegaron desde Merlo los integrantes de Humanos, para alegrar y entretener a los &#8230; <a title=\"La banda Humanos Blues Band toc\u00f3 para 150 internos en Unidad 5\" class=\"read-more\" href=\"https:\/\/www.hoymercedes.com.ar\/principal\/2011\/01\/15\/la-banda-humanos-blues-band-toco-para-150-internos-en-unidad-5\/\" aria-label=\"Leer m\u00e1s sobre La banda Humanos Blues Band toc\u00f3 para 150 internos en Unidad 5\">Leer m\u00e1s<\/a><\/p>\n","protected":false},"author":1,"featured_media":0,"comment_status":"open","ping_status":"open","sticky":false,"template":"","format":"standard","meta":{"_monsterinsights_skip_tracking":false,"_monsterinsights_sitenote_active":false,"_monsterinsights_sitenote_note":"","_monsterinsights_sitenote_category":0,"jetpack_post_was_ever_published":false,"_jetpack_newsletter_access":"","_jetpack_dont_email_post_to_subs":false,"_jetpack_newsletter_tier_id":0,"_jetpack_memberships_contains_paywalled_content":false,"_jetpack_memberships_contains_paid_content":false,"footnotes":"","jetpack_publicize_message":"","jetpack_publicize_feature_enabled":true,"jetpack_social_post_already_shared":false,"jetpack_social_options":{"image_generator_settings":{"template":"highway","default_image_id":0,"font":"","enabled":false},"version":2},"_wpas_customize_per_network":false},"categories":[8],"tags":[374,113],"class_list":["post-1694","post","type-post","status-publish","format-standard","hentry","category-sociedad","tag-humanos-blus-band","tag-unidad-5","generate-columns","tablet-grid-50","mobile-grid-100","grid-parent","grid-50"],"jetpack_publicize_connections":[],"jetpack_featured_media_url":"","wps_subtitle":"","jetpack_sharing_enabled":true,"_links":{"self":[{"href":"https:\/\/www.hoymercedes.com.ar\/principal\/wp-json\/wp\/v2\/posts\/1694","targetHints":{"allow":["GET"]}}],"collection":[{"href":"https:\/\/www.hoymercedes.com.ar\/principal\/wp-json\/wp\/v2\/posts"}],"about":[{"href":"https:\/\/www.hoymercedes.com.ar\/principal\/wp-json\/wp\/v2\/types\/post"}],"author":[{"embeddable":true,"href":"https:\/\/www.hoymercedes.com.ar\/principal\/wp-json\/wp\/v2\/users\/1"}],"replies":[{"embeddable":true,"href":"https:\/\/www.hoymercedes.com.ar\/principal\/wp-json\/wp\/v2\/comments?post=1694"}],"version-history":[{"count":0,"href":"https:\/\/www.hoymercedes.com.ar\/principal\/wp-json\/wp\/v2\/posts\/1694\/revisions"}],"wp:attachment":[{"href":"https:\/\/www.hoymercedes.com.ar\/principal\/wp-json\/wp\/v2\/media?parent=1694"}],"wp:term":[{"taxonomy":"category","embeddable":true,"href":"https:\/\/www.hoymercedes.com.ar\/principal\/wp-json\/wp\/v2\/categories?post=1694"},{"taxonomy":"post_tag","embeddable":true,"href":"https:\/\/www.hoymercedes.com.ar\/principal\/wp-json\/wp\/v2\/tags?post=1694"}],"curies":[{"name":"wp","href":"https:\/\/api.w.org\/{rel}","templated":true}]}}