{"id":169420,"date":"2023-11-13T12:34:00","date_gmt":"2023-11-13T15:34:00","guid":{"rendered":"https:\/\/www.hoymercedes.com.ar\/principal\/?p=169420"},"modified":"2023-11-13T10:37:57","modified_gmt":"2023-11-13T13:37:57","slug":"el-48-viaje-del-tren-solidario-llego-a-mercedes-en-beneficio-de-caritas","status":"publish","type":"post","link":"https:\/\/www.hoymercedes.com.ar\/principal\/2023\/11\/13\/el-48-viaje-del-tren-solidario-llego-a-mercedes-en-beneficio-de-caritas\/","title":{"rendered":"El 48\u00b0 viaje del Tren Solidario lleg\u00f3 a Mercedes en beneficio de C\u00e1ritas"},"content":{"rendered":"\n<figure class=\"wp-block-image size-large\"><img loading=\"lazy\" decoding=\"async\" width=\"1024\" height=\"682\" data-attachment-id=\"169421\" data-permalink=\"https:\/\/www.hoymercedes.com.ar\/principal\/2023\/11\/13\/el-48-viaje-del-tren-solidario-llego-a-mercedes-en-beneficio-de-caritas\/dsc00228\/#main\" data-orig-file=\"https:\/\/www.hoymercedes.com.ar\/principal\/wp-content\/uploads\/2023\/11\/DSC00228.jpg\" data-orig-size=\"1319,879\" data-comments-opened=\"0\" data-image-meta=\"{&quot;aperture&quot;:&quot;0&quot;,&quot;credit&quot;:&quot;&quot;,&quot;camera&quot;:&quot;&quot;,&quot;caption&quot;:&quot;&quot;,&quot;created_timestamp&quot;:&quot;0&quot;,&quot;copyright&quot;:&quot;&quot;,&quot;focal_length&quot;:&quot;0&quot;,&quot;iso&quot;:&quot;0&quot;,&quot;shutter_speed&quot;:&quot;0&quot;,&quot;title&quot;:&quot;&quot;,&quot;orientation&quot;:&quot;0&quot;}\" data-image-title=\"tren solidario\" data-image-description=\"\" data-image-caption=\"\" data-large-file=\"https:\/\/www.hoymercedes.com.ar\/principal\/wp-content\/uploads\/2023\/11\/DSC00228-1024x682.jpg\" src=\"https:\/\/www.hoymercedes.com.ar\/principal\/wp-content\/uploads\/2023\/11\/DSC00228-1024x682.jpg\" alt=\"\" class=\"wp-image-169421\" srcset=\"https:\/\/www.hoymercedes.com.ar\/principal\/wp-content\/uploads\/2023\/11\/DSC00228-1024x682.jpg 1024w, https:\/\/www.hoymercedes.com.ar\/principal\/wp-content\/uploads\/2023\/11\/DSC00228-630x420.jpg 630w, https:\/\/www.hoymercedes.com.ar\/principal\/wp-content\/uploads\/2023\/11\/DSC00228-150x100.jpg 150w, https:\/\/www.hoymercedes.com.ar\/principal\/wp-content\/uploads\/2023\/11\/DSC00228-700x465.jpg 700w, https:\/\/www.hoymercedes.com.ar\/principal\/wp-content\/uploads\/2023\/11\/DSC00228.jpg 1319w\" sizes=\"auto, (max-width: 1024px) 100vw, 1024px\" \/><\/figure>\n\n\n\n<p>El intendente Ustarroz junto al Presidente de Trenes Argentinos, Mart\u00edn Marinucci, recorrieron la ciudad con el tren solidario que vino desde Tapiales por la l\u00ednea Belgrano Sur, frenando en Jofr\u00e9 y La Trocha con ayuda para C\u00e1ritas. El jefe comunal destac\u00f3 la importancia de la actividad y agradeci\u00f3 a Marinucci por el apoyo constante a nuestro pueblo. Estuvieron presentes representantes de C\u00e1ritas.<\/p>\n\n\n\n<p>Daniel Novoa, gerente de Trenes Argentinos, coment\u00f3 que \u201ces una alegr\u00eda enorme porque es algo que se hace realidad, que es la solidaridad, y compartir con 14 instituciones de distintas localidades a trav\u00e9s del ramal de Belgrano Sur\u201d coment\u00f3.<\/p>\n\n\n\n<figure class=\"wp-block-image size-large\"><img loading=\"lazy\" decoding=\"async\" width=\"1024\" height=\"682\" data-attachment-id=\"169422\" data-permalink=\"https:\/\/www.hoymercedes.com.ar\/principal\/2023\/11\/13\/el-48-viaje-del-tren-solidario-llego-a-mercedes-en-beneficio-de-caritas\/dsc00190\/#main\" data-orig-file=\"https:\/\/www.hoymercedes.com.ar\/principal\/wp-content\/uploads\/2023\/11\/DSC00190.jpg\" data-orig-size=\"1319,879\" data-comments-opened=\"0\" data-image-meta=\"{&quot;aperture&quot;:&quot;0&quot;,&quot;credit&quot;:&quot;&quot;,&quot;camera&quot;:&quot;&quot;,&quot;caption&quot;:&quot;&quot;,&quot;created_timestamp&quot;:&quot;0&quot;,&quot;copyright&quot;:&quot;&quot;,&quot;focal_length&quot;:&quot;0&quot;,&quot;iso&quot;:&quot;0&quot;,&quot;shutter_speed&quot;:&quot;0&quot;,&quot;title&quot;:&quot;&quot;,&quot;orientation&quot;:&quot;0&quot;}\" data-image-title=\"tren solidario\" data-image-description=\"\" data-image-caption=\"\" data-large-file=\"https:\/\/www.hoymercedes.com.ar\/principal\/wp-content\/uploads\/2023\/11\/DSC00190-1024x682.jpg\" src=\"https:\/\/www.hoymercedes.com.ar\/principal\/wp-content\/uploads\/2023\/11\/DSC00190-1024x682.jpg\" alt=\"\" class=\"wp-image-169422\" srcset=\"https:\/\/www.hoymercedes.com.ar\/principal\/wp-content\/uploads\/2023\/11\/DSC00190-1024x682.jpg 1024w, https:\/\/www.hoymercedes.com.ar\/principal\/wp-content\/uploads\/2023\/11\/DSC00190-630x420.jpg 630w, https:\/\/www.hoymercedes.com.ar\/principal\/wp-content\/uploads\/2023\/11\/DSC00190-150x100.jpg 150w, https:\/\/www.hoymercedes.com.ar\/principal\/wp-content\/uploads\/2023\/11\/DSC00190-700x465.jpg 700w, https:\/\/www.hoymercedes.com.ar\/principal\/wp-content\/uploads\/2023\/11\/DSC00190.jpg 1319w\" sizes=\"auto, (max-width: 1024px) 100vw, 1024px\" \/><\/figure>\n\n\n\n<p>Mart\u00edn Marinucci, presidente de Trenes Argentinos, dijo que \u201crecordaba que en La Trocha junto a Juani, Wado y Sergio Massa inaugur\u00e1bamos el tren tur\u00edstico y hoy otro paso importante con el tren solidario que une localidades, siendo un eslab\u00f3n de la solidaridad y que en este caso es para C\u00e1ritas, siendo su recorrido desde Tapiales a Tres Sargentos con este paso por Mercedes\u201d manifest\u00f3.<\/p>\n\n\n\n<p>Celina Dagnino, representante de C\u00e1ritas Mercedes, coment\u00f3 que \u201csignifica much\u00edsimo, estoy en nombre de C\u00e1ritas representando a todas las parroquias. Esto representa poder acompa\u00f1ar a nuestros hermanos que est\u00e9n necesitando un apoyo\u201d por eso \u201cagradecemos enormente este apoyo recibido, este gesto solidario\u201d<\/p>\n\n\n\n<figure class=\"wp-block-image size-large\"><img loading=\"lazy\" decoding=\"async\" width=\"1024\" height=\"682\" data-attachment-id=\"169423\" data-permalink=\"https:\/\/www.hoymercedes.com.ar\/principal\/2023\/11\/13\/el-48-viaje-del-tren-solidario-llego-a-mercedes-en-beneficio-de-caritas\/dsc00138\/#main\" data-orig-file=\"https:\/\/www.hoymercedes.com.ar\/principal\/wp-content\/uploads\/2023\/11\/DSC00138.jpg\" data-orig-size=\"1319,879\" data-comments-opened=\"0\" data-image-meta=\"{&quot;aperture&quot;:&quot;0&quot;,&quot;credit&quot;:&quot;&quot;,&quot;camera&quot;:&quot;&quot;,&quot;caption&quot;:&quot;&quot;,&quot;created_timestamp&quot;:&quot;0&quot;,&quot;copyright&quot;:&quot;&quot;,&quot;focal_length&quot;:&quot;0&quot;,&quot;iso&quot;:&quot;0&quot;,&quot;shutter_speed&quot;:&quot;0&quot;,&quot;title&quot;:&quot;&quot;,&quot;orientation&quot;:&quot;0&quot;}\" data-image-title=\"tren solidario\" data-image-description=\"\" data-image-caption=\"\" data-large-file=\"https:\/\/www.hoymercedes.com.ar\/principal\/wp-content\/uploads\/2023\/11\/DSC00138-1024x682.jpg\" src=\"https:\/\/www.hoymercedes.com.ar\/principal\/wp-content\/uploads\/2023\/11\/DSC00138-1024x682.jpg\" alt=\"\" class=\"wp-image-169423\" srcset=\"https:\/\/www.hoymercedes.com.ar\/principal\/wp-content\/uploads\/2023\/11\/DSC00138-1024x682.jpg 1024w, https:\/\/www.hoymercedes.com.ar\/principal\/wp-content\/uploads\/2023\/11\/DSC00138-630x420.jpg 630w, https:\/\/www.hoymercedes.com.ar\/principal\/wp-content\/uploads\/2023\/11\/DSC00138-150x100.jpg 150w, https:\/\/www.hoymercedes.com.ar\/principal\/wp-content\/uploads\/2023\/11\/DSC00138-700x465.jpg 700w, https:\/\/www.hoymercedes.com.ar\/principal\/wp-content\/uploads\/2023\/11\/DSC00138.jpg 1319w\" sizes=\"auto, (max-width: 1024px) 100vw, 1024px\" \/><\/figure>\n\n\n\n<p>Por su parte el intendente Ustarroz agradeci\u00f3 a \u201cTrenes Argentinos, a Mart\u00edn, por el apoyo constante a nuestro pueblo\u201d y en este caso \u201cpor la solidaridad de sus trabajadores\u201d y coment\u00f3 que \u201ceste tren es sumamente importante, porque es parte de personas que se preocupan por el pr\u00f3jimo, siendo lo que necesita el pa\u00eds, personas que sean generosas y solidarias\u201d<\/p>\n\n\n\n<p>Mencion\u00f3 el intendente tambi\u00e9n \u201cdurante a\u00f1os tuvimos el sue\u00f1o del tren tur\u00edstico de Tom\u00e1s Jofr\u00e9 a LA Trocha y hoy es realidad, por eso no tenemos m\u00e1s que palabras de agradecimiento, porque son pol\u00edticas p\u00fablicas del Estado donde no se piensa en t\u00e9rminos de recorte, sino de derechos, unidad y solidaridad\u201d<\/p>\n\n\n\n<p>Un dato sumamente importante, es que el Tren lleg\u00f3 a Tres Sargento luego de 40 a\u00f1os de no arribar ninguna formaci\u00f3n. Tambi\u00e9n se destaca que hace alrededor de un mes y medio hab\u00eda llegado a Go\u00edn, siempre por \u201cla trochita\u201d que viene siendo sostenidamente fuente de inversi\u00f3n en infraestructura y recuperaci\u00f3n de su traza.<\/p>\n","protected":false},"excerpt":{"rendered":"<p>El intendente Ustarroz junto al Presidente de Trenes Argentinos, Mart\u00edn Marinucci, recorrieron la ciudad con el tren solidario que vino &#8230; <a title=\"El 48\u00b0 viaje del Tren Solidario lleg\u00f3 a Mercedes en beneficio de C\u00e1ritas\" class=\"read-more\" href=\"https:\/\/www.hoymercedes.com.ar\/principal\/2023\/11\/13\/el-48-viaje-del-tren-solidario-llego-a-mercedes-en-beneficio-de-caritas\/\" aria-label=\"Leer m\u00e1s sobre El 48\u00b0 viaje del Tren Solidario lleg\u00f3 a Mercedes en beneficio de C\u00e1ritas\">Leer m\u00e1s<\/a><\/p>\n","protected":false},"author":1,"featured_media":169422,"comment_status":"closed","ping_status":"open","sticky":false,"template":"","format":"standard","meta":{"_monsterinsights_skip_tracking":false,"_monsterinsights_sitenote_active":false,"_monsterinsights_sitenote_note":"","_monsterinsights_sitenote_category":0,"jetpack_post_was_ever_published":false,"_jetpack_newsletter_access":"","_jetpack_dont_email_post_to_subs":false,"_jetpack_newsletter_tier_id":0,"_jetpack_memberships_contains_paywalled_content":false,"_jetpack_memberships_contains_paid_content":false,"footnotes":"","jetpack_publicize_message":"","jetpack_publicize_feature_enabled":true,"jetpack_social_post_already_shared":true,"jetpack_social_options":{"image_generator_settings":{"template":"highway","default_image_id":0,"font":"","enabled":false},"version":2},"_wpas_customize_per_network":false},"categories":[8],"tags":[18774,18875],"class_list":["post-169420","post","type-post","status-publish","format-standard","has-post-thumbnail","hentry","category-sociedad","tag-tren-la-trocha","tag-tren-solidario","generate-columns","tablet-grid-50","mobile-grid-100","grid-parent","grid-50"],"jetpack_publicize_connections":[],"jetpack_featured_media_url":"https:\/\/www.hoymercedes.com.ar\/principal\/wp-content\/uploads\/2023\/11\/DSC00190.jpg","wps_subtitle":"Tren solidario","jetpack_sharing_enabled":true,"_links":{"self":[{"href":"https:\/\/www.hoymercedes.com.ar\/principal\/wp-json\/wp\/v2\/posts\/169420","targetHints":{"allow":["GET"]}}],"collection":[{"href":"https:\/\/www.hoymercedes.com.ar\/principal\/wp-json\/wp\/v2\/posts"}],"about":[{"href":"https:\/\/www.hoymercedes.com.ar\/principal\/wp-json\/wp\/v2\/types\/post"}],"author":[{"embeddable":true,"href":"https:\/\/www.hoymercedes.com.ar\/principal\/wp-json\/wp\/v2\/users\/1"}],"replies":[{"embeddable":true,"href":"https:\/\/www.hoymercedes.com.ar\/principal\/wp-json\/wp\/v2\/comments?post=169420"}],"version-history":[{"count":0,"href":"https:\/\/www.hoymercedes.com.ar\/principal\/wp-json\/wp\/v2\/posts\/169420\/revisions"}],"wp:featuredmedia":[{"embeddable":true,"href":"https:\/\/www.hoymercedes.com.ar\/principal\/wp-json\/wp\/v2\/media\/169422"}],"wp:attachment":[{"href":"https:\/\/www.hoymercedes.com.ar\/principal\/wp-json\/wp\/v2\/media?parent=169420"}],"wp:term":[{"taxonomy":"category","embeddable":true,"href":"https:\/\/www.hoymercedes.com.ar\/principal\/wp-json\/wp\/v2\/categories?post=169420"},{"taxonomy":"post_tag","embeddable":true,"href":"https:\/\/www.hoymercedes.com.ar\/principal\/wp-json\/wp\/v2\/tags?post=169420"}],"curies":[{"name":"wp","href":"https:\/\/api.w.org\/{rel}","templated":true}]}}