{"id":169470,"date":"2023-11-15T10:52:00","date_gmt":"2023-11-15T13:52:00","guid":{"rendered":"https:\/\/www.hoymercedes.com.ar\/principal\/?p=169470"},"modified":"2023-11-15T09:09:59","modified_gmt":"2023-11-15T12:09:59","slug":"festival-25n-en-el-dia-contra-la-violencia-a-las-mujeres","status":"publish","type":"post","link":"https:\/\/www.hoymercedes.com.ar\/principal\/2023\/11\/15\/festival-25n-en-el-dia-contra-la-violencia-a-las-mujeres\/","title":{"rendered":"Festival 25N en el d\u00eda contra la violencia a las mujeres"},"content":{"rendered":"\n<p>En el marco por el D\u00eda Internacional por la eliminaci\u00f3n de la violencia contra las mujeres, la Direcci\u00f3n de G\u00e9nero y Diversidad Municipal realizar\u00e1 el festival \u00abSomos la voz que mueves\u00bb. Un Festival que hablar\u00e1 de \u00ablas marcas que nos constituyen y nos nombran, del hacer colectivo y el entramado para decirnos y transformar nuestra voz individual en una voz colectiva que arme una nueva manera de contarnos\u00bb. <\/p>\n\n\n\n<p>El festival contar\u00e1 con participaci\u00f3n de artistas femeninas entre m\u00fasicas, fot\u00f3grafas, poetas y djs. Adem\u00e1s, habr\u00e1 un conversatorio de mujeres mercedinas con diversos recorridos de vida y abordar\u00e1n sobre distintos tipos de violencias. <\/p>\n\n\n\n<p>La actividad ser\u00e1 el s\u00e1bado 25 de noviembre, a partir de la hora 19,30, en la calle 23 entre 16 y 18 frente al Museo de Arte (MAMM).<\/p>\n\n\n\n<p>Programaci\u00f3n: Marilina Erramuspe  (cantautora) Mili Vallejos (tango) Jo Marcel (folklore) Agusp\u00e9h (canci\u00f3n) Lorena Mayol y La Electrorural (electrofolk), Sanny (trap) DJ Florpa (house), Colage Sonoro con Poemas de los Talleres de Poesia CDM coordinados por Luc\u00eda Lascano, Proyecci\u00f3n Serie Marcas de Karina Vol\u00e1, exposici\u00f3n fotogr\u00e1ficas \u00abNo solo bien, sino mejor. No solo bien, \u00bfsino mejor?\u00bb curada por Luciana Acu\u00f1a con fotograf\u00edas de Natalia Giumeli, Luisa Magdalena, Catalina Dist\u00e9fano y Luciana Acu\u00f1a, exposici\u00f3n Mujeres textiles y Territorios curada por Emilia Demichelis en el MaMM, conversatorio sobre Violencias y Territorios  con la participaci\u00f3n de Clara Zunino (secretaria de gobierno), Gisela Vola (fotografa y gestora cultural) y Romina Fernandez (deportista). <\/p>\n\n\n\n<p>Tambi\u00e9n habr\u00e1 peluquer\u00eda abierta del Taller de Peluqueras CDM y Mechas solidarias, un taller de carpinter\u00eda de CDM en escenograf\u00eda y mobiliario y Feria de Mujeres Emprendedoras. Participar\u00e1n Sericleta, Barra del Colectivo LGTBQ+ y Espacio de ni\u00f1ez. <\/p>\n\n\n<div class=\"wp-block-image\">\n<figure class=\"aligncenter size-full\"><img loading=\"lazy\" decoding=\"async\" width=\"800\" height=\"800\" data-attachment-id=\"169472\" data-permalink=\"https:\/\/www.hoymercedes.com.ar\/principal\/2023\/11\/15\/festival-25n-en-el-dia-contra-la-violencia-a-las-mujeres\/img-20231115-wa0000_copy_800x800\/#main\" data-orig-file=\"https:\/\/www.hoymercedes.com.ar\/principal\/wp-content\/uploads\/2023\/11\/IMG-20231115-WA0000_copy_800x800.jpg\" data-orig-size=\"800,800\" data-comments-opened=\"0\" data-image-meta=\"{&quot;aperture&quot;:&quot;0&quot;,&quot;credit&quot;:&quot;&quot;,&quot;camera&quot;:&quot;&quot;,&quot;caption&quot;:&quot;&quot;,&quot;created_timestamp&quot;:&quot;0&quot;,&quot;copyright&quot;:&quot;&quot;,&quot;focal_length&quot;:&quot;0&quot;,&quot;iso&quot;:&quot;0&quot;,&quot;shutter_speed&quot;:&quot;0&quot;,&quot;title&quot;:&quot;&quot;,&quot;orientation&quot;:&quot;0&quot;}\" data-image-title=\"IMG-20231115-WA0000_copy_800x800\" data-image-description=\"\" data-image-caption=\"\" data-large-file=\"https:\/\/www.hoymercedes.com.ar\/principal\/wp-content\/uploads\/2023\/11\/IMG-20231115-WA0000_copy_800x800.jpg\" src=\"https:\/\/www.hoymercedes.com.ar\/principal\/wp-content\/uploads\/2023\/11\/IMG-20231115-WA0000_copy_800x800.jpg\" alt=\"\" class=\"wp-image-169472\" srcset=\"https:\/\/www.hoymercedes.com.ar\/principal\/wp-content\/uploads\/2023\/11\/IMG-20231115-WA0000_copy_800x800.jpg 800w, https:\/\/www.hoymercedes.com.ar\/principal\/wp-content\/uploads\/2023\/11\/IMG-20231115-WA0000_copy_800x800-620x620.jpg 620w, https:\/\/www.hoymercedes.com.ar\/principal\/wp-content\/uploads\/2023\/11\/IMG-20231115-WA0000_copy_800x800-150x150.jpg 150w\" sizes=\"auto, (max-width: 800px) 100vw, 800px\" \/><\/figure>\n<\/div>","protected":false},"excerpt":{"rendered":"<p>En el marco por el D\u00eda Internacional por la eliminaci\u00f3n de la violencia contra las mujeres, la Direcci\u00f3n de G\u00e9nero &#8230; <a title=\"Festival 25N en el d\u00eda contra la violencia a las mujeres\" class=\"read-more\" href=\"https:\/\/www.hoymercedes.com.ar\/principal\/2023\/11\/15\/festival-25n-en-el-dia-contra-la-violencia-a-las-mujeres\/\" aria-label=\"Leer m\u00e1s sobre Festival 25N en el d\u00eda contra la violencia a las mujeres\">Leer m\u00e1s<\/a><\/p>\n","protected":false},"author":1,"featured_media":169472,"comment_status":"closed","ping_status":"open","sticky":false,"template":"","format":"standard","meta":{"_monsterinsights_skip_tracking":false,"_monsterinsights_sitenote_active":false,"_monsterinsights_sitenote_note":"","_monsterinsights_sitenote_category":0,"jetpack_post_was_ever_published":false,"_jetpack_newsletter_access":"","_jetpack_dont_email_post_to_subs":false,"_jetpack_newsletter_tier_id":0,"_jetpack_memberships_contains_paywalled_content":false,"_jetpack_memberships_contains_paid_content":false,"footnotes":"","jetpack_publicize_message":"","jetpack_publicize_feature_enabled":true,"jetpack_social_post_already_shared":true,"jetpack_social_options":{"image_generator_settings":{"template":"highway","default_image_id":0,"font":"","enabled":false},"version":2},"_wpas_customize_per_network":false},"categories":[8],"tags":[],"class_list":["post-169470","post","type-post","status-publish","format-standard","has-post-thumbnail","hentry","category-sociedad","generate-columns","tablet-grid-50","mobile-grid-100","grid-parent","grid-50"],"jetpack_publicize_connections":[],"jetpack_featured_media_url":"https:\/\/www.hoymercedes.com.ar\/principal\/wp-content\/uploads\/2023\/11\/IMG-20231115-WA0000_copy_800x800.jpg","wps_subtitle":"","jetpack_sharing_enabled":true,"_links":{"self":[{"href":"https:\/\/www.hoymercedes.com.ar\/principal\/wp-json\/wp\/v2\/posts\/169470","targetHints":{"allow":["GET"]}}],"collection":[{"href":"https:\/\/www.hoymercedes.com.ar\/principal\/wp-json\/wp\/v2\/posts"}],"about":[{"href":"https:\/\/www.hoymercedes.com.ar\/principal\/wp-json\/wp\/v2\/types\/post"}],"author":[{"embeddable":true,"href":"https:\/\/www.hoymercedes.com.ar\/principal\/wp-json\/wp\/v2\/users\/1"}],"replies":[{"embeddable":true,"href":"https:\/\/www.hoymercedes.com.ar\/principal\/wp-json\/wp\/v2\/comments?post=169470"}],"version-history":[{"count":0,"href":"https:\/\/www.hoymercedes.com.ar\/principal\/wp-json\/wp\/v2\/posts\/169470\/revisions"}],"wp:featuredmedia":[{"embeddable":true,"href":"https:\/\/www.hoymercedes.com.ar\/principal\/wp-json\/wp\/v2\/media\/169472"}],"wp:attachment":[{"href":"https:\/\/www.hoymercedes.com.ar\/principal\/wp-json\/wp\/v2\/media?parent=169470"}],"wp:term":[{"taxonomy":"category","embeddable":true,"href":"https:\/\/www.hoymercedes.com.ar\/principal\/wp-json\/wp\/v2\/categories?post=169470"},{"taxonomy":"post_tag","embeddable":true,"href":"https:\/\/www.hoymercedes.com.ar\/principal\/wp-json\/wp\/v2\/tags?post=169470"}],"curies":[{"name":"wp","href":"https:\/\/api.w.org\/{rel}","templated":true}]}}