{"id":169476,"date":"2023-11-15T11:17:31","date_gmt":"2023-11-15T14:17:31","guid":{"rendered":"https:\/\/www.hoymercedes.com.ar\/principal\/?p=169476"},"modified":"2023-11-15T11:25:06","modified_gmt":"2023-11-15T14:25:06","slug":"prision-perpetua-para-autor-de-homicidio-de-una-vecina-en-2007","status":"publish","type":"post","link":"https:\/\/www.hoymercedes.com.ar\/principal\/2023\/11\/15\/prision-perpetua-para-autor-de-homicidio-de-una-vecina-en-2007\/","title":{"rendered":"Prisi\u00f3n perpetua para autor de homicidio de una vecina en 2007"},"content":{"rendered":"\n<p> En la jornada del 9 de noviembre pasado se di\u00f3 a conocer en el Tribunal Oral en lo Criminal N\u00b0 1 del Departamento Judicial Mercedes, el veredicto en el marco del juicio contra Roberto Jorge Benzrihen (48) por el homicidio de Graciana Creatura (73). El hecho ocurri\u00f3 el 16 de mayo de 2007 en la localidad de Mercedes. <\/p>\n\n\n\n<p>La imputaci\u00f3n sostenida por el fiscal de la Unidad Fiscal de Juicio N\u00b0 4, Dr. Guillermo Lennard fue debidamente fundada. Todo ello sobre la base del an\u00e1lisis de la prueba testimonial as\u00ed como de aspectos t\u00e9cnicos ventilados en las jornadas del debate oral.Para el Tribunal, compuesto por los drs. Jorge Pablo Vieiro, Luis Marcelo Giacoia &#8211; juez titular del Juzgado de Garant\u00edas del Joven 1 Departamental- y Daniel Eugenio Machain se encuentra debidamente probado que entre las 8.30 y las 12.00 horas del 16 de mayo de 2007, Roberto Benzrihen ingres\u00f3 con fines de robo a la vivienda de la calle 5 entre 16 y 18 de Mercedes. <\/p>\n\n\n\n<p>Aprovech\u00e1ndose de la avanzada edad y\/o del descuido de la moradora del lugar, Graciana Creature -quien resid\u00eda sola en el domicilio- la redujo en la cama de la habitaci\u00f3n principal atando sus manos por detr\u00e1s del cuerpo con precintos pl\u00e1sticos y cubri\u00e9ndole completamente el rostro con cinta de embalar -inclusive los orificios de la nariz y la boca- para acallar el pedido de auxilio de la mujer y evitar que la nombrada eventualmente pueda atestiguar en su contra, llevando ello inevitablemente, luego de un per\u00edodo de agon\u00eda, a su fallecimiento por un paro cardiorrespiratorio traum\u00e1tico secundario a una asfixia por sofocaci\u00f3n. <\/p>\n\n\n\n<p>Mientras esto suced\u00eda, Benzrihen sustrajo un rev\u00f3lver calibre 38 corto, una pulsera &#8211; reloj de oro y dinero en efectivo, para finalmente retirarse del lugar.Vale destacar que al momento de cometer el homicidio, Benzrihen se encontraba bajo arresto domiciliario pero por un desperfecto t\u00e9cnico el equipo de seguimiento no funcionaba y hubo demoras en su reposici\u00f3n. <\/p>\n\n\n\n<p>En tanto, con el arma sustra\u00edda en la casa de la vecina Creatura, el sujeto cometi\u00f3 otros hechos de robo con similar modalidad y en el mismo radio de dicho domicilio. El arma utilizada fue recuperada en un allanamiento en el a\u00f1o 2015 por hechos de robo cometidos posteriormente, y m\u00e1s tarde reconocida por los familiares de la v\u00edctima.<\/p>\n\n\n\n<p>Adem\u00e1s, en la ocasi\u00f3n tambi\u00e9n fue juzgado por un hecho ocurrido durante los a\u00f1os 2009 y 2011, por el abuso sexual de una menor de por entonces 11 a\u00f1os; y por un caso de violencia de g\u00e9nero contra su ex pareja en el a\u00f1o 2019. La resoluci\u00f3n se bas\u00f3 en el an\u00e1lisis de los diversos elementos que se adjuntaron a la causa, los cuales se ventilaron durante varias jornadas iniciadas el 24 de octubre \u00faltimo.<\/p>\n\n\n\n<p>Es as\u00ed como el Tribunal, por unanimidad, conden\u00f3 a Roberto Benzrihen como autor material penalmente responsable del delito de \u201c Homicidio agravado por criminis causa en concurso real con Abuso sexual agravado por haber sido cometido contra un menor de 18 a\u00f1os, aprovechando la situaci\u00f3n de convivencia preexistente con el mismo -reiterado- y Amenazas calificadas por el uso de arma\u201d a la pena de prisi\u00f3n perpetua, accesorias legales y costas del proceso, m\u00e1s su declaraci\u00f3n de reincidencia.<\/p>\n\n\n\n<p>Fuente: Ministerio P\u00fablico Fiscal Depto Judicial Mercedes<\/p>\n","protected":false},"excerpt":{"rendered":"<p>En la jornada del 9 de noviembre pasado se di\u00f3 a conocer en el Tribunal Oral en lo Criminal N\u00b0 &#8230; <a title=\"Prisi\u00f3n perpetua para autor de homicidio de una vecina en 2007\" class=\"read-more\" href=\"https:\/\/www.hoymercedes.com.ar\/principal\/2023\/11\/15\/prision-perpetua-para-autor-de-homicidio-de-una-vecina-en-2007\/\" aria-label=\"Leer m\u00e1s sobre Prisi\u00f3n perpetua para autor de homicidio de una vecina en 2007\">Leer m\u00e1s<\/a><\/p>\n","protected":false},"author":1,"featured_media":0,"comment_status":"closed","ping_status":"open","sticky":false,"template":"","format":"standard","meta":{"_monsterinsights_skip_tracking":false,"_monsterinsights_sitenote_active":false,"_monsterinsights_sitenote_note":"","_monsterinsights_sitenote_category":0,"jetpack_post_was_ever_published":false,"_jetpack_newsletter_access":"","_jetpack_dont_email_post_to_subs":false,"_jetpack_newsletter_tier_id":0,"_jetpack_memberships_contains_paywalled_content":false,"_jetpack_memberships_contains_paid_content":false,"footnotes":"","jetpack_publicize_message":"","jetpack_publicize_feature_enabled":true,"jetpack_social_post_already_shared":true,"jetpack_social_options":{"image_generator_settings":{"template":"highway","default_image_id":0,"font":"","enabled":false},"version":2},"_wpas_customize_per_network":false},"categories":[8],"tags":[],"class_list":["post-169476","post","type-post","status-publish","format-standard","hentry","category-sociedad","generate-columns","tablet-grid-50","mobile-grid-100","grid-parent","grid-50"],"jetpack_publicize_connections":[],"jetpack_featured_media_url":"","wps_subtitle":"","jetpack_sharing_enabled":true,"_links":{"self":[{"href":"https:\/\/www.hoymercedes.com.ar\/principal\/wp-json\/wp\/v2\/posts\/169476","targetHints":{"allow":["GET"]}}],"collection":[{"href":"https:\/\/www.hoymercedes.com.ar\/principal\/wp-json\/wp\/v2\/posts"}],"about":[{"href":"https:\/\/www.hoymercedes.com.ar\/principal\/wp-json\/wp\/v2\/types\/post"}],"author":[{"embeddable":true,"href":"https:\/\/www.hoymercedes.com.ar\/principal\/wp-json\/wp\/v2\/users\/1"}],"replies":[{"embeddable":true,"href":"https:\/\/www.hoymercedes.com.ar\/principal\/wp-json\/wp\/v2\/comments?post=169476"}],"version-history":[{"count":0,"href":"https:\/\/www.hoymercedes.com.ar\/principal\/wp-json\/wp\/v2\/posts\/169476\/revisions"}],"wp:attachment":[{"href":"https:\/\/www.hoymercedes.com.ar\/principal\/wp-json\/wp\/v2\/media?parent=169476"}],"wp:term":[{"taxonomy":"category","embeddable":true,"href":"https:\/\/www.hoymercedes.com.ar\/principal\/wp-json\/wp\/v2\/categories?post=169476"},{"taxonomy":"post_tag","embeddable":true,"href":"https:\/\/www.hoymercedes.com.ar\/principal\/wp-json\/wp\/v2\/tags?post=169476"}],"curies":[{"name":"wp","href":"https:\/\/api.w.org\/{rel}","templated":true}]}}