{"id":169481,"date":"2023-11-15T18:47:00","date_gmt":"2023-11-15T21:47:00","guid":{"rendered":"https:\/\/www.hoymercedes.com.ar\/principal\/?p=169481"},"modified":"2023-11-15T21:04:17","modified_gmt":"2023-11-16T00:04:17","slug":"colegio-de-abogados-tomo-juramento-a-nuevos-matriculados","status":"publish","type":"post","link":"https:\/\/www.hoymercedes.com.ar\/principal\/2023\/11\/15\/colegio-de-abogados-tomo-juramento-a-nuevos-matriculados\/","title":{"rendered":"Colegio de Abogados tom\u00f3 juramento a nuevos matriculados"},"content":{"rendered":"\n<p>Desde el Colegio de Abogados de Departamento Judicial Mercedes destacaron un nuevo acto de jura para reciente matriculados. Cuatro letrados se sumaron a la instituci\u00f3n que re\u00fane a los abogados que pueden ejercer en la regi\u00f3n.<\/p>\n\n\n<div class=\"wp-block-image\">\n<figure class=\"aligncenter size-full\"><img loading=\"lazy\" decoding=\"async\" width=\"800\" height=\"533\" data-attachment-id=\"169492\" data-permalink=\"https:\/\/www.hoymercedes.com.ar\/principal\/2023\/11\/15\/colegio-de-abogados-tomo-juramento-a-nuevos-matriculados\/abogados-jura-nov\/#main\" data-orig-file=\"https:\/\/www.hoymercedes.com.ar\/principal\/wp-content\/uploads\/2023\/11\/abogados-jura-nov.jpg\" data-orig-size=\"800,533\" data-comments-opened=\"0\" data-image-meta=\"{&quot;aperture&quot;:&quot;0&quot;,&quot;credit&quot;:&quot;&quot;,&quot;camera&quot;:&quot;&quot;,&quot;caption&quot;:&quot;&quot;,&quot;created_timestamp&quot;:&quot;0&quot;,&quot;copyright&quot;:&quot;&quot;,&quot;focal_length&quot;:&quot;0&quot;,&quot;iso&quot;:&quot;0&quot;,&quot;shutter_speed&quot;:&quot;0&quot;,&quot;title&quot;:&quot;&quot;,&quot;orientation&quot;:&quot;0&quot;}\" data-image-title=\"abogados jura nov\" data-image-description=\"\" data-image-caption=\"\" data-large-file=\"https:\/\/www.hoymercedes.com.ar\/principal\/wp-content\/uploads\/2023\/11\/abogados-jura-nov.jpg\" src=\"https:\/\/www.hoymercedes.com.ar\/principal\/wp-content\/uploads\/2023\/11\/abogados-jura-nov.jpg\" alt=\"\" class=\"wp-image-169492\" srcset=\"https:\/\/www.hoymercedes.com.ar\/principal\/wp-content\/uploads\/2023\/11\/abogados-jura-nov.jpg 800w, https:\/\/www.hoymercedes.com.ar\/principal\/wp-content\/uploads\/2023\/11\/abogados-jura-nov-630x420.jpg 630w, https:\/\/www.hoymercedes.com.ar\/principal\/wp-content\/uploads\/2023\/11\/abogados-jura-nov-150x100.jpg 150w, https:\/\/www.hoymercedes.com.ar\/principal\/wp-content\/uploads\/2023\/11\/abogados-jura-nov-700x465.jpg 700w\" sizes=\"auto, (max-width: 800px) 100vw, 800px\" \/><\/figure>\n<\/div>\n\n\n<p> Los cuatro nuevos matriculados son las doctoras Andrea Mercedes Vara, Mar\u00eda Lourdes Garc\u00eda, del doctor Luis Alberto Barbella, y del procurador Facundo Iglesias, quienes fueron pasando al escenario del Sal\u00f3n \u201cDr. Arturo Acu\u00f1a Anzorena\u201d del Colegio departamental, a firmar y recibir sus diplomas.<\/p>\n\n\n\n<p>El Dr. Salaverri, la Dra. Garro y el Dr. Peisino dieron unas palabras de bienvenida, y agradecieron a los nuevos matriculados que hayan optado por inscribirse en nuestro distrito.<\/p>\n\n\n\n<p>En el acto estuvieron presentes el Dr. Hern\u00e1n Alberto Salaverri (presidente del CADJMercedes), la Dra. Sonia Garro (secretaria del Consejo) y el Dr. C\u00e9sar Arnaldo Peisino (consejero y formador de mediadores), quienes dirigieron unas palabras de bienvenida a los nuevos matriculados.<\/p>\n","protected":false},"excerpt":{"rendered":"<p>Desde el Colegio de Abogados de Departamento Judicial Mercedes destacaron un nuevo acto de jura para reciente matriculados. Cuatro letrados &#8230; <a title=\"Colegio de Abogados tom\u00f3 juramento a nuevos matriculados\" class=\"read-more\" href=\"https:\/\/www.hoymercedes.com.ar\/principal\/2023\/11\/15\/colegio-de-abogados-tomo-juramento-a-nuevos-matriculados\/\" aria-label=\"Leer m\u00e1s sobre Colegio de Abogados tom\u00f3 juramento a nuevos matriculados\">Leer m\u00e1s<\/a><\/p>\n","protected":false},"author":1,"featured_media":169492,"comment_status":"closed","ping_status":"open","sticky":false,"template":"","format":"standard","meta":{"_monsterinsights_skip_tracking":false,"_monsterinsights_sitenote_active":false,"_monsterinsights_sitenote_note":"","_monsterinsights_sitenote_category":0,"jetpack_post_was_ever_published":false,"_jetpack_newsletter_access":"","_jetpack_dont_email_post_to_subs":false,"_jetpack_newsletter_tier_id":0,"_jetpack_memberships_contains_paywalled_content":false,"_jetpack_memberships_contains_paid_content":false,"footnotes":"","jetpack_publicize_message":"","jetpack_publicize_feature_enabled":true,"jetpack_social_post_already_shared":true,"jetpack_social_options":{"image_generator_settings":{"template":"highway","default_image_id":0,"font":"","enabled":false},"version":2},"_wpas_customize_per_network":false},"categories":[8],"tags":[],"class_list":["post-169481","post","type-post","status-publish","format-standard","has-post-thumbnail","hentry","category-sociedad","generate-columns","tablet-grid-50","mobile-grid-100","grid-parent","grid-50"],"jetpack_publicize_connections":[],"jetpack_featured_media_url":"https:\/\/www.hoymercedes.com.ar\/principal\/wp-content\/uploads\/2023\/11\/abogados-jura-nov.jpg","wps_subtitle":"","jetpack_sharing_enabled":true,"_links":{"self":[{"href":"https:\/\/www.hoymercedes.com.ar\/principal\/wp-json\/wp\/v2\/posts\/169481","targetHints":{"allow":["GET"]}}],"collection":[{"href":"https:\/\/www.hoymercedes.com.ar\/principal\/wp-json\/wp\/v2\/posts"}],"about":[{"href":"https:\/\/www.hoymercedes.com.ar\/principal\/wp-json\/wp\/v2\/types\/post"}],"author":[{"embeddable":true,"href":"https:\/\/www.hoymercedes.com.ar\/principal\/wp-json\/wp\/v2\/users\/1"}],"replies":[{"embeddable":true,"href":"https:\/\/www.hoymercedes.com.ar\/principal\/wp-json\/wp\/v2\/comments?post=169481"}],"version-history":[{"count":0,"href":"https:\/\/www.hoymercedes.com.ar\/principal\/wp-json\/wp\/v2\/posts\/169481\/revisions"}],"wp:featuredmedia":[{"embeddable":true,"href":"https:\/\/www.hoymercedes.com.ar\/principal\/wp-json\/wp\/v2\/media\/169492"}],"wp:attachment":[{"href":"https:\/\/www.hoymercedes.com.ar\/principal\/wp-json\/wp\/v2\/media?parent=169481"}],"wp:term":[{"taxonomy":"category","embeddable":true,"href":"https:\/\/www.hoymercedes.com.ar\/principal\/wp-json\/wp\/v2\/categories?post=169481"},{"taxonomy":"post_tag","embeddable":true,"href":"https:\/\/www.hoymercedes.com.ar\/principal\/wp-json\/wp\/v2\/tags?post=169481"}],"curies":[{"name":"wp","href":"https:\/\/api.w.org\/{rel}","templated":true}]}}