{"id":169508,"date":"2023-11-16T08:30:00","date_gmt":"2023-11-16T11:30:00","guid":{"rendered":"https:\/\/www.hoymercedes.com.ar\/principal\/?p=169508"},"modified":"2023-11-16T01:01:42","modified_gmt":"2023-11-16T04:01:42","slug":"en-gowland-celebracion-y-conmemoracion-por-los-derechos-de-la-ninez","status":"publish","type":"post","link":"https:\/\/www.hoymercedes.com.ar\/principal\/2023\/11\/16\/en-gowland-celebracion-y-conmemoracion-por-los-derechos-de-la-ninez\/","title":{"rendered":"En Gowland celebraci\u00f3n y conmemoraci\u00f3n por los derechos de la ni\u00f1ez"},"content":{"rendered":"\n<figure class=\"wp-block-image size-large\"><img loading=\"lazy\" decoding=\"async\" width=\"1024\" height=\"576\" data-attachment-id=\"169509\" data-permalink=\"https:\/\/www.hoymercedes.com.ar\/principal\/2023\/11\/16\/en-gowland-celebracion-y-conmemoracion-por-los-derechos-de-la-ninez\/ninez-1\/#main\" data-orig-file=\"https:\/\/www.hoymercedes.com.ar\/principal\/wp-content\/uploads\/2023\/11\/Ninez-1-scaled.jpeg\" data-orig-size=\"2560,1440\" data-comments-opened=\"0\" data-image-meta=\"{&quot;aperture&quot;:&quot;0&quot;,&quot;credit&quot;:&quot;&quot;,&quot;camera&quot;:&quot;&quot;,&quot;caption&quot;:&quot;&quot;,&quot;created_timestamp&quot;:&quot;0&quot;,&quot;copyright&quot;:&quot;&quot;,&quot;focal_length&quot;:&quot;0&quot;,&quot;iso&quot;:&quot;0&quot;,&quot;shutter_speed&quot;:&quot;0&quot;,&quot;title&quot;:&quot;&quot;,&quot;orientation&quot;:&quot;0&quot;}\" data-image-title=\"Ninez-1\" data-image-description=\"\" data-image-caption=\"\" data-large-file=\"https:\/\/www.hoymercedes.com.ar\/principal\/wp-content\/uploads\/2023\/11\/Ninez-1-1024x576.jpeg\" src=\"https:\/\/www.hoymercedes.com.ar\/principal\/wp-content\/uploads\/2023\/11\/Ninez-1-1024x576.jpeg\" alt=\"\" class=\"wp-image-169509\" srcset=\"https:\/\/www.hoymercedes.com.ar\/principal\/wp-content\/uploads\/2023\/11\/Ninez-1-1024x576.jpeg 1024w, https:\/\/www.hoymercedes.com.ar\/principal\/wp-content\/uploads\/2023\/11\/Ninez-1-630x354.jpeg 630w, https:\/\/www.hoymercedes.com.ar\/principal\/wp-content\/uploads\/2023\/11\/Ninez-1-150x84.jpeg 150w, https:\/\/www.hoymercedes.com.ar\/principal\/wp-content\/uploads\/2023\/11\/Ninez-1-1536x864.jpeg 1536w, https:\/\/www.hoymercedes.com.ar\/principal\/wp-content\/uploads\/2023\/11\/Ninez-1-2048x1152.jpeg 2048w\" sizes=\"auto, (max-width: 1024px) 100vw, 1024px\" \/><\/figure>\n\n\n\n<p>Desde la Direcci\u00f3n de Ni\u00f1ez se realiz\u00f3 la conmemoraci\u00f3n del D\u00eda de los Derechos del Ni\u00f1o, Ni\u00f1a y Adolescentes en Gowland. De esta manera, se hicieron presentes diferentes \u00e1reas del Municipio de Mercedes, instituciones y vecinos para llevar adelante esta hermosa jornada.<\/p>\n\n\n\n<p>El intendente Juan Ignacio Ustarroz quien se hizo presente en el festejo agradeci\u00f3 \u201ca todas las escuelas que se suman como siempre en cada actividad que participamos, el sistema educativo de nuestra ciudad responde muy bien, lo que habla a las claras del gran compromiso y el trabajo que se lleva adelante en todas las escuelas de la ciudad, por lo que celebrar y agradecer eso\u201d.<\/p>\n\n\n\n<p>\u201cSiempre conmemorar los derechos del ni\u00f1o a trav\u00e9s de la actividad y acciones concretas es muy importante\u201d remarc\u00f3 el Dr. Ustarroz. &nbsp;<\/p>\n\n\n\n<p>En este sentido, el intendente Ustarroz manifest\u00f3 \u201csomos una ciudad que trata e intenta por todos los medios de hacer una localidad cada vez m\u00e1s amigable con la primera infancia, los ni\u00f1os, las ni\u00f1as entendiendo que ese tiene que ser el punto de encuentro y partida de una mayor unidad para poder pensar y hacer m\u00e1s cosas en beneficio de los chicos\u201d.<\/p>\n\n\n\n<p>La directora de Ni\u00f1ez y Adolescencia Lic. Gabriela Olivella cont\u00f3 \u201cestamos en la semana de los Derechos del Ni\u00f1o, Ni\u00f1a y Adolescentes con motivo de la firma en la Convenci\u00f3n Internacional de los Derechos del Ni\u00f1o, por lo que estamos en Gowland festejamos junto a 10 instituciones y toda la comunidad y programas municipales, todos los que trabajan por y para la ni\u00f1ez est\u00e1n ac\u00e1 festejando\u201d y a\u00f1adi\u00f3 \u201cmuy contentos, muy agradecidos al equipo que trabaja desde ni\u00f1ez, a los docentes y a todos los que hacen este d\u00eda posible\u201d.<\/p>\n\n\n\n<p>\u201cTodos trabajando por derechos fundamentales como lo es la salud (programa Primeros Mil D\u00edas), a la educaci\u00f3n (ProEBa, la Bandera nos Une), derecho al juego (RECREO) al deporte (\u00e1rea de deportes del Municipio) todos garantizando derechos, lo que habla de una sociedad m\u00e1s justa e igualitaria\u201d destac\u00f3 Olivella.<\/p>\n\n\n\n<p>El 20 de noviembre se celebra el 24 aniversario de la entrada en vigencia de la Convenci\u00f3n sobre los Derechos del Ni\u00f1o, adoptada por las Naciones Unidas en 1989 y suscrita por el Per\u00fa en 1990. En 54 art\u00edculos esta Convenci\u00f3n precisa los derechos de los ni\u00f1os, ni\u00f1as y adolescentes. Sobre lo avanzado en el pa\u00eds en la implementaci\u00f3n de los derechos establecidos en esta Convenci\u00f3n opinan el educador Jos\u00e9 Rivero y el doctor y ex ministro de Salud, Uriel Garc\u00eda, ambos miembros del Grupo Impulsor Inversi\u00f3n en la Infancia.<\/p>\n","protected":false},"excerpt":{"rendered":"<p>Desde la Direcci\u00f3n de Ni\u00f1ez se realiz\u00f3 la conmemoraci\u00f3n del D\u00eda de los Derechos del Ni\u00f1o, Ni\u00f1a y Adolescentes en &#8230; <a title=\"En Gowland celebraci\u00f3n y conmemoraci\u00f3n por los derechos de la ni\u00f1ez\" class=\"read-more\" href=\"https:\/\/www.hoymercedes.com.ar\/principal\/2023\/11\/16\/en-gowland-celebracion-y-conmemoracion-por-los-derechos-de-la-ninez\/\" aria-label=\"Leer m\u00e1s sobre En Gowland celebraci\u00f3n y conmemoraci\u00f3n por los derechos de la ni\u00f1ez\">Leer m\u00e1s<\/a><\/p>\n","protected":false},"author":1,"featured_media":169509,"comment_status":"closed","ping_status":"open","sticky":false,"template":"","format":"standard","meta":{"_monsterinsights_skip_tracking":false,"_monsterinsights_sitenote_active":false,"_monsterinsights_sitenote_note":"","_monsterinsights_sitenote_category":0,"jetpack_post_was_ever_published":false,"_jetpack_newsletter_access":"","_jetpack_dont_email_post_to_subs":false,"_jetpack_newsletter_tier_id":0,"_jetpack_memberships_contains_paywalled_content":false,"_jetpack_memberships_contains_paid_content":false,"footnotes":"","jetpack_publicize_message":"","jetpack_publicize_feature_enabled":true,"jetpack_social_post_already_shared":true,"jetpack_social_options":{"image_generator_settings":{"template":"highway","default_image_id":0,"font":"","enabled":false},"version":2},"_wpas_customize_per_network":false},"categories":[8],"tags":[13366,424],"class_list":["post-169508","post","type-post","status-publish","format-standard","has-post-thumbnail","hentry","category-sociedad","tag-direccion-de-ninez","tag-ustarroz","generate-columns","tablet-grid-50","mobile-grid-100","grid-parent","grid-50"],"jetpack_publicize_connections":[],"jetpack_featured_media_url":"https:\/\/www.hoymercedes.com.ar\/principal\/wp-content\/uploads\/2023\/11\/Ninez-1-scaled.jpeg","wps_subtitle":"Ni\u00f1ez y desarrollo de la comunidad ","jetpack_sharing_enabled":true,"_links":{"self":[{"href":"https:\/\/www.hoymercedes.com.ar\/principal\/wp-json\/wp\/v2\/posts\/169508","targetHints":{"allow":["GET"]}}],"collection":[{"href":"https:\/\/www.hoymercedes.com.ar\/principal\/wp-json\/wp\/v2\/posts"}],"about":[{"href":"https:\/\/www.hoymercedes.com.ar\/principal\/wp-json\/wp\/v2\/types\/post"}],"author":[{"embeddable":true,"href":"https:\/\/www.hoymercedes.com.ar\/principal\/wp-json\/wp\/v2\/users\/1"}],"replies":[{"embeddable":true,"href":"https:\/\/www.hoymercedes.com.ar\/principal\/wp-json\/wp\/v2\/comments?post=169508"}],"version-history":[{"count":0,"href":"https:\/\/www.hoymercedes.com.ar\/principal\/wp-json\/wp\/v2\/posts\/169508\/revisions"}],"wp:featuredmedia":[{"embeddable":true,"href":"https:\/\/www.hoymercedes.com.ar\/principal\/wp-json\/wp\/v2\/media\/169509"}],"wp:attachment":[{"href":"https:\/\/www.hoymercedes.com.ar\/principal\/wp-json\/wp\/v2\/media?parent=169508"}],"wp:term":[{"taxonomy":"category","embeddable":true,"href":"https:\/\/www.hoymercedes.com.ar\/principal\/wp-json\/wp\/v2\/categories?post=169508"},{"taxonomy":"post_tag","embeddable":true,"href":"https:\/\/www.hoymercedes.com.ar\/principal\/wp-json\/wp\/v2\/tags?post=169508"}],"curies":[{"name":"wp","href":"https:\/\/api.w.org\/{rel}","templated":true}]}}