{"id":169551,"date":"2023-11-17T07:01:00","date_gmt":"2023-11-17T10:01:00","guid":{"rendered":"https:\/\/www.hoymercedes.com.ar\/principal\/?p=169551"},"modified":"2023-11-17T01:04:34","modified_gmt":"2023-11-17T04:04:34","slug":"estudiantes-se-manifiestan-contra-la-privatizacion-de-la-educacion-publica","status":"publish","type":"post","link":"https:\/\/www.hoymercedes.com.ar\/principal\/2023\/11\/17\/estudiantes-se-manifiestan-contra-la-privatizacion-de-la-educacion-publica\/","title":{"rendered":"Estudiantes se manifiestan contra la privatizaci\u00f3n de la educaci\u00f3n p\u00fablica"},"content":{"rendered":"\n<p>Estudiantes de diferentes instituciones educativas de la ciudad se manifestaron en contra de las posibles pol\u00edticas e implementaciones al sistema educativo por parte del candidato a presidente Javier Milei de la Libertad Avanza. De esta manera, expresaron un contundente rechazo de cara al balotaje del 19 de noviembre repudiando las propuestas libertarias en materia educativa.<\/p>\n\n\n\n<p>En este sentido, los estudiantes del Instituto Superior de Formaci\u00f3n Docente y T\u00e9cnica N\u00b07, el Conservatorio de M\u00fasica de Mercedes, el Instituto Superior de Formaci\u00f3n Docente N\u00b0137y Escuela de Arte N\u00b02, manifestaron:<\/p>\n\n\n\n<p><strong>Comunicado:<\/strong><\/p>\n\n\n\n<p>En tiempos donde la indiferencia m\u00e1s que nunca puede tener un irreversible costo hist\u00f3rico, lxs estudiantes de los diferentes institutos terciarios p\u00fablicos de la ciudad de Mercedes, manifestamos nuestra profunda preocupaci\u00f3n por el futuro de la educaci\u00f3n p\u00fablica en nuestro pa\u00eds y nuestro total repudio a las propuestas de privatizaci\u00f3n y ajuste que impulsa el candidato Javier Milei, quien tiene grandes posibilidades de ser el pr\u00f3ximo presidente de la Argentina.<\/p>\n\n\n\n<p>Con este comunicado pretendemos llamar a la reflexi\u00f3n a toda la Comunidad sobre la importancia de defender en las urnas esta pol\u00edtica de Estado que iguala, dignifica y hace grandes a los pueblos de la Patria desde hace m\u00e1s de un siglo.<\/p>\n\n\n\n<p>As\u00ed mismo entendemos que en el sistema educativo hay mucho por mejorar, pero para ello jam\u00e1s puede ser una opci\u00f3n la destrucci\u00f3n, el ajuste o la privatizaci\u00f3n del mismo. Por el contrario, abogamos por un salto de calidad de la mano de m\u00e1s acceso y universalizaci\u00f3n, mayor presupuesto educativo, mejores salarios docentes y m\u00e1s y mejor infraestructura. Formulario para firmar: <a href=\"https:\/\/forms.gle\/zs7AsYtQqiPny4mt9\" target=\"_blank\" rel=\"noopener\">https:\/\/forms.gle\/zs7AsYtQqiPny4mt9<\/a><\/p>\n","protected":false},"excerpt":{"rendered":"<p>Estudiantes de diferentes instituciones educativas de la ciudad se manifestaron en contra de las posibles pol\u00edticas e implementaciones al sistema &#8230; <a title=\"Estudiantes se manifiestan contra la privatizaci\u00f3n de la educaci\u00f3n p\u00fablica\" class=\"read-more\" href=\"https:\/\/www.hoymercedes.com.ar\/principal\/2023\/11\/17\/estudiantes-se-manifiestan-contra-la-privatizacion-de-la-educacion-publica\/\" aria-label=\"Leer m\u00e1s sobre Estudiantes se manifiestan contra la privatizaci\u00f3n de la educaci\u00f3n p\u00fablica\">Leer m\u00e1s<\/a><\/p>\n","protected":false},"author":1,"featured_media":85811,"comment_status":"closed","ping_status":"open","sticky":false,"template":"","format":"standard","meta":{"_monsterinsights_skip_tracking":false,"_monsterinsights_sitenote_active":false,"_monsterinsights_sitenote_note":"","_monsterinsights_sitenote_category":0,"jetpack_post_was_ever_published":false,"_jetpack_newsletter_access":"","_jetpack_dont_email_post_to_subs":false,"_jetpack_newsletter_tier_id":0,"_jetpack_memberships_contains_paywalled_content":false,"_jetpack_memberships_contains_paid_content":false,"footnotes":"","jetpack_publicize_message":"","jetpack_publicize_feature_enabled":true,"jetpack_social_post_already_shared":true,"jetpack_social_options":{"image_generator_settings":{"template":"highway","default_image_id":0,"font":"","enabled":false},"version":2},"_wpas_customize_per_network":false},"categories":[8],"tags":[],"class_list":["post-169551","post","type-post","status-publish","format-standard","has-post-thumbnail","hentry","category-sociedad","generate-columns","tablet-grid-50","mobile-grid-100","grid-parent","grid-50"],"jetpack_publicize_connections":[],"jetpack_featured_media_url":"https:\/\/www.hoymercedes.com.ar\/principal\/wp-content\/uploads\/2018\/12\/20-instituto-7.jpg","wps_subtitle":"Educaci\u00f3n p\u00fablica ","jetpack_sharing_enabled":true,"_links":{"self":[{"href":"https:\/\/www.hoymercedes.com.ar\/principal\/wp-json\/wp\/v2\/posts\/169551","targetHints":{"allow":["GET"]}}],"collection":[{"href":"https:\/\/www.hoymercedes.com.ar\/principal\/wp-json\/wp\/v2\/posts"}],"about":[{"href":"https:\/\/www.hoymercedes.com.ar\/principal\/wp-json\/wp\/v2\/types\/post"}],"author":[{"embeddable":true,"href":"https:\/\/www.hoymercedes.com.ar\/principal\/wp-json\/wp\/v2\/users\/1"}],"replies":[{"embeddable":true,"href":"https:\/\/www.hoymercedes.com.ar\/principal\/wp-json\/wp\/v2\/comments?post=169551"}],"version-history":[{"count":0,"href":"https:\/\/www.hoymercedes.com.ar\/principal\/wp-json\/wp\/v2\/posts\/169551\/revisions"}],"wp:featuredmedia":[{"embeddable":true,"href":"https:\/\/www.hoymercedes.com.ar\/principal\/wp-json\/wp\/v2\/media\/85811"}],"wp:attachment":[{"href":"https:\/\/www.hoymercedes.com.ar\/principal\/wp-json\/wp\/v2\/media?parent=169551"}],"wp:term":[{"taxonomy":"category","embeddable":true,"href":"https:\/\/www.hoymercedes.com.ar\/principal\/wp-json\/wp\/v2\/categories?post=169551"},{"taxonomy":"post_tag","embeddable":true,"href":"https:\/\/www.hoymercedes.com.ar\/principal\/wp-json\/wp\/v2\/tags?post=169551"}],"curies":[{"name":"wp","href":"https:\/\/api.w.org\/{rel}","templated":true}]}}