{"id":16959,"date":"2012-10-16T12:05:25","date_gmt":"2012-10-16T12:05:25","guid":{"rendered":"http:\/\/www.hoymercedes.com.ar\/principal\/?p=16959"},"modified":"2012-10-16T12:06:15","modified_gmt":"2012-10-16T12:06:15","slug":"vecinos-barrio-marchetti-efectuaron-diversos-reclamos","status":"publish","type":"post","link":"https:\/\/www.hoymercedes.com.ar\/principal\/2012\/10\/16\/vecinos-barrio-marchetti-efectuaron-diversos-reclamos\/","title":{"rendered":"Vecinos Barrio Marchetti efectuaron diversos reclamos"},"content":{"rendered":"<p><a href=\"https:\/\/www.hoymercedes.com.ar\/principal\/wp-content\/uploads\/2012\/10\/SDC10960.jpg\"><img loading=\"lazy\" decoding=\"async\" data-attachment-id=\"16961\" data-permalink=\"https:\/\/www.hoymercedes.com.ar\/principal\/2012\/10\/16\/vecinos-barrio-marchetti-efectuaron-diversos-reclamos\/attachment\/16961\/#main\" data-orig-file=\"https:\/\/www.hoymercedes.com.ar\/principal\/wp-content\/uploads\/2012\/10\/SDC10960.jpg\" data-orig-size=\"614,461\" data-comments-opened=\"1\" data-image-meta=\"{&quot;aperture&quot;:&quot;8.3&quot;,&quot;credit&quot;:&quot;&quot;,&quot;camera&quot;:&quot;SAMSUNG ES10 \/ VLUU ES10&quot;,&quot;caption&quot;:&quot;&quot;,&quot;created_timestamp&quot;:&quot;1349601975&quot;,&quot;copyright&quot;:&quot;COPYRIGHT, 2009&quot;,&quot;focal_length&quot;:&quot;6.3&quot;,&quot;iso&quot;:&quot;80&quot;,&quot;shutter_speed&quot;:&quot;0.0055555555555556&quot;,&quot;title&quot;:&quot;&lt;SAMSUNG DIGITAL CAMERA&gt;&quot;}\" data-image-title=\"Alejandra Santana\" data-image-description=\"\" data-image-caption=\"\" data-large-file=\"https:\/\/www.hoymercedes.com.ar\/principal\/wp-content\/uploads\/2012\/10\/SDC10960.jpg\" class=\"aligncenter size-full wp-image-16961\" title=\"Alejandra Santana\" src=\"https:\/\/www.hoymercedes.com.ar\/principal\/wp-content\/uploads\/2012\/10\/SDC10960.jpg\" alt=\"\" width=\"614\" height=\"461\" \/><\/a><\/p>\n<p>Durante el fin de semana vecinos del barrio Marchetti realizaron una reuni\u00f3n con la presidenta de la Federaci\u00f3n de Sociedades de Fomento, Alejandra Santana, con el objetivo de sumar voluntades para determinados reclamos que deseaban llevar adelante.<\/p>\n<p>Seg\u00fan se supo se reclam\u00f3 por servicios como agua y mayor luz a la vez que algunos de ellos manifestaron no se recibi\u00f3 toda la ayuda anunciada o la cobertura necesaria a los afectados en la \u00faltima inundaci\u00f3n quedando s\u00f3lo anotados para colchones, zapatillas y frazadas.<\/p>\n<p>A su vez sostienen que el caudal de energ\u00eda el\u00e9ctrica es insuficiente para sostener todos los electrodom\u00e9sticos en buen funcionamiento mientras que la cantidad de agua insuficiente.<\/p>\n<p>Seg\u00fan Santana: \u00abse hicieron presentes muchos vecinos que se sienten olvidados por las pol\u00ecticas sociales. No quieren le regalen nada, sino poder contar con los servicios como cualquier ciudadano\u00bb<\/p>\n<p>Tambi\u00e9n opinaron en relaci\u00f3n a la necesidad de la vivienda, la tierra y la posibilidad de un \u00e1mbito digno para vivir.<\/p>\n<p>Santana continuar\u00e1 con las reuniones.<\/p>\n<p>&nbsp;<\/p>\n","protected":false},"excerpt":{"rendered":"<p>Durante el fin de semana vecinos del barrio Marchetti realizaron una reuni\u00f3n con la presidenta de la Federaci\u00f3n de Sociedades &#8230; <a title=\"Vecinos Barrio Marchetti efectuaron diversos reclamos\" class=\"read-more\" href=\"https:\/\/www.hoymercedes.com.ar\/principal\/2012\/10\/16\/vecinos-barrio-marchetti-efectuaron-diversos-reclamos\/\" aria-label=\"Leer m\u00e1s sobre Vecinos Barrio Marchetti efectuaron diversos reclamos\">Leer m\u00e1s<\/a><\/p>\n","protected":false},"author":1,"featured_media":0,"comment_status":"open","ping_status":"open","sticky":false,"template":"","format":"standard","meta":{"_monsterinsights_skip_tracking":false,"_monsterinsights_sitenote_active":false,"_monsterinsights_sitenote_note":"","_monsterinsights_sitenote_category":0,"jetpack_post_was_ever_published":false,"_jetpack_newsletter_access":"","_jetpack_dont_email_post_to_subs":false,"_jetpack_newsletter_tier_id":0,"_jetpack_memberships_contains_paywalled_content":false,"_jetpack_memberships_contains_paid_content":false,"footnotes":"","jetpack_publicize_message":"","jetpack_publicize_feature_enabled":true,"jetpack_social_post_already_shared":false,"jetpack_social_options":{"image_generator_settings":{"template":"highway","default_image_id":0,"font":"","enabled":false},"version":2},"_wpas_customize_per_network":false},"categories":[5],"tags":[1805,623,1806],"class_list":["post-16959","post","type-post","status-publish","format-standard","hentry","category-politica","tag-alejandra-santana","tag-barrio-marchetti","tag-federacion-de-sociedades-de-fomento","generate-columns","tablet-grid-50","mobile-grid-100","grid-parent","grid-50"],"jetpack_publicize_connections":[],"jetpack_featured_media_url":"","wps_subtitle":"","jetpack_sharing_enabled":true,"_links":{"self":[{"href":"https:\/\/www.hoymercedes.com.ar\/principal\/wp-json\/wp\/v2\/posts\/16959","targetHints":{"allow":["GET"]}}],"collection":[{"href":"https:\/\/www.hoymercedes.com.ar\/principal\/wp-json\/wp\/v2\/posts"}],"about":[{"href":"https:\/\/www.hoymercedes.com.ar\/principal\/wp-json\/wp\/v2\/types\/post"}],"author":[{"embeddable":true,"href":"https:\/\/www.hoymercedes.com.ar\/principal\/wp-json\/wp\/v2\/users\/1"}],"replies":[{"embeddable":true,"href":"https:\/\/www.hoymercedes.com.ar\/principal\/wp-json\/wp\/v2\/comments?post=16959"}],"version-history":[{"count":0,"href":"https:\/\/www.hoymercedes.com.ar\/principal\/wp-json\/wp\/v2\/posts\/16959\/revisions"}],"wp:attachment":[{"href":"https:\/\/www.hoymercedes.com.ar\/principal\/wp-json\/wp\/v2\/media?parent=16959"}],"wp:term":[{"taxonomy":"category","embeddable":true,"href":"https:\/\/www.hoymercedes.com.ar\/principal\/wp-json\/wp\/v2\/categories?post=16959"},{"taxonomy":"post_tag","embeddable":true,"href":"https:\/\/www.hoymercedes.com.ar\/principal\/wp-json\/wp\/v2\/tags?post=16959"}],"curies":[{"name":"wp","href":"https:\/\/api.w.org\/{rel}","templated":true}]}}