{"id":169695,"date":"2023-11-20T17:17:00","date_gmt":"2023-11-20T20:17:00","guid":{"rendered":"https:\/\/www.hoymercedes.com.ar\/principal\/?p=169695"},"modified":"2023-11-20T14:20:12","modified_gmt":"2023-11-20T17:20:12","slug":"se-realizo-mercedes-medita-en-el-parque-municipal","status":"publish","type":"post","link":"https:\/\/www.hoymercedes.com.ar\/principal\/2023\/11\/20\/se-realizo-mercedes-medita-en-el-parque-municipal\/","title":{"rendered":"Se realiz\u00f3 \u201cMercedes Medita\u201d en el Parque Municipal"},"content":{"rendered":"\n<figure class=\"wp-block-image size-large\"><img loading=\"lazy\" decoding=\"async\" width=\"1024\" height=\"679\" data-attachment-id=\"169697\" data-permalink=\"https:\/\/www.hoymercedes.com.ar\/principal\/2023\/11\/20\/se-realizo-mercedes-medita-en-el-parque-municipal\/dsc_8615\/#main\" data-orig-file=\"https:\/\/www.hoymercedes.com.ar\/principal\/wp-content\/uploads\/2023\/11\/DSC_8615.jpg\" data-orig-size=\"1326,879\" data-comments-opened=\"0\" data-image-meta=\"{&quot;aperture&quot;:&quot;0&quot;,&quot;credit&quot;:&quot;&quot;,&quot;camera&quot;:&quot;&quot;,&quot;caption&quot;:&quot;&quot;,&quot;created_timestamp&quot;:&quot;0&quot;,&quot;copyright&quot;:&quot;&quot;,&quot;focal_length&quot;:&quot;0&quot;,&quot;iso&quot;:&quot;0&quot;,&quot;shutter_speed&quot;:&quot;0&quot;,&quot;title&quot;:&quot;&quot;,&quot;orientation&quot;:&quot;0&quot;}\" data-image-title=\"mercedes medita\" data-image-description=\"\" data-image-caption=\"\" data-large-file=\"https:\/\/www.hoymercedes.com.ar\/principal\/wp-content\/uploads\/2023\/11\/DSC_8615-1024x679.jpg\" src=\"https:\/\/www.hoymercedes.com.ar\/principal\/wp-content\/uploads\/2023\/11\/DSC_8615-1024x679.jpg\" alt=\"\" class=\"wp-image-169697\" srcset=\"https:\/\/www.hoymercedes.com.ar\/principal\/wp-content\/uploads\/2023\/11\/DSC_8615-1024x679.jpg 1024w, https:\/\/www.hoymercedes.com.ar\/principal\/wp-content\/uploads\/2023\/11\/DSC_8615-630x418.jpg 630w, https:\/\/www.hoymercedes.com.ar\/principal\/wp-content\/uploads\/2023\/11\/DSC_8615-150x99.jpg 150w, https:\/\/www.hoymercedes.com.ar\/principal\/wp-content\/uploads\/2023\/11\/DSC_8615-700x465.jpg 700w, https:\/\/www.hoymercedes.com.ar\/principal\/wp-content\/uploads\/2023\/11\/DSC_8615.jpg 1326w\" sizes=\"auto, (max-width: 1024px) 100vw, 1024px\" \/><\/figure>\n\n\n\n<p>Con una importante participaci\u00f3n se llev\u00f3 adelante \u201cMercedes Medita\u201d en el Parque Municipal. Se trat\u00f3 de una invitaci\u00f3n en conjunto entre la Direcci\u00f3n de Turismo, la Direcci\u00f3n de Ambiente y espacios hol\u00edsticos de la ciudad. Fue libre y gratuito.<\/p>\n\n\n\n<p>El director de turismo, Francisco Dinova cont\u00f3 \u201cfue una gran experiencia. La primera vez que se efect\u00faa en Mercedes y contamos con un excelente marco de asistentes\u201d especific\u00f3 el funcionario y destac\u00f3 que \u201cayer el clima amenaz\u00f3, pero hoy realmente se vivi\u00f3 una excelente jornada\u201d destac\u00f3.<\/p>\n\n\n\n<figure class=\"wp-block-image size-large\"><img loading=\"lazy\" decoding=\"async\" width=\"1024\" height=\"679\" data-attachment-id=\"169700\" data-permalink=\"https:\/\/www.hoymercedes.com.ar\/principal\/2023\/11\/20\/se-realizo-mercedes-medita-en-el-parque-municipal\/dsc_8583\/#main\" data-orig-file=\"https:\/\/www.hoymercedes.com.ar\/principal\/wp-content\/uploads\/2023\/11\/DSC_8583.jpg\" data-orig-size=\"1326,879\" data-comments-opened=\"0\" data-image-meta=\"{&quot;aperture&quot;:&quot;0&quot;,&quot;credit&quot;:&quot;&quot;,&quot;camera&quot;:&quot;&quot;,&quot;caption&quot;:&quot;&quot;,&quot;created_timestamp&quot;:&quot;0&quot;,&quot;copyright&quot;:&quot;&quot;,&quot;focal_length&quot;:&quot;0&quot;,&quot;iso&quot;:&quot;0&quot;,&quot;shutter_speed&quot;:&quot;0&quot;,&quot;title&quot;:&quot;&quot;,&quot;orientation&quot;:&quot;0&quot;}\" data-image-title=\"mercedes medita\" data-image-description=\"\" data-image-caption=\"\" data-large-file=\"https:\/\/www.hoymercedes.com.ar\/principal\/wp-content\/uploads\/2023\/11\/DSC_8583-1024x679.jpg\" src=\"https:\/\/www.hoymercedes.com.ar\/principal\/wp-content\/uploads\/2023\/11\/DSC_8583-1024x679.jpg\" alt=\"\" class=\"wp-image-169700\" srcset=\"https:\/\/www.hoymercedes.com.ar\/principal\/wp-content\/uploads\/2023\/11\/DSC_8583-1024x679.jpg 1024w, https:\/\/www.hoymercedes.com.ar\/principal\/wp-content\/uploads\/2023\/11\/DSC_8583-630x418.jpg 630w, https:\/\/www.hoymercedes.com.ar\/principal\/wp-content\/uploads\/2023\/11\/DSC_8583-150x99.jpg 150w, https:\/\/www.hoymercedes.com.ar\/principal\/wp-content\/uploads\/2023\/11\/DSC_8583-700x465.jpg 700w, https:\/\/www.hoymercedes.com.ar\/principal\/wp-content\/uploads\/2023\/11\/DSC_8583.jpg 1326w\" sizes=\"auto, (max-width: 1024px) 100vw, 1024px\" \/><\/figure>\n\n\n\n<p>En este sentido, Dinova se\u00f1al\u00f3 \u201cse inscribieron una enorme cantidad de vecinos, vecinas y turistas, porque el objetivo fue siempre sea prolijo, ordenado y sabiendo las necesidades que \u00edbamos a tener, por los docentes y por la infraestructura, con lo cual quienes participaron se encontraron con carpas, puestos, espacios delineados y especialmente constituidos para la ocasi\u00f3n\u201d sostuvo.<\/p>\n\n\n\n<figure class=\"wp-block-image size-large\"><img loading=\"lazy\" decoding=\"async\" width=\"1024\" height=\"679\" data-attachment-id=\"169699\" data-permalink=\"https:\/\/www.hoymercedes.com.ar\/principal\/2023\/11\/20\/se-realizo-mercedes-medita-en-el-parque-municipal\/dsc_8628\/#main\" data-orig-file=\"https:\/\/www.hoymercedes.com.ar\/principal\/wp-content\/uploads\/2023\/11\/DSC_8628.jpg\" data-orig-size=\"1326,879\" data-comments-opened=\"0\" data-image-meta=\"{&quot;aperture&quot;:&quot;0&quot;,&quot;credit&quot;:&quot;&quot;,&quot;camera&quot;:&quot;&quot;,&quot;caption&quot;:&quot;&quot;,&quot;created_timestamp&quot;:&quot;0&quot;,&quot;copyright&quot;:&quot;&quot;,&quot;focal_length&quot;:&quot;0&quot;,&quot;iso&quot;:&quot;0&quot;,&quot;shutter_speed&quot;:&quot;0&quot;,&quot;title&quot;:&quot;&quot;,&quot;orientation&quot;:&quot;0&quot;}\" data-image-title=\"mercedes medita\" data-image-description=\"\" data-image-caption=\"\" data-large-file=\"https:\/\/www.hoymercedes.com.ar\/principal\/wp-content\/uploads\/2023\/11\/DSC_8628-1024x679.jpg\" src=\"https:\/\/www.hoymercedes.com.ar\/principal\/wp-content\/uploads\/2023\/11\/DSC_8628-1024x679.jpg\" alt=\"\" class=\"wp-image-169699\" srcset=\"https:\/\/www.hoymercedes.com.ar\/principal\/wp-content\/uploads\/2023\/11\/DSC_8628-1024x679.jpg 1024w, https:\/\/www.hoymercedes.com.ar\/principal\/wp-content\/uploads\/2023\/11\/DSC_8628-630x418.jpg 630w, https:\/\/www.hoymercedes.com.ar\/principal\/wp-content\/uploads\/2023\/11\/DSC_8628-150x99.jpg 150w, https:\/\/www.hoymercedes.com.ar\/principal\/wp-content\/uploads\/2023\/11\/DSC_8628-700x465.jpg 700w, https:\/\/www.hoymercedes.com.ar\/principal\/wp-content\/uploads\/2023\/11\/DSC_8628.jpg 1326w\" sizes=\"auto, (max-width: 1024px) 100vw, 1024px\" \/><\/figure>\n\n\n\n<p>Hubo sesiones espirituales, yoga, charlas, capacitaciones, representaciones comerciales y cierre musical.<\/p>\n\n\n\n<p>Tanto desde Ambiente como desde Turismo agradeciendo enormemente a las terapeutas que brindaron charlas, talleres y compartieron su conocimiento para brindar una experiencia diferente e importante para las y los asistentes.<\/p>\n","protected":false},"excerpt":{"rendered":"<p>Con una importante participaci\u00f3n se llev\u00f3 adelante \u201cMercedes Medita\u201d en el Parque Municipal. Se trat\u00f3 de una invitaci\u00f3n en conjunto &#8230; <a title=\"Se realiz\u00f3 \u201cMercedes Medita\u201d en el Parque Municipal\" class=\"read-more\" href=\"https:\/\/www.hoymercedes.com.ar\/principal\/2023\/11\/20\/se-realizo-mercedes-medita-en-el-parque-municipal\/\" aria-label=\"Leer m\u00e1s sobre Se realiz\u00f3 \u201cMercedes Medita\u201d en el Parque Municipal\">Leer m\u00e1s<\/a><\/p>\n","protected":false},"author":1,"featured_media":169699,"comment_status":"closed","ping_status":"open","sticky":false,"template":"","format":"standard","meta":{"_monsterinsights_skip_tracking":false,"_monsterinsights_sitenote_active":false,"_monsterinsights_sitenote_note":"","_monsterinsights_sitenote_category":0,"jetpack_post_was_ever_published":false,"_jetpack_newsletter_access":"","_jetpack_dont_email_post_to_subs":false,"_jetpack_newsletter_tier_id":0,"_jetpack_memberships_contains_paywalled_content":false,"_jetpack_memberships_contains_paid_content":false,"footnotes":"","jetpack_publicize_message":"","jetpack_publicize_feature_enabled":true,"jetpack_social_post_already_shared":true,"jetpack_social_options":{"image_generator_settings":{"template":"highway","default_image_id":0,"font":"","enabled":false},"version":2},"_wpas_customize_per_network":false},"categories":[8],"tags":[18885],"class_list":["post-169695","post","type-post","status-publish","format-standard","has-post-thumbnail","hentry","category-sociedad","tag-mercedes-medita","generate-columns","tablet-grid-50","mobile-grid-100","grid-parent","grid-50"],"jetpack_publicize_connections":[],"jetpack_featured_media_url":"https:\/\/www.hoymercedes.com.ar\/principal\/wp-content\/uploads\/2023\/11\/DSC_8628.jpg","wps_subtitle":"mercedes medita","jetpack_sharing_enabled":true,"_links":{"self":[{"href":"https:\/\/www.hoymercedes.com.ar\/principal\/wp-json\/wp\/v2\/posts\/169695","targetHints":{"allow":["GET"]}}],"collection":[{"href":"https:\/\/www.hoymercedes.com.ar\/principal\/wp-json\/wp\/v2\/posts"}],"about":[{"href":"https:\/\/www.hoymercedes.com.ar\/principal\/wp-json\/wp\/v2\/types\/post"}],"author":[{"embeddable":true,"href":"https:\/\/www.hoymercedes.com.ar\/principal\/wp-json\/wp\/v2\/users\/1"}],"replies":[{"embeddable":true,"href":"https:\/\/www.hoymercedes.com.ar\/principal\/wp-json\/wp\/v2\/comments?post=169695"}],"version-history":[{"count":0,"href":"https:\/\/www.hoymercedes.com.ar\/principal\/wp-json\/wp\/v2\/posts\/169695\/revisions"}],"wp:featuredmedia":[{"embeddable":true,"href":"https:\/\/www.hoymercedes.com.ar\/principal\/wp-json\/wp\/v2\/media\/169699"}],"wp:attachment":[{"href":"https:\/\/www.hoymercedes.com.ar\/principal\/wp-json\/wp\/v2\/media?parent=169695"}],"wp:term":[{"taxonomy":"category","embeddable":true,"href":"https:\/\/www.hoymercedes.com.ar\/principal\/wp-json\/wp\/v2\/categories?post=169695"},{"taxonomy":"post_tag","embeddable":true,"href":"https:\/\/www.hoymercedes.com.ar\/principal\/wp-json\/wp\/v2\/tags?post=169695"}],"curies":[{"name":"wp","href":"https:\/\/api.w.org\/{rel}","templated":true}]}}