{"id":16970,"date":"2012-10-16T12:21:33","date_gmt":"2012-10-16T12:21:33","guid":{"rendered":"http:\/\/www.hoymercedes.com.ar\/principal\/?p=16970"},"modified":"2012-10-16T12:22:20","modified_gmt":"2012-10-16T12:22:20","slug":"fmpv-realizo-un-aporte-al-boxeo-local","status":"publish","type":"post","link":"https:\/\/www.hoymercedes.com.ar\/principal\/2012\/10\/16\/fmpv-realizo-un-aporte-al-boxeo-local\/","title":{"rendered":"FMpV realiz\u00f3 un aporte al boxeo local"},"content":{"rendered":"<figure id=\"attachment_16972\" aria-describedby=\"caption-attachment-16972\" style=\"width: 604px\" class=\"wp-caption aligncenter\"><a href=\"https:\/\/www.hoymercedes.com.ar\/principal\/wp-content\/uploads\/2012\/10\/entregadesubsidios.jpg\"><img loading=\"lazy\" decoding=\"async\" data-attachment-id=\"16972\" data-permalink=\"https:\/\/www.hoymercedes.com.ar\/principal\/2012\/10\/16\/fmpv-realizo-un-aporte-al-boxeo-local\/entregadesubsidios\/#main\" data-orig-file=\"https:\/\/www.hoymercedes.com.ar\/principal\/wp-content\/uploads\/2012\/10\/entregadesubsidios.jpg\" data-orig-size=\"614,461\" data-comments-opened=\"1\" data-image-meta=\"{&quot;aperture&quot;:&quot;3.4&quot;,&quot;credit&quot;:&quot;&quot;,&quot;camera&quot;:&quot;COOLPIX L810&quot;,&quot;caption&quot;:&quot;&quot;,&quot;created_timestamp&quot;:&quot;1350072548&quot;,&quot;copyright&quot;:&quot;&quot;,&quot;focal_length&quot;:&quot;6.1&quot;,&quot;iso&quot;:&quot;400&quot;,&quot;shutter_speed&quot;:&quot;0.033333333333333&quot;,&quot;title&quot;:&quot;&quot;}\" data-image-title=\"entregadesubsidios\" data-image-description=\"&lt;p&gt;Frente Mercedino para la Victoria &amp;#8211; Entrega de Subsidio&lt;\/p&gt;\n\" data-image-caption=\"&lt;p&gt;Frente Mercedino para la Victoria &amp;#8211; Entrega de Subsidio&lt;\/p&gt;\n\" data-large-file=\"https:\/\/www.hoymercedes.com.ar\/principal\/wp-content\/uploads\/2012\/10\/entregadesubsidios.jpg\" class=\"size-full wp-image-16972\" title=\"entregadesubsidios\" src=\"https:\/\/www.hoymercedes.com.ar\/principal\/wp-content\/uploads\/2012\/10\/entregadesubsidios.jpg\" alt=\"Frente Mercedino para la Victoria - Entrega de Subsidio\" width=\"614\" height=\"461\" \/><\/a><figcaption id=\"caption-attachment-16972\" class=\"wp-caption-text\">Frente Mercedino para la Victoria &#8211; Entrega de Subsidio<\/figcaption><\/figure>\n<p>El viernes por la tarde en el local del Frente Mercedino para la Victoria se llev\u00f3 adelante la entrega de dos subsidios. Uno para la escuela Ra\u00fal Cosentino que dirige Claudio Rojas y el otro para Walte El Yacar\u00e9 Sequeira.<\/p>\n<p>Juani al momento de entregarle un cheque por 10 mil pesos, destac\u00f3 el compromiso social de Claudio Rojas y la tarea que realiza acercando a los j\u00f3venes al deporte. Tambi\u00e9n agradeci\u00f3 al diputado Alberto Cucho Espa\u00f1a quien gestion\u00f3 el subsidio.<\/p>\n<p>El diputado mercedino destac\u00f3 las ayudas que se vienen entregando a los distintos sectores de la poblaci\u00f3n: para la educaci\u00f3n, para los inundados y en este caso para el deporte poniendo de manifiesto el incremento del presupuesto nacional en deporte<\/p>\n<p>El profesor Fabi\u00e1n Brandoni \u2013que integra la comisi\u00f3n de deportes del Frente- habl\u00f3 sobre los comienzos de la escuela Ra\u00fal Cosentino y a Rojas como boxeador.<\/p>\n<p>Por \u00faltimo Rojas destac\u00f3 al boxeo como un deporte inclusivo y destac\u00f3 que la ayuda que reciben es \u201csin ning\u00fan tipo de condicionamiento\u201d. Luego hizo referencia al problema de las adicciones en la juventud y habl\u00f3 del slogan que le impone a los j\u00f3venes: \u201cPara que la bolsa no te pegue, ven\u00ed y pegale a la bolsa\u201d dijo y al cerrar su breve pero emotivo discurso asegur\u00f3: \u201cNosotros apoyamos a los que nos apoyan\u201d.<\/p>\n","protected":false},"excerpt":{"rendered":"<p>El viernes por la tarde en el local del Frente Mercedino para la Victoria se llev\u00f3 adelante la entrega de &#8230; <a title=\"FMpV realiz\u00f3 un aporte al boxeo local\" class=\"read-more\" href=\"https:\/\/www.hoymercedes.com.ar\/principal\/2012\/10\/16\/fmpv-realizo-un-aporte-al-boxeo-local\/\" aria-label=\"Leer m\u00e1s sobre FMpV realiz\u00f3 un aporte al boxeo local\">Leer m\u00e1s<\/a><\/p>\n","protected":false},"author":1,"featured_media":0,"comment_status":"open","ping_status":"open","sticky":false,"template":"","format":"standard","meta":{"_monsterinsights_skip_tracking":false,"_monsterinsights_sitenote_active":false,"_monsterinsights_sitenote_note":"","_monsterinsights_sitenote_category":0,"jetpack_post_was_ever_published":false,"_jetpack_newsletter_access":"","_jetpack_dont_email_post_to_subs":false,"_jetpack_newsletter_tier_id":0,"_jetpack_memberships_contains_paywalled_content":false,"_jetpack_memberships_contains_paid_content":false,"footnotes":"","jetpack_publicize_message":"","jetpack_publicize_feature_enabled":true,"jetpack_social_post_already_shared":false,"jetpack_social_options":{"image_generator_settings":{"template":"highway","default_image_id":0,"font":"","enabled":false},"version":2},"_wpas_customize_per_network":false},"categories":[5],"tags":[379,2844],"class_list":["post-16970","post","type-post","status-publish","format-standard","hentry","category-politica","tag-frente-mercedino-para-la-victoria","tag-subsidios-boxeo","generate-columns","tablet-grid-50","mobile-grid-100","grid-parent","grid-50"],"jetpack_publicize_connections":[],"jetpack_featured_media_url":"","wps_subtitle":"","jetpack_sharing_enabled":true,"_links":{"self":[{"href":"https:\/\/www.hoymercedes.com.ar\/principal\/wp-json\/wp\/v2\/posts\/16970","targetHints":{"allow":["GET"]}}],"collection":[{"href":"https:\/\/www.hoymercedes.com.ar\/principal\/wp-json\/wp\/v2\/posts"}],"about":[{"href":"https:\/\/www.hoymercedes.com.ar\/principal\/wp-json\/wp\/v2\/types\/post"}],"author":[{"embeddable":true,"href":"https:\/\/www.hoymercedes.com.ar\/principal\/wp-json\/wp\/v2\/users\/1"}],"replies":[{"embeddable":true,"href":"https:\/\/www.hoymercedes.com.ar\/principal\/wp-json\/wp\/v2\/comments?post=16970"}],"version-history":[{"count":0,"href":"https:\/\/www.hoymercedes.com.ar\/principal\/wp-json\/wp\/v2\/posts\/16970\/revisions"}],"wp:attachment":[{"href":"https:\/\/www.hoymercedes.com.ar\/principal\/wp-json\/wp\/v2\/media?parent=16970"}],"wp:term":[{"taxonomy":"category","embeddable":true,"href":"https:\/\/www.hoymercedes.com.ar\/principal\/wp-json\/wp\/v2\/categories?post=16970"},{"taxonomy":"post_tag","embeddable":true,"href":"https:\/\/www.hoymercedes.com.ar\/principal\/wp-json\/wp\/v2\/tags?post=16970"}],"curies":[{"name":"wp","href":"https:\/\/api.w.org\/{rel}","templated":true}]}}