{"id":169735,"date":"2023-11-21T10:51:00","date_gmt":"2023-11-21T13:51:00","guid":{"rendered":"https:\/\/www.hoymercedes.com.ar\/principal\/?p=169735"},"modified":"2023-11-21T18:34:54","modified_gmt":"2023-11-21T21:34:54","slug":"esclarecen-4-ilicitos-al-detectarlos-en-el-ingreso-a-mercedes","status":"publish","type":"post","link":"https:\/\/www.hoymercedes.com.ar\/principal\/2023\/11\/21\/esclarecen-4-ilicitos-al-detectarlos-en-el-ingreso-a-mercedes\/","title":{"rendered":"Esclarecen 4 il\u00edcitos al detectarlos en el ingreso a Mercedes"},"content":{"rendered":"\n<figure class=\"wp-block-image size-large\"><img loading=\"lazy\" decoding=\"async\" width=\"1024\" height=\"1024\" data-attachment-id=\"169736\" data-permalink=\"https:\/\/www.hoymercedes.com.ar\/principal\/2023\/11\/21\/esclarecen-4-ilicitos-al-detectarlos-en-el-ingreso-a-mercedes\/detenidos-estafas\/#main\" data-orig-file=\"https:\/\/www.hoymercedes.com.ar\/principal\/wp-content\/uploads\/2023\/11\/Detenidos-Estafas.jpeg\" data-orig-size=\"1200,1200\" data-comments-opened=\"0\" data-image-meta=\"{&quot;aperture&quot;:&quot;0&quot;,&quot;credit&quot;:&quot;&quot;,&quot;camera&quot;:&quot;&quot;,&quot;caption&quot;:&quot;&quot;,&quot;created_timestamp&quot;:&quot;0&quot;,&quot;copyright&quot;:&quot;&quot;,&quot;focal_length&quot;:&quot;0&quot;,&quot;iso&quot;:&quot;0&quot;,&quot;shutter_speed&quot;:&quot;0&quot;,&quot;title&quot;:&quot;&quot;,&quot;orientation&quot;:&quot;0&quot;}\" data-image-title=\"Detenidos-Estafas\" data-image-description=\"\" data-image-caption=\"\" data-large-file=\"https:\/\/www.hoymercedes.com.ar\/principal\/wp-content\/uploads\/2023\/11\/Detenidos-Estafas-1024x1024.jpeg\" src=\"https:\/\/www.hoymercedes.com.ar\/principal\/wp-content\/uploads\/2023\/11\/Detenidos-Estafas-1024x1024.jpeg\" alt=\"\" class=\"wp-image-169736\" srcset=\"https:\/\/www.hoymercedes.com.ar\/principal\/wp-content\/uploads\/2023\/11\/Detenidos-Estafas-1024x1024.jpeg 1024w, https:\/\/www.hoymercedes.com.ar\/principal\/wp-content\/uploads\/2023\/11\/Detenidos-Estafas-620x620.jpeg 620w, https:\/\/www.hoymercedes.com.ar\/principal\/wp-content\/uploads\/2023\/11\/Detenidos-Estafas-150x150.jpeg 150w, https:\/\/www.hoymercedes.com.ar\/principal\/wp-content\/uploads\/2023\/11\/Detenidos-Estafas.jpeg 1200w\" sizes=\"auto, (max-width: 1024px) 100vw, 1024px\" \/><\/figure>\n\n\n\n<p>Desde el Centro de Monitoreo de la Secretar\u00eda de Seguridad generaron el alerta para la r\u00e1pida y efectiva intervenci\u00f3n de la Polic\u00eda Comunal cuando el lector de patentes detecta el ingreso de un veh\u00edculo que ten\u00eda pedido de detenci\u00f3n por eventual participaci\u00f3n en un hecho delictivo.<\/p>\n\n\n\n<p>Fue as\u00ed que tras recabar los datos de las c\u00e1maras de seguridad se inicia el operativo de rastreo y cerrojo. Se sospechaba que el veh\u00edculo estaba vinculado a estafas e incluso con modalidad \u201cMercado Pago\u201d, como se suele decir por invocar esa plataforma para enga\u00f1ar a las y los vecinos.<\/p>\n\n\n\n<p>Los damnificados eran de Mercedes, pero tambi\u00e9n de San Andr\u00e9s de Giles, mostrando la vinculaci\u00f3n de distintas localidades en el raid delictivo.<\/p>\n\n\n\n<p>Tras detectar y contar con pruebas f\u00edlmicas fueron 4 personas detenidas, entre hombres y mujeres, que quedaron a disposici\u00f3n de la justicia, siendo todos domiciliados en la localidad de Merlo.<\/p>\n\n\n\n<p>Interviene el Departamento Judicial Mercedes.<\/p>\n","protected":false},"excerpt":{"rendered":"<p>Desde el Centro de Monitoreo de la Secretar\u00eda de Seguridad generaron el alerta para la r\u00e1pida y efectiva intervenci\u00f3n de &#8230; <a title=\"Esclarecen 4 il\u00edcitos al detectarlos en el ingreso a Mercedes\" class=\"read-more\" href=\"https:\/\/www.hoymercedes.com.ar\/principal\/2023\/11\/21\/esclarecen-4-ilicitos-al-detectarlos-en-el-ingreso-a-mercedes\/\" aria-label=\"Leer m\u00e1s sobre Esclarecen 4 il\u00edcitos al detectarlos en el ingreso a Mercedes\">Leer m\u00e1s<\/a><\/p>\n","protected":false},"author":1,"featured_media":169736,"comment_status":"closed","ping_status":"open","sticky":false,"template":"","format":"standard","meta":{"_monsterinsights_skip_tracking":false,"_monsterinsights_sitenote_active":false,"_monsterinsights_sitenote_note":"","_monsterinsights_sitenote_category":0,"jetpack_post_was_ever_published":false,"_jetpack_newsletter_access":"","_jetpack_dont_email_post_to_subs":false,"_jetpack_newsletter_tier_id":0,"_jetpack_memberships_contains_paywalled_content":false,"_jetpack_memberships_contains_paid_content":false,"footnotes":"","jetpack_publicize_message":"","jetpack_publicize_feature_enabled":true,"jetpack_social_post_already_shared":true,"jetpack_social_options":{"image_generator_settings":{"template":"highway","default_image_id":0,"font":"","enabled":false},"version":2},"_wpas_customize_per_network":false},"categories":[85],"tags":[26,18890],"class_list":["post-169735","post","type-post","status-publish","format-standard","has-post-thumbnail","hentry","category-policial","tag-detenidos","tag-policia-municipal","generate-columns","tablet-grid-50","mobile-grid-100","grid-parent","grid-50"],"jetpack_publicize_connections":[],"jetpack_featured_media_url":"https:\/\/www.hoymercedes.com.ar\/principal\/wp-content\/uploads\/2023\/11\/Detenidos-Estafas.jpeg","wps_subtitle":"Tras las rejas","jetpack_sharing_enabled":true,"_links":{"self":[{"href":"https:\/\/www.hoymercedes.com.ar\/principal\/wp-json\/wp\/v2\/posts\/169735","targetHints":{"allow":["GET"]}}],"collection":[{"href":"https:\/\/www.hoymercedes.com.ar\/principal\/wp-json\/wp\/v2\/posts"}],"about":[{"href":"https:\/\/www.hoymercedes.com.ar\/principal\/wp-json\/wp\/v2\/types\/post"}],"author":[{"embeddable":true,"href":"https:\/\/www.hoymercedes.com.ar\/principal\/wp-json\/wp\/v2\/users\/1"}],"replies":[{"embeddable":true,"href":"https:\/\/www.hoymercedes.com.ar\/principal\/wp-json\/wp\/v2\/comments?post=169735"}],"version-history":[{"count":0,"href":"https:\/\/www.hoymercedes.com.ar\/principal\/wp-json\/wp\/v2\/posts\/169735\/revisions"}],"wp:featuredmedia":[{"embeddable":true,"href":"https:\/\/www.hoymercedes.com.ar\/principal\/wp-json\/wp\/v2\/media\/169736"}],"wp:attachment":[{"href":"https:\/\/www.hoymercedes.com.ar\/principal\/wp-json\/wp\/v2\/media?parent=169735"}],"wp:term":[{"taxonomy":"category","embeddable":true,"href":"https:\/\/www.hoymercedes.com.ar\/principal\/wp-json\/wp\/v2\/categories?post=169735"},{"taxonomy":"post_tag","embeddable":true,"href":"https:\/\/www.hoymercedes.com.ar\/principal\/wp-json\/wp\/v2\/tags?post=169735"}],"curies":[{"name":"wp","href":"https:\/\/api.w.org\/{rel}","templated":true}]}}