{"id":169745,"date":"2023-11-21T19:14:08","date_gmt":"2023-11-21T22:14:08","guid":{"rendered":"https:\/\/www.hoymercedes.com.ar\/principal\/?p=169745"},"modified":"2023-11-21T19:14:11","modified_gmt":"2023-11-21T22:14:11","slug":"se-realizo-el-acto-por-el-dia-de-la-soberania-nacional","status":"publish","type":"post","link":"https:\/\/www.hoymercedes.com.ar\/principal\/2023\/11\/21\/se-realizo-el-acto-por-el-dia-de-la-soberania-nacional\/","title":{"rendered":"Se realiz\u00f3 el acto por el d\u00eda de la soberan\u00eda nacional"},"content":{"rendered":"\n<figure class=\"wp-block-image size-large\"><img loading=\"lazy\" decoding=\"async\" width=\"1024\" height=\"683\" data-attachment-id=\"169746\" data-permalink=\"https:\/\/www.hoymercedes.com.ar\/principal\/2023\/11\/21\/se-realizo-el-acto-por-el-dia-de-la-soberania-nacional\/f_d1xe8wsaezj5\/#main\" data-orig-file=\"https:\/\/www.hoymercedes.com.ar\/principal\/wp-content\/uploads\/2023\/11\/F_d1XE8WsAEzj5--scaled.jpeg\" data-orig-size=\"2560,1707\" data-comments-opened=\"0\" data-image-meta=\"{&quot;aperture&quot;:&quot;0&quot;,&quot;credit&quot;:&quot;&quot;,&quot;camera&quot;:&quot;&quot;,&quot;caption&quot;:&quot;&quot;,&quot;created_timestamp&quot;:&quot;0&quot;,&quot;copyright&quot;:&quot;&quot;,&quot;focal_length&quot;:&quot;0&quot;,&quot;iso&quot;:&quot;0&quot;,&quot;shutter_speed&quot;:&quot;0&quot;,&quot;title&quot;:&quot;&quot;,&quot;orientation&quot;:&quot;0&quot;}\" data-image-title=\"soberania nacional\" data-image-description=\"\" data-image-caption=\"\" data-large-file=\"https:\/\/www.hoymercedes.com.ar\/principal\/wp-content\/uploads\/2023\/11\/F_d1XE8WsAEzj5--1024x683.jpeg\" src=\"https:\/\/www.hoymercedes.com.ar\/principal\/wp-content\/uploads\/2023\/11\/F_d1XE8WsAEzj5--1024x683.jpeg\" alt=\"\" class=\"wp-image-169746\" srcset=\"https:\/\/www.hoymercedes.com.ar\/principal\/wp-content\/uploads\/2023\/11\/F_d1XE8WsAEzj5--1024x683.jpeg 1024w, https:\/\/www.hoymercedes.com.ar\/principal\/wp-content\/uploads\/2023\/11\/F_d1XE8WsAEzj5--630x420.jpeg 630w, https:\/\/www.hoymercedes.com.ar\/principal\/wp-content\/uploads\/2023\/11\/F_d1XE8WsAEzj5--150x100.jpeg 150w, https:\/\/www.hoymercedes.com.ar\/principal\/wp-content\/uploads\/2023\/11\/F_d1XE8WsAEzj5--1536x1024.jpeg 1536w, https:\/\/www.hoymercedes.com.ar\/principal\/wp-content\/uploads\/2023\/11\/F_d1XE8WsAEzj5--2048x1366.jpeg 2048w\" sizes=\"auto, (max-width: 1024px) 100vw, 1024px\" \/><\/figure>\n\n\n\n<p>El Municipio de Mercedes, encabezado por el intendente el Dr. Juan Ignacio Ustarroz, conmemor\u00f3 el acto del D\u00eda de la Soberan\u00eda Nacional. Por lo que este 21 de noviembre se record\u00f3 la batalla de la Vuelta de Obligado en el a\u00f1o 1845.<\/p>\n\n\n\n<p>El intendente Juan Ignacio Ustarroz agradeci\u00f3 a todos los presentes y expres\u00f3 \u201cla soberan\u00eda reside en el pueblo, eso dice la constituci\u00f3n y el pueblo las delega a autoridades elegidas democr\u00e1ticamente para poder ejercerlas. Y a 40 a\u00f1os de democracia creo que tenemos que poner de relieve y darles la importancia a los conceptos de soberan\u00eda, patria, naci\u00f3n y para ello hay algo que es clave, la educaci\u00f3n\u201d.<\/p>\n\n\n\n<figure class=\"wp-block-image size-large\"><img loading=\"lazy\" decoding=\"async\" width=\"1024\" height=\"683\" data-attachment-id=\"169747\" data-permalink=\"https:\/\/www.hoymercedes.com.ar\/principal\/2023\/11\/21\/se-realizo-el-acto-por-el-dia-de-la-soberania-nacional\/f_d1xe-xyaamayz\/#main\" data-orig-file=\"https:\/\/www.hoymercedes.com.ar\/principal\/wp-content\/uploads\/2023\/11\/F_d1XE-XYAAMAYz-scaled.jpeg\" data-orig-size=\"2560,1707\" data-comments-opened=\"0\" data-image-meta=\"{&quot;aperture&quot;:&quot;0&quot;,&quot;credit&quot;:&quot;&quot;,&quot;camera&quot;:&quot;&quot;,&quot;caption&quot;:&quot;&quot;,&quot;created_timestamp&quot;:&quot;0&quot;,&quot;copyright&quot;:&quot;&quot;,&quot;focal_length&quot;:&quot;0&quot;,&quot;iso&quot;:&quot;0&quot;,&quot;shutter_speed&quot;:&quot;0&quot;,&quot;title&quot;:&quot;&quot;,&quot;orientation&quot;:&quot;0&quot;}\" data-image-title=\"F_d1XE-XYAAMAYz\" data-image-description=\"\" data-image-caption=\"\" data-large-file=\"https:\/\/www.hoymercedes.com.ar\/principal\/wp-content\/uploads\/2023\/11\/F_d1XE-XYAAMAYz-1024x683.jpeg\" src=\"https:\/\/www.hoymercedes.com.ar\/principal\/wp-content\/uploads\/2023\/11\/F_d1XE-XYAAMAYz-1024x683.jpeg\" alt=\"\" class=\"wp-image-169747\" srcset=\"https:\/\/www.hoymercedes.com.ar\/principal\/wp-content\/uploads\/2023\/11\/F_d1XE-XYAAMAYz-1024x683.jpeg 1024w, https:\/\/www.hoymercedes.com.ar\/principal\/wp-content\/uploads\/2023\/11\/F_d1XE-XYAAMAYz-630x420.jpeg 630w, https:\/\/www.hoymercedes.com.ar\/principal\/wp-content\/uploads\/2023\/11\/F_d1XE-XYAAMAYz-150x100.jpeg 150w, https:\/\/www.hoymercedes.com.ar\/principal\/wp-content\/uploads\/2023\/11\/F_d1XE-XYAAMAYz-1536x1024.jpeg 1536w, https:\/\/www.hoymercedes.com.ar\/principal\/wp-content\/uploads\/2023\/11\/F_d1XE-XYAAMAYz-2048x1366.jpeg 2048w\" sizes=\"auto, (max-width: 1024px) 100vw, 1024px\" \/><\/figure>\n\n\n\n<p>En este sentido, Ustarroz indic\u00f3 \u201cporque la educaci\u00f3n es lo que nos permite aprender, conocer, reflexionar, entender y comprender qu\u00e9 es lo que nos pasa, qu\u00e9 es lo que somos y que es lo que queremos ser\u201d y agreg\u00f3 \u201cen la medida que participemos m\u00e1s personas vamos a tener mejores instituciones, las cuales representar\u00e1n al conjunto, y en la medida que participemos m\u00e1s personas, las ideas y proyectos que se realicen ser\u00e1n mejores\u201d.<\/p>\n\n\n\n<p>\u201cHoy tenemos que unirnos, respetarnos y tenemos que saber que es a trav\u00e9s de la educaci\u00f3n donde nuestra democracia se debe y se puede fortalecer\u201d remarc\u00f3 el intendente Ustarroz.&nbsp;&nbsp;<\/p>\n\n\n\n<p>Jos\u00e9 Luis Pisano, presidente del Consejo escolar se\u00f1al\u00f3 \u201cquiero reivindicar la figura de Juan Manuel de Rosas que fue un bonaerense que ha defendido nuestra Naci\u00f3n como muy pocos patriotas, quien ha sido un fiel defensor de nuestra soberan\u00eda e independencia, conceptos que desde la escuela debemos seguir fortaleciendo\u201d.<\/p>\n","protected":false},"excerpt":{"rendered":"<p>El Municipio de Mercedes, encabezado por el intendente el Dr. Juan Ignacio Ustarroz, conmemor\u00f3 el acto del D\u00eda de la &#8230; <a title=\"Se realiz\u00f3 el acto por el d\u00eda de la soberan\u00eda nacional\" class=\"read-more\" href=\"https:\/\/www.hoymercedes.com.ar\/principal\/2023\/11\/21\/se-realizo-el-acto-por-el-dia-de-la-soberania-nacional\/\" aria-label=\"Leer m\u00e1s sobre Se realiz\u00f3 el acto por el d\u00eda de la soberan\u00eda nacional\">Leer m\u00e1s<\/a><\/p>\n","protected":false},"author":1,"featured_media":169746,"comment_status":"closed","ping_status":"open","sticky":false,"template":"","format":"standard","meta":{"_monsterinsights_skip_tracking":false,"_monsterinsights_sitenote_active":false,"_monsterinsights_sitenote_note":"","_monsterinsights_sitenote_category":0,"jetpack_post_was_ever_published":false,"_jetpack_newsletter_access":"","_jetpack_dont_email_post_to_subs":false,"_jetpack_newsletter_tier_id":0,"_jetpack_memberships_contains_paywalled_content":false,"_jetpack_memberships_contains_paid_content":false,"footnotes":"","jetpack_publicize_message":"","jetpack_publicize_feature_enabled":true,"jetpack_social_post_already_shared":true,"jetpack_social_options":{"image_generator_settings":{"template":"highway","default_image_id":0,"font":"","enabled":false},"version":2},"_wpas_customize_per_network":false},"categories":[23],"tags":[18891],"class_list":["post-169745","post","type-post","status-publish","format-standard","has-post-thumbnail","hentry","category-educacion","tag-acto-soberania-nacional","generate-columns","tablet-grid-50","mobile-grid-100","grid-parent","grid-50"],"jetpack_publicize_connections":[],"jetpack_featured_media_url":"https:\/\/www.hoymercedes.com.ar\/principal\/wp-content\/uploads\/2023\/11\/F_d1XE8WsAEzj5--scaled.jpeg","wps_subtitle":"Actos patrios","jetpack_sharing_enabled":true,"_links":{"self":[{"href":"https:\/\/www.hoymercedes.com.ar\/principal\/wp-json\/wp\/v2\/posts\/169745","targetHints":{"allow":["GET"]}}],"collection":[{"href":"https:\/\/www.hoymercedes.com.ar\/principal\/wp-json\/wp\/v2\/posts"}],"about":[{"href":"https:\/\/www.hoymercedes.com.ar\/principal\/wp-json\/wp\/v2\/types\/post"}],"author":[{"embeddable":true,"href":"https:\/\/www.hoymercedes.com.ar\/principal\/wp-json\/wp\/v2\/users\/1"}],"replies":[{"embeddable":true,"href":"https:\/\/www.hoymercedes.com.ar\/principal\/wp-json\/wp\/v2\/comments?post=169745"}],"version-history":[{"count":0,"href":"https:\/\/www.hoymercedes.com.ar\/principal\/wp-json\/wp\/v2\/posts\/169745\/revisions"}],"wp:featuredmedia":[{"embeddable":true,"href":"https:\/\/www.hoymercedes.com.ar\/principal\/wp-json\/wp\/v2\/media\/169746"}],"wp:attachment":[{"href":"https:\/\/www.hoymercedes.com.ar\/principal\/wp-json\/wp\/v2\/media?parent=169745"}],"wp:term":[{"taxonomy":"category","embeddable":true,"href":"https:\/\/www.hoymercedes.com.ar\/principal\/wp-json\/wp\/v2\/categories?post=169745"},{"taxonomy":"post_tag","embeddable":true,"href":"https:\/\/www.hoymercedes.com.ar\/principal\/wp-json\/wp\/v2\/tags?post=169745"}],"curies":[{"name":"wp","href":"https:\/\/api.w.org\/{rel}","templated":true}]}}