{"id":169772,"date":"2023-11-22T21:03:06","date_gmt":"2023-11-23T00:03:06","guid":{"rendered":"https:\/\/www.hoymercedes.com.ar\/principal\/?p=169772"},"modified":"2023-11-22T21:09:24","modified_gmt":"2023-11-23T00:09:24","slug":"ciie-el-viernes-sera-la-imposicion-del-nombre-roberto-otermin","status":"publish","type":"post","link":"https:\/\/www.hoymercedes.com.ar\/principal\/2023\/11\/22\/ciie-el-viernes-sera-la-imposicion-del-nombre-roberto-otermin\/","title":{"rendered":"CIIE: El viernes ser\u00e1 la imposici\u00f3n del nombre \u00abRoberto Oterm\u00edn\u00bb"},"content":{"rendered":"\n<p>Luego de la elecci\u00f3n entre los asociados a la Cooperadora del CIIE, finalmente lleg\u00f3 el d\u00eda en que se oficializar\u00e1 en un acto protocolar el nombre de \u00abRoberto Oterm\u00edn\u00bb a la sede del Centro de Capacitaci\u00f3n, Informaci\u00f3n e Investigaci\u00f3n Educativa de Mercedes, ubicada en la calle 106 y 13. A la hora 13:30 del viernes 24 ser\u00e1 el acto protocolar. <\/p>\n\n\n\n<p>La Resoluci\u00f3n con la imposici\u00f3n del nombre al CIIE Mercedes como \u00abRoberto Oterm\u00edn\u00bb lleg\u00f3 a fines del mes de octubre. El homenaje a \u00abquien fuera maestro, director de escuelas rurales, entre otras actividades de la ciudad\u00bb.<\/p>\n\n\n\n<p>\u00abAhora estamos entusiasmados y organizando todos los preparativos para realizaci\u00f3n del acto protocolar. Agradecemos a todos los votantes y a toda la comunidad educativa mercedina: inspectores, docentes, personal del CIIE tambi\u00e9n de la cooperadora y auxiliares en participar democr\u00e1ticamente en este proceso de b\u00fasqueda de identidad\u00bb, expresaron desde CIIE. <\/p>\n\n\n\n<p>Ultimando los detalles del acto, se lo pudo ver al artista pl\u00e1stico Jorge Blanco realizando un mural con el rotro de Roberto Oterm\u00edn en una de las paredes del ingreso al CIIE Mercedes. <\/p>\n\n\n\n<p>El acto sufri\u00f3 un cambio de horario, previsto originalmente para la ma\u00f1ana, se realizar\u00e1 el viernes 24 de noviembre, 13:30 horas en el Sal\u00f3n de Actos de la Escuela Primaria N\u00b0 37, en la 106, entre 13 y 11, al lado de la sede del CIIE. <\/p>\n\n\n\n<p><\/p>\n","protected":false},"excerpt":{"rendered":"<p>Luego de la elecci\u00f3n entre los asociados a la Cooperadora del CIIE, finalmente lleg\u00f3 el d\u00eda en que se oficializar\u00e1 &#8230; <a title=\"CIIE: El viernes ser\u00e1 la imposici\u00f3n del nombre \u00abRoberto Oterm\u00edn\u00bb\" class=\"read-more\" href=\"https:\/\/www.hoymercedes.com.ar\/principal\/2023\/11\/22\/ciie-el-viernes-sera-la-imposicion-del-nombre-roberto-otermin\/\" aria-label=\"Leer m\u00e1s sobre CIIE: El viernes ser\u00e1 la imposici\u00f3n del nombre \u00abRoberto Oterm\u00edn\u00bb\">Leer m\u00e1s<\/a><\/p>\n","protected":false},"author":1,"featured_media":169778,"comment_status":"closed","ping_status":"open","sticky":false,"template":"","format":"standard","meta":{"_monsterinsights_skip_tracking":false,"_monsterinsights_sitenote_active":false,"_monsterinsights_sitenote_note":"","_monsterinsights_sitenote_category":0,"jetpack_post_was_ever_published":false,"_jetpack_newsletter_access":"","_jetpack_dont_email_post_to_subs":false,"_jetpack_newsletter_tier_id":0,"_jetpack_memberships_contains_paywalled_content":false,"_jetpack_memberships_contains_paid_content":false,"footnotes":"","jetpack_publicize_message":"","jetpack_publicize_feature_enabled":true,"jetpack_social_post_already_shared":true,"jetpack_social_options":{"image_generator_settings":{"template":"highway","default_image_id":0,"font":"","enabled":false},"version":2},"_wpas_customize_per_network":false},"categories":[8],"tags":[],"class_list":["post-169772","post","type-post","status-publish","format-standard","has-post-thumbnail","hentry","category-sociedad","generate-columns","tablet-grid-50","mobile-grid-100","grid-parent","grid-50"],"jetpack_publicize_connections":[],"jetpack_featured_media_url":"https:\/\/www.hoymercedes.com.ar\/principal\/wp-content\/uploads\/2023\/11\/CIIE-Mercedes.jpg","wps_subtitle":"","jetpack_sharing_enabled":true,"_links":{"self":[{"href":"https:\/\/www.hoymercedes.com.ar\/principal\/wp-json\/wp\/v2\/posts\/169772","targetHints":{"allow":["GET"]}}],"collection":[{"href":"https:\/\/www.hoymercedes.com.ar\/principal\/wp-json\/wp\/v2\/posts"}],"about":[{"href":"https:\/\/www.hoymercedes.com.ar\/principal\/wp-json\/wp\/v2\/types\/post"}],"author":[{"embeddable":true,"href":"https:\/\/www.hoymercedes.com.ar\/principal\/wp-json\/wp\/v2\/users\/1"}],"replies":[{"embeddable":true,"href":"https:\/\/www.hoymercedes.com.ar\/principal\/wp-json\/wp\/v2\/comments?post=169772"}],"version-history":[{"count":0,"href":"https:\/\/www.hoymercedes.com.ar\/principal\/wp-json\/wp\/v2\/posts\/169772\/revisions"}],"wp:featuredmedia":[{"embeddable":true,"href":"https:\/\/www.hoymercedes.com.ar\/principal\/wp-json\/wp\/v2\/media\/169778"}],"wp:attachment":[{"href":"https:\/\/www.hoymercedes.com.ar\/principal\/wp-json\/wp\/v2\/media?parent=169772"}],"wp:term":[{"taxonomy":"category","embeddable":true,"href":"https:\/\/www.hoymercedes.com.ar\/principal\/wp-json\/wp\/v2\/categories?post=169772"},{"taxonomy":"post_tag","embeddable":true,"href":"https:\/\/www.hoymercedes.com.ar\/principal\/wp-json\/wp\/v2\/tags?post=169772"}],"curies":[{"name":"wp","href":"https:\/\/api.w.org\/{rel}","templated":true}]}}