{"id":169791,"date":"2023-11-22T23:12:00","date_gmt":"2023-11-23T02:12:00","guid":{"rendered":"https:\/\/www.hoymercedes.com.ar\/principal\/?p=169791"},"modified":"2023-11-22T21:33:41","modified_gmt":"2023-11-23T00:33:41","slug":"multiples-actividades-por-el-niunamenos-el-proximo-25-11","status":"publish","type":"post","link":"https:\/\/www.hoymercedes.com.ar\/principal\/2023\/11\/22\/multiples-actividades-por-el-niunamenos-el-proximo-25-11\/","title":{"rendered":"Actividades en el D\u00eda de la Eliminaci\u00f3n de la Violencia contra las Mujeres"},"content":{"rendered":"\n<p>En el marco del D\u00eda Internacional de la Eliminaci\u00f3n de la Violencia en Contra de las Mujeres, el Municipio de Mercedes a trav\u00e9s de Direcci\u00f3n de Pol\u00edticas de g\u00e9neros y diversidad y la Casa de la Mujer, realizar\u00e1 este s\u00e1bado 25 de noviembre a las 19:00 horas, una serie de actividades art\u00edsticas y recreativas en el MAMM (calles 23, 16 y 18).<\/p>\n\n\n\n<p>Al artista musical, Lorena Mayol cont\u00f3 \u201cen este d\u00eda juntamos nuestras voces, la de mujeres mercedinas, artistas, artesanas, talleristas, feriantes, m\u00fasicas, fot\u00f3grafas, integrantes de la Casa de la Mujer, etc., nos congregamos para hablar sobre la violencia contra la mujer y seguir visibilizando este tema. Y a la vez, poner en escena nuestras voces, la de las mujeres, que fuimos abriendo caminos, mejorando la calidad de vida, la de mejorar el mundo y poder contarlo\u201d.<\/p>\n\n\n\n<p>\u201cinvitamos a que vengan a compartir este s\u00e1bado, va a haber m\u00fasica, estar\u00e1n los cierres de los talleres de oficios de la mujer, una peluquer\u00eda abierta, conversatorios sobre las distintas violencias en distintos \u00e1mbitos y actividades varias\u201d se\u00f1al\u00f3 Mayol y a\u00f1adi\u00f3 \u201cva a ser en la calle, arranca a las 19:00 horas y se extender\u00e1 hasta aproximadamente las 00:00 donde cerrar\u00e1 una DJ por lo que terminamos bailando\u201d.<\/p>\n\n\n\n<p>En este sentido, Mayol indic\u00f3 \u201ces abierta a la comunidad e intergeneracional, donde queremos encontrarnos las mujeres, las que fuimos haciendo un recorrido y las que est\u00e1n comenzando, y encontrar nuestras voces\u201d y destac\u00f3 \u201ces importante encontrarnos, abriendo espacios y animarnos a hablar, porque no estamos nunca solas\u201d.<\/p>\n\n\n<div class=\"wp-block-image\">\n<figure class=\"aligncenter size-full\"><img loading=\"lazy\" decoding=\"async\" width=\"509\" height=\"720\" data-attachment-id=\"169804\" data-permalink=\"https:\/\/www.hoymercedes.com.ar\/principal\/2023\/11\/22\/multiples-actividades-por-el-niunamenos-el-proximo-25-11\/image-3-16\/#main\" data-orig-file=\"https:\/\/www.hoymercedes.com.ar\/principal\/wp-content\/uploads\/2023\/11\/image-3.png\" data-orig-size=\"509,720\" data-comments-opened=\"0\" data-image-meta=\"{&quot;aperture&quot;:&quot;0&quot;,&quot;credit&quot;:&quot;&quot;,&quot;camera&quot;:&quot;&quot;,&quot;caption&quot;:&quot;&quot;,&quot;created_timestamp&quot;:&quot;0&quot;,&quot;copyright&quot;:&quot;&quot;,&quot;focal_length&quot;:&quot;0&quot;,&quot;iso&quot;:&quot;0&quot;,&quot;shutter_speed&quot;:&quot;0&quot;,&quot;title&quot;:&quot;&quot;,&quot;orientation&quot;:&quot;0&quot;}\" data-image-title=\"image-3\" data-image-description=\"\" data-image-caption=\"\" data-large-file=\"https:\/\/www.hoymercedes.com.ar\/principal\/wp-content\/uploads\/2023\/11\/image-3.png\" src=\"https:\/\/www.hoymercedes.com.ar\/principal\/wp-content\/uploads\/2023\/11\/image-3.png\" alt=\"\" class=\"wp-image-169804\" srcset=\"https:\/\/www.hoymercedes.com.ar\/principal\/wp-content\/uploads\/2023\/11\/image-3.png 509w, https:\/\/www.hoymercedes.com.ar\/principal\/wp-content\/uploads\/2023\/11\/image-3-438x620.png 438w, https:\/\/www.hoymercedes.com.ar\/principal\/wp-content\/uploads\/2023\/11\/image-3-106x150.png 106w\" sizes=\"auto, (max-width: 509px) 100vw, 509px\" \/><\/figure>\n<\/div>","protected":false},"excerpt":{"rendered":"<p>En el marco del D\u00eda Internacional de la Eliminaci\u00f3n de la Violencia en Contra de las Mujeres, el Municipio de &#8230; <a title=\"Actividades en el D\u00eda de la Eliminaci\u00f3n de la Violencia contra las Mujeres\" class=\"read-more\" href=\"https:\/\/www.hoymercedes.com.ar\/principal\/2023\/11\/22\/multiples-actividades-por-el-niunamenos-el-proximo-25-11\/\" aria-label=\"Leer m\u00e1s sobre Actividades en el D\u00eda de la Eliminaci\u00f3n de la Violencia contra las Mujeres\">Leer m\u00e1s<\/a><\/p>\n","protected":false},"author":1,"featured_media":120707,"comment_status":"closed","ping_status":"open","sticky":false,"template":"","format":"standard","meta":{"_monsterinsights_skip_tracking":false,"_monsterinsights_sitenote_active":false,"_monsterinsights_sitenote_note":"","_monsterinsights_sitenote_category":0,"jetpack_post_was_ever_published":false,"_jetpack_newsletter_access":"","_jetpack_dont_email_post_to_subs":false,"_jetpack_newsletter_tier_id":0,"_jetpack_memberships_contains_paywalled_content":false,"_jetpack_memberships_contains_paid_content":false,"footnotes":"","jetpack_publicize_message":"","jetpack_publicize_feature_enabled":true,"jetpack_social_post_already_shared":true,"jetpack_social_options":{"image_generator_settings":{"template":"highway","default_image_id":0,"font":"","enabled":false},"version":2},"_wpas_customize_per_network":false},"categories":[8],"tags":[18894],"class_list":["post-169791","post","type-post","status-publish","format-standard","has-post-thumbnail","hentry","category-sociedad","tag-ni-una-menos-2","generate-columns","tablet-grid-50","mobile-grid-100","grid-parent","grid-50"],"jetpack_publicize_connections":[],"jetpack_featured_media_url":"https:\/\/www.hoymercedes.com.ar\/principal\/wp-content\/uploads\/2020\/11\/25-no-violencia.jpg","wps_subtitle":"Derechos ","jetpack_sharing_enabled":true,"_links":{"self":[{"href":"https:\/\/www.hoymercedes.com.ar\/principal\/wp-json\/wp\/v2\/posts\/169791","targetHints":{"allow":["GET"]}}],"collection":[{"href":"https:\/\/www.hoymercedes.com.ar\/principal\/wp-json\/wp\/v2\/posts"}],"about":[{"href":"https:\/\/www.hoymercedes.com.ar\/principal\/wp-json\/wp\/v2\/types\/post"}],"author":[{"embeddable":true,"href":"https:\/\/www.hoymercedes.com.ar\/principal\/wp-json\/wp\/v2\/users\/1"}],"replies":[{"embeddable":true,"href":"https:\/\/www.hoymercedes.com.ar\/principal\/wp-json\/wp\/v2\/comments?post=169791"}],"version-history":[{"count":0,"href":"https:\/\/www.hoymercedes.com.ar\/principal\/wp-json\/wp\/v2\/posts\/169791\/revisions"}],"wp:featuredmedia":[{"embeddable":true,"href":"https:\/\/www.hoymercedes.com.ar\/principal\/wp-json\/wp\/v2\/media\/120707"}],"wp:attachment":[{"href":"https:\/\/www.hoymercedes.com.ar\/principal\/wp-json\/wp\/v2\/media?parent=169791"}],"wp:term":[{"taxonomy":"category","embeddable":true,"href":"https:\/\/www.hoymercedes.com.ar\/principal\/wp-json\/wp\/v2\/categories?post=169791"},{"taxonomy":"post_tag","embeddable":true,"href":"https:\/\/www.hoymercedes.com.ar\/principal\/wp-json\/wp\/v2\/tags?post=169791"}],"curies":[{"name":"wp","href":"https:\/\/api.w.org\/{rel}","templated":true}]}}