{"id":169798,"date":"2023-11-23T09:23:00","date_gmt":"2023-11-23T12:23:00","guid":{"rendered":"https:\/\/www.hoymercedes.com.ar\/principal\/?p=169798"},"modified":"2023-11-22T21:43:24","modified_gmt":"2023-11-23T00:43:24","slug":"cine-mercedes-estrena-napoleon","status":"publish","type":"post","link":"https:\/\/www.hoymercedes.com.ar\/principal\/2023\/11\/23\/cine-mercedes-estrena-napoleon\/","title":{"rendered":"Cine Mercedes estrena \u00abNapole\u00f3n\u00bb"},"content":{"rendered":"\n<p>Uno de lo estrenos cinematogr\u00e1ficos m\u00e1s esperados del a\u00f1o es el film \u00abNapole\u00f3n\u00bb con Joaqu\u00edn Phoenix. Tal como suceder\u00e1 en diferentes salas del pa\u00eds, el Cine Mercedes proyectar\u00e1 la esperada pel\u00edcula desde el viernes 24 al martes 28 de noviembre. Las funciones var\u00edan a lo largo de los d\u00edas de acuerdo a si quiere verse en castellano o subtitulada. <\/p>\n\n\n<div class=\"wp-block-image\">\n<figure class=\"aligncenter size-full\"><img loading=\"lazy\" decoding=\"async\" width=\"800\" height=\"571\" data-attachment-id=\"169800\" data-permalink=\"https:\/\/www.hoymercedes.com.ar\/principal\/2023\/11\/23\/cine-mercedes-estrena-napoleon\/gacetilla-cine-mercedes-46-3\/#main\" data-orig-file=\"https:\/\/www.hoymercedes.com.ar\/principal\/wp-content\/uploads\/2023\/11\/Gacetilla-Cine-Mercedes-46.jpg\" data-orig-size=\"800,571\" data-comments-opened=\"0\" data-image-meta=\"{&quot;aperture&quot;:&quot;0&quot;,&quot;credit&quot;:&quot;&quot;,&quot;camera&quot;:&quot;&quot;,&quot;caption&quot;:&quot;&quot;,&quot;created_timestamp&quot;:&quot;0&quot;,&quot;copyright&quot;:&quot;&quot;,&quot;focal_length&quot;:&quot;0&quot;,&quot;iso&quot;:&quot;0&quot;,&quot;shutter_speed&quot;:&quot;0&quot;,&quot;title&quot;:&quot;&quot;,&quot;orientation&quot;:&quot;1&quot;}\" data-image-title=\"Gacetilla Cine Mercedes (46)\" data-image-description=\"\" data-image-caption=\"\" data-large-file=\"https:\/\/www.hoymercedes.com.ar\/principal\/wp-content\/uploads\/2023\/11\/Gacetilla-Cine-Mercedes-46.jpg\" src=\"https:\/\/www.hoymercedes.com.ar\/principal\/wp-content\/uploads\/2023\/11\/Gacetilla-Cine-Mercedes-46.jpg\" alt=\"\" class=\"wp-image-169800\" srcset=\"https:\/\/www.hoymercedes.com.ar\/principal\/wp-content\/uploads\/2023\/11\/Gacetilla-Cine-Mercedes-46.jpg 800w, https:\/\/www.hoymercedes.com.ar\/principal\/wp-content\/uploads\/2023\/11\/Gacetilla-Cine-Mercedes-46-630x450.jpg 630w, https:\/\/www.hoymercedes.com.ar\/principal\/wp-content\/uploads\/2023\/11\/Gacetilla-Cine-Mercedes-46-150x107.jpg 150w, https:\/\/www.hoymercedes.com.ar\/principal\/wp-content\/uploads\/2023\/11\/Gacetilla-Cine-Mercedes-46-120x85.jpg 120w\" sizes=\"auto, (max-width: 800px) 100vw, 800px\" \/><\/figure>\n<\/div>\n\n\n<p>Sinopsis \u00abNapole\u00f3n\u00bb: Napole\u00f3n es una epopeya de acci\u00f3n llena de espect\u00e1culo que detalla el accidentado ascenso y ca\u00edda del emblem\u00e1tico emperador franc\u00e9s Napole\u00f3n Bonaparte, interpretado por el ganador al Oscar, Joaquin Phoenix. Con un impresionante escenario cinematogr\u00e1fico a gran escala orquestado por el legendario director Ridley Scott, la pel\u00edcula capta la implacable traves\u00eda de Bonaparte hacia el poder a trav\u00e9s del prisma de su adictiva y vol\u00e1til relaci\u00f3n con su \u00fanico y verdadero amor, Josefina, mostrando sus visionarias t\u00e1cticas militares y pol\u00edticas plasmadas en algunas de las secuencias de batalla m\u00e1s din\u00e1micas y realistas jam\u00e1s filmadas.<\/p>\n","protected":false},"excerpt":{"rendered":"<p>Uno de lo estrenos cinematogr\u00e1ficos m\u00e1s esperados del a\u00f1o es el film \u00abNapole\u00f3n\u00bb con Joaqu\u00edn Phoenix. Tal como suceder\u00e1 en &#8230; <a title=\"Cine Mercedes estrena \u00abNapole\u00f3n\u00bb\" class=\"read-more\" href=\"https:\/\/www.hoymercedes.com.ar\/principal\/2023\/11\/23\/cine-mercedes-estrena-napoleon\/\" aria-label=\"Leer m\u00e1s sobre Cine Mercedes estrena \u00abNapole\u00f3n\u00bb\">Leer m\u00e1s<\/a><\/p>\n","protected":false},"author":1,"featured_media":169799,"comment_status":"closed","ping_status":"open","sticky":false,"template":"","format":"standard","meta":{"_monsterinsights_skip_tracking":false,"_monsterinsights_sitenote_active":false,"_monsterinsights_sitenote_note":"","_monsterinsights_sitenote_category":0,"jetpack_post_was_ever_published":false,"_jetpack_newsletter_access":"","_jetpack_dont_email_post_to_subs":false,"_jetpack_newsletter_tier_id":0,"_jetpack_memberships_contains_paywalled_content":false,"_jetpack_memberships_contains_paid_content":false,"footnotes":"","jetpack_publicize_message":"","jetpack_publicize_feature_enabled":true,"jetpack_social_post_already_shared":true,"jetpack_social_options":{"image_generator_settings":{"template":"highway","default_image_id":0,"font":"","enabled":false},"version":2},"_wpas_customize_per_network":false},"categories":[104],"tags":[7805],"class_list":["post-169798","post","type-post","status-publish","format-standard","has-post-thumbnail","hentry","category-cultura","tag-cultura","generate-columns","tablet-grid-50","mobile-grid-100","grid-parent","grid-50"],"jetpack_publicize_connections":[],"jetpack_featured_media_url":"https:\/\/www.hoymercedes.com.ar\/principal\/wp-content\/uploads\/2023\/11\/NapoleonPOSTER.jpg","wps_subtitle":"","jetpack_sharing_enabled":true,"_links":{"self":[{"href":"https:\/\/www.hoymercedes.com.ar\/principal\/wp-json\/wp\/v2\/posts\/169798","targetHints":{"allow":["GET"]}}],"collection":[{"href":"https:\/\/www.hoymercedes.com.ar\/principal\/wp-json\/wp\/v2\/posts"}],"about":[{"href":"https:\/\/www.hoymercedes.com.ar\/principal\/wp-json\/wp\/v2\/types\/post"}],"author":[{"embeddable":true,"href":"https:\/\/www.hoymercedes.com.ar\/principal\/wp-json\/wp\/v2\/users\/1"}],"replies":[{"embeddable":true,"href":"https:\/\/www.hoymercedes.com.ar\/principal\/wp-json\/wp\/v2\/comments?post=169798"}],"version-history":[{"count":0,"href":"https:\/\/www.hoymercedes.com.ar\/principal\/wp-json\/wp\/v2\/posts\/169798\/revisions"}],"wp:featuredmedia":[{"embeddable":true,"href":"https:\/\/www.hoymercedes.com.ar\/principal\/wp-json\/wp\/v2\/media\/169799"}],"wp:attachment":[{"href":"https:\/\/www.hoymercedes.com.ar\/principal\/wp-json\/wp\/v2\/media?parent=169798"}],"wp:term":[{"taxonomy":"category","embeddable":true,"href":"https:\/\/www.hoymercedes.com.ar\/principal\/wp-json\/wp\/v2\/categories?post=169798"},{"taxonomy":"post_tag","embeddable":true,"href":"https:\/\/www.hoymercedes.com.ar\/principal\/wp-json\/wp\/v2\/tags?post=169798"}],"curies":[{"name":"wp","href":"https:\/\/api.w.org\/{rel}","templated":true}]}}