{"id":169819,"date":"2023-11-23T18:01:05","date_gmt":"2023-11-23T21:01:05","guid":{"rendered":"https:\/\/www.hoymercedes.com.ar\/principal\/?p=169819"},"modified":"2023-11-23T18:02:42","modified_gmt":"2023-11-23T21:02:42","slug":"termino-el-ciclo-de-cine-italiano-en-el-colegio-de-abogados","status":"publish","type":"post","link":"https:\/\/www.hoymercedes.com.ar\/principal\/2023\/11\/23\/termino-el-ciclo-de-cine-italiano-en-el-colegio-de-abogados\/","title":{"rendered":"Termin\u00f3 el ciclo de cine italiano en el Colegio de Abogados"},"content":{"rendered":"\n<p>D\u00edas atr\u00e1s termin\u00f3 el Ciclo de Cine Italiano que organiz\u00f3 la Comisi\u00f3n de Extensi\u00f3n SocioCultural del Colegio de Abogados del Depto Judicial Mercedes. La \u00faltima pel\u00edcula proyectada fue \u00abDivorcio a la italiana\u00bb con la coordinaci\u00f3n de Carlos Mar\u00eda Dieuzeide. <\/p>\n\n\n\n<p>El Ciclo comenz\u00f3 con la charla introductoria \u00a0<em>\u201cLeyendo cine, un acercamiento al lenguaje audiovisual\u201c<\/em>. Luego continu\u00f3 con proyecci\u00f3n de:\u00a0<br><strong>*Un d\u00eda muy particular<\/strong> \u00a0(Una \u00a0giornata \u00a0particolare -1977-). Dir. Ettore \u00a0Scola. Con Marcello\u00a0Mastroianni\u00a0y\u00a0Sophia\u00a0Loren.\u00a0<br><strong>*Las noches de Cabiria \u00a0<\/strong>(Le \u00a0notti \u00a0di \u00a0Cabiria \u00a0-1957-). Dir. Federico Fellini. Con Giulietta\u00a0Massina\u00a0y Fran\u00e7ois\u00a0P\u00e9rier.\u00a0<br><strong>*Roma ciudad abierta\u00a0<\/strong>(Roma\u00a0citt\u00e0\u00a0aperta\u00a0-1945-). Dir.:\u00a0 Roberto\u00a0Rossellini. Con Aldo\u00a0Fabrizi\u00a0y Anna Magnani.\u00a0<br><strong>*El jard\u00edn de los Finzi-Contini\u00a0<\/strong>(Il\u00a0giardino\u00a0dei\u00a0Finzi-Contini\u00a0-1971-). Dir.: Vittorio De Sica. Con Fabio\u00a0Testi\u00a0y Dominique\u00a0Sanda.\u00a0<br><strong>*Divorcio a la italiana<\/strong>\u00a0(Divorzio\u00a0all\u2019italiana\u00a0-1961-). Dir.: Pietro\u00a0Germi. Con\u00a0Stefania\u00a0Sandrelli\u00a0y\u00a0Marcello\u00a0Mastroianni. <\/p>\n\n\n\n<p>Toda la actividad se desarroll\u00f3 en el Sal\u00f3n de Actos del Colegio de Abogados del Departamento Judicial de Mercedes, de calle 24 N\u00b0 705, 1er piso, el cual fue remodelado, con nueva iluminaci\u00f3n, elementos de proyecci\u00f3n e inform\u00e1ticos de \u00faltima generaci\u00f3n, y nueva pantalla.<\/p>\n\n\n\n<figure class=\"wp-block-image size-full\"><img loading=\"lazy\" decoding=\"async\" width=\"768\" height=\"512\" data-attachment-id=\"169820\" data-permalink=\"https:\/\/www.hoymercedes.com.ar\/principal\/2023\/11\/23\/termino-el-ciclo-de-cine-italiano-en-el-colegio-de-abogados\/cine-italiano-cadjm\/#main\" data-orig-file=\"https:\/\/www.hoymercedes.com.ar\/principal\/wp-content\/uploads\/2023\/11\/cine-italiano-CADJM.jpg\" data-orig-size=\"768,512\" data-comments-opened=\"0\" data-image-meta=\"{&quot;aperture&quot;:&quot;0&quot;,&quot;credit&quot;:&quot;&quot;,&quot;camera&quot;:&quot;&quot;,&quot;caption&quot;:&quot;&quot;,&quot;created_timestamp&quot;:&quot;0&quot;,&quot;copyright&quot;:&quot;&quot;,&quot;focal_length&quot;:&quot;0&quot;,&quot;iso&quot;:&quot;0&quot;,&quot;shutter_speed&quot;:&quot;0&quot;,&quot;title&quot;:&quot;&quot;,&quot;orientation&quot;:&quot;0&quot;}\" data-image-title=\"cine italiano CADJM\" data-image-description=\"\" data-image-caption=\"\" data-large-file=\"https:\/\/www.hoymercedes.com.ar\/principal\/wp-content\/uploads\/2023\/11\/cine-italiano-CADJM.jpg\" src=\"https:\/\/www.hoymercedes.com.ar\/principal\/wp-content\/uploads\/2023\/11\/cine-italiano-CADJM.jpg\" alt=\"\" class=\"wp-image-169820\" srcset=\"https:\/\/www.hoymercedes.com.ar\/principal\/wp-content\/uploads\/2023\/11\/cine-italiano-CADJM.jpg 768w, https:\/\/www.hoymercedes.com.ar\/principal\/wp-content\/uploads\/2023\/11\/cine-italiano-CADJM-630x420.jpg 630w, https:\/\/www.hoymercedes.com.ar\/principal\/wp-content\/uploads\/2023\/11\/cine-italiano-CADJM-150x100.jpg 150w\" sizes=\"auto, (max-width: 768px) 100vw, 768px\" \/><\/figure>\n","protected":false},"excerpt":{"rendered":"<p>D\u00edas atr\u00e1s termin\u00f3 el Ciclo de Cine Italiano que organiz\u00f3 la Comisi\u00f3n de Extensi\u00f3n SocioCultural del Colegio de Abogados del &#8230; <a title=\"Termin\u00f3 el ciclo de cine italiano en el Colegio de Abogados\" class=\"read-more\" href=\"https:\/\/www.hoymercedes.com.ar\/principal\/2023\/11\/23\/termino-el-ciclo-de-cine-italiano-en-el-colegio-de-abogados\/\" aria-label=\"Leer m\u00e1s sobre Termin\u00f3 el ciclo de cine italiano en el Colegio de Abogados\">Leer m\u00e1s<\/a><\/p>\n","protected":false},"author":1,"featured_media":169820,"comment_status":"closed","ping_status":"open","sticky":false,"template":"","format":"standard","meta":{"_monsterinsights_skip_tracking":false,"_monsterinsights_sitenote_active":false,"_monsterinsights_sitenote_note":"","_monsterinsights_sitenote_category":0,"jetpack_post_was_ever_published":false,"_jetpack_newsletter_access":"","_jetpack_dont_email_post_to_subs":false,"_jetpack_newsletter_tier_id":0,"_jetpack_memberships_contains_paywalled_content":false,"_jetpack_memberships_contains_paid_content":false,"footnotes":"","jetpack_publicize_message":"","jetpack_publicize_feature_enabled":true,"jetpack_social_post_already_shared":true,"jetpack_social_options":{"image_generator_settings":{"template":"highway","default_image_id":0,"font":"","enabled":false},"version":2},"_wpas_customize_per_network":false},"categories":[8],"tags":[7805],"class_list":["post-169819","post","type-post","status-publish","format-standard","has-post-thumbnail","hentry","category-sociedad","tag-cultura","generate-columns","tablet-grid-50","mobile-grid-100","grid-parent","grid-50"],"jetpack_publicize_connections":[],"jetpack_featured_media_url":"https:\/\/www.hoymercedes.com.ar\/principal\/wp-content\/uploads\/2023\/11\/cine-italiano-CADJM.jpg","wps_subtitle":"","jetpack_sharing_enabled":true,"_links":{"self":[{"href":"https:\/\/www.hoymercedes.com.ar\/principal\/wp-json\/wp\/v2\/posts\/169819","targetHints":{"allow":["GET"]}}],"collection":[{"href":"https:\/\/www.hoymercedes.com.ar\/principal\/wp-json\/wp\/v2\/posts"}],"about":[{"href":"https:\/\/www.hoymercedes.com.ar\/principal\/wp-json\/wp\/v2\/types\/post"}],"author":[{"embeddable":true,"href":"https:\/\/www.hoymercedes.com.ar\/principal\/wp-json\/wp\/v2\/users\/1"}],"replies":[{"embeddable":true,"href":"https:\/\/www.hoymercedes.com.ar\/principal\/wp-json\/wp\/v2\/comments?post=169819"}],"version-history":[{"count":0,"href":"https:\/\/www.hoymercedes.com.ar\/principal\/wp-json\/wp\/v2\/posts\/169819\/revisions"}],"wp:featuredmedia":[{"embeddable":true,"href":"https:\/\/www.hoymercedes.com.ar\/principal\/wp-json\/wp\/v2\/media\/169820"}],"wp:attachment":[{"href":"https:\/\/www.hoymercedes.com.ar\/principal\/wp-json\/wp\/v2\/media?parent=169819"}],"wp:term":[{"taxonomy":"category","embeddable":true,"href":"https:\/\/www.hoymercedes.com.ar\/principal\/wp-json\/wp\/v2\/categories?post=169819"},{"taxonomy":"post_tag","embeddable":true,"href":"https:\/\/www.hoymercedes.com.ar\/principal\/wp-json\/wp\/v2\/tags?post=169819"}],"curies":[{"name":"wp","href":"https:\/\/api.w.org\/{rel}","templated":true}]}}