{"id":169832,"date":"2023-11-24T07:30:50","date_gmt":"2023-11-24T10:30:50","guid":{"rendered":"https:\/\/www.hoymercedes.com.ar\/principal\/?p=169832"},"modified":"2023-11-24T07:31:32","modified_gmt":"2023-11-24T10:31:32","slug":"los-pianistas-rutkauskas-y-ayub-actuan-en-el-colegio-nacional","status":"publish","type":"post","link":"https:\/\/www.hoymercedes.com.ar\/principal\/2023\/11\/24\/los-pianistas-rutkauskas-y-ayub-actuan-en-el-colegio-nacional\/","title":{"rendered":"Los pianistas Rutkauskas y Ayub act\u00faan en el Colegio Nacional"},"content":{"rendered":"\n<p><strong>Por Susana Spano<\/strong> &#8211; El s\u00e1bado 25 de noviembre, a partir de las 20:00, en el <strong>Ciclo Pro Arte Mercedes<\/strong>\u00a0 &#8211; \u00a0 <strong>Centro de<\/strong> <strong>Egresados del Colegio Nacional \u201cFlorentino Ameghino\u201d<\/strong>\u00a0 &#8211;\u00a0 presenta\u00a0 un recital de piano a cuatro manos a cargo de los pianistas: <strong>Iv\u00e1n Rutkauskas y Marcelo Ayub<\/strong>.<\/p>\n\n\n\n<figure class=\"wp-block-embed is-type-video is-provider-youtube wp-block-embed-youtube wp-embed-aspect-4-3 wp-has-aspect-ratio\"><div class=\"wp-block-embed__wrapper\">\n<span class=\"embed-youtube\" style=\"text-align:center; display: block;\"><iframe loading=\"lazy\" class=\"youtube-player\" width=\"1200\" height=\"675\" src=\"https:\/\/www.youtube.com\/embed\/laUqX9Z-FwY?version=3&#038;rel=1&#038;showsearch=0&#038;showinfo=1&#038;iv_load_policy=1&#038;fs=1&#038;hl=es-ES&#038;autohide=2&#038;wmode=transparent\" allowfullscreen=\"true\" style=\"border:0;\" sandbox=\"allow-scripts allow-same-origin allow-popups allow-presentation allow-popups-to-escape-sandbox\"><\/iframe><\/span>\n<\/div><\/figure>\n\n\n\n<p><strong>Iv\u00e1n Rutkauskas<\/strong><\/p>\n\n\n\n<p>Naci\u00f3 en Buenos Aires. Fue disc\u00edpulo del Mtro. Antonio De Raco; becario del Mozarteum Argentino a lo largo de toda su etapa de formaci\u00f3n y alumno de an\u00e1lisis musical y audio &#8211; perceptiva de Graciela Tarchini.&nbsp;<\/p>\n\n\n\n<p>Su actividad art\u00edstica comenz\u00f3 a los ocho a\u00f1os, con la interpretaci\u00f3n del concierto en Fa menor de J. S. Bach, con la direcci\u00f3n del Mtro. Mario Benzecry y la orquesta Banco Mayo<\/p>\n\n\n\n<p>Particip\u00f3 junto a las principales orquestas del pa\u00eds, entre las que se destacan la Filarm\u00f3nica de Buenos Aires, Estable del Teatro Col\u00f3n, Sinf\u00f3nica Nacional, Estable del Teatro Argentino de La Plata, Sinf\u00f3nicas de C\u00f3rdoba, Rosario, Bah\u00eda Blanca y Entre R\u00edos, Filarm\u00f3nica de Mendoza, baj\u00f3 la batuta de los maestros Rudiger Bohn, Alexander Svadkovsky, Michael Seal, Ezequiel Silberstein, Carlos Vieu, Francisco Rettig, Rodolfo Fischer, Pedro Ignacio Calder\u00f3n, Logioia Orbe, Carlos Callejas, Arturo Diemecke, entre otros.&nbsp;<\/p>\n\n\n\n<p>En 2001 fue seleccionado por el Mtro. Daniel Barenboim para recibir una clase magistral realizada en el Teatro Col\u00f3n y complet\u00f3 sus estudios con el Mtro. Aquiles Delle Vigne en Italia y otros en Austria y Holanda.<\/p>\n\n\n\n<p>En 2004 gan\u00f3 el Primer Premio en el \u201cConcorso Nazionale di Formia\u201d y mereci\u00f3 el 4\u00b0 premio en el \u201cConcorso Internazionale Citt\u00e0 di Trani\u201d.<\/p>\n\n\n\n<p>Se destacan, en Europa, sus presentaciones en el Palazzo Vecchio (Florencia, Italia), Sala Nervi (Roma, Italia), Wiener Saal (Salzburgo, Austria) y en Brescia junto a la orquesta Sinf\u00f3nica P. Constantinescu.&nbsp;<\/p>\n\n\n\n<p>Fue invitado a participar en distintas galas del BAB (Buenos Aires Ballet) y particip\u00f3 en el Festival Argerich 2023 con Las Bodas de Stravinsky, junto a Martha Argerich, Marcelo Ayub y Alan Kwiek, dirigidos por Charles Dutoit.<\/p>\n\n\n\n<p>Desarroll\u00f3 una intensa actividad musical junto a reconocidos conjuntos de c\u00e1mara y su d\u00fao de pianos, junto a Marcelo Ayub, con qui\u00e9n realiz\u00f3 numerosos conciertos y grabaciones en el Teatro Col\u00f3n, Centro Cultural Kirchner, Usina del Arte, Teatro el C\u00edrculo de Rosario, Festival Internacional de Ushuaia, para distintas filiales del Mozarteum Argentino y distintas salas del interior del pa\u00eds.<\/p>\n\n\n\n<p>En Rotterdam particip\u00f3 en la grabaci\u00f3n del DVD Ways of Intensity, con obras del compositor Willem Tanke.<\/p>\n\n\n\n<p>Actualmente es pianista de la c\u00e1tedra de direcci\u00f3n orquestal del Mtro. Luis Gorelik, en la Universidad Nacional de las Artes. Actualmente es profesor de M\u00fasica de C\u00e1mara del Instituto Superior de Arte del Teatro Col\u00f3n y, desde 2010 maestro interno del Teatro Col\u00f3n.<\/p>\n\n\n\n<p><strong>Marcelo Ayub&nbsp;<\/strong><\/p>\n\n\n\n<p>Pianista argentino. Se gradu\u00f3 con honores en la Universidad Nacional de Cuyo, Mendoza y en el Instituto Superior de Arte del Teatro Col\u00f3n.<\/p>\n\n\n\n<p>Se ha presentado en Argentina, Alemania, Inglaterra, Estados Unidos, Rusia, M\u00e9xico, Uruguay, Paraguay, Colombia y Chile. Fue solista invitado de la Orquesta Filarm\u00f3nica del Teatro Col\u00f3n, la Sinf\u00f3nica de Cuyo y la Sinf\u00f3nica de Chile, y actu\u00f3 en el Teatro Col\u00f3n junto a primeras figuras internacionales como Kristine Opolais, Nancy Fabiola Herrera, entre otros.<\/p>\n\n\n\n<p>Adem\u00e1s de su carrera de pianista, Ayub es un destacado director. Dirigi\u00f3 el Coro Estable del Teatro Col\u00f3n y prepar\u00f3 la Novena Sinfon\u00eda de Beethoven&nbsp; dirigida por el Mtro. Daniel Barenboim en 2010. Dirigi\u00f3 orquestas y \u00f3peras como \u00abLa Cenerentola\u00bb de Rossini, en Colombia; \u00abLa Traviata\u00bb de Verdi, en el Teatro El C\u00edrculo de Rosario; \u00abPowder her face\u00bb de Thomas Ad\u00e8s, \u00abLa finta giardiniera\u00bb y \u00abLa Flauta M\u00e1gica\u00bb de Mozart en el Teatro Col\u00f3n.<\/p>\n\n\n\n<p>Dirigi\u00f3 la Orquesta Estable del Teatro Col\u00f3n y en la actualidad es Director de Estudios del mismo.&nbsp;<\/p>\n\n\n\n<p>En la temporada 2023 interpret\u00f3 \u201cLas Bodas\u201d de Stravinsky a cuatro pianos junto a Martha Argerich, Iv\u00e1n Rutkauskas y Alan Wieck, bajo la direcci\u00f3n de Charles Dutoit.<\/p>\n\n\n\n<p>El pr\u00f3ximo s\u00e1bado 25 de noviembre, a las 20:00, en el Colegio Nacional&nbsp; estos dos grandes artistas interpretar\u00e1n las siguientes obras:<\/p>\n\n\n\n<p>Sonata en Re mayor K 381 de Mozart<\/p>\n\n\n\n<p>Fantasia en Fa menor Op 103 de Schubert<\/p>\n\n\n\n<p>Suite \u201cDolly\u201d Op. 56 de Faur\u00e9&nbsp;<\/p>\n\n\n\n<p>6 piezas Op. 11 de Rachmaninoff<\/p>\n\n\n\n<p><\/p>\n\n\n\n<figure class=\"wp-block-image size-full\"><img loading=\"lazy\" decoding=\"async\" width=\"600\" height=\"853\" data-attachment-id=\"169833\" data-permalink=\"https:\/\/www.hoymercedes.com.ar\/principal\/2023\/11\/24\/los-pianistas-rutkauskas-y-ayub-actuan-en-el-colegio-nacional\/img-20231124-wa0000_copy_600x853\/#main\" data-orig-file=\"https:\/\/www.hoymercedes.com.ar\/principal\/wp-content\/uploads\/2023\/11\/IMG-20231124-WA0000_copy_600x853.jpg\" data-orig-size=\"600,853\" data-comments-opened=\"0\" data-image-meta=\"{&quot;aperture&quot;:&quot;0&quot;,&quot;credit&quot;:&quot;&quot;,&quot;camera&quot;:&quot;&quot;,&quot;caption&quot;:&quot;&quot;,&quot;created_timestamp&quot;:&quot;0&quot;,&quot;copyright&quot;:&quot;&quot;,&quot;focal_length&quot;:&quot;0&quot;,&quot;iso&quot;:&quot;0&quot;,&quot;shutter_speed&quot;:&quot;0&quot;,&quot;title&quot;:&quot;&quot;,&quot;orientation&quot;:&quot;0&quot;}\" data-image-title=\"IMG-20231124-WA0000_copy_600x853\" data-image-description=\"\" data-image-caption=\"\" data-large-file=\"https:\/\/www.hoymercedes.com.ar\/principal\/wp-content\/uploads\/2023\/11\/IMG-20231124-WA0000_copy_600x853.jpg\" src=\"https:\/\/www.hoymercedes.com.ar\/principal\/wp-content\/uploads\/2023\/11\/IMG-20231124-WA0000_copy_600x853.jpg\" alt=\"\" class=\"wp-image-169833\" srcset=\"https:\/\/www.hoymercedes.com.ar\/principal\/wp-content\/uploads\/2023\/11\/IMG-20231124-WA0000_copy_600x853.jpg 600w, https:\/\/www.hoymercedes.com.ar\/principal\/wp-content\/uploads\/2023\/11\/IMG-20231124-WA0000_copy_600x853-436x620.jpg 436w, https:\/\/www.hoymercedes.com.ar\/principal\/wp-content\/uploads\/2023\/11\/IMG-20231124-WA0000_copy_600x853-106x150.jpg 106w\" sizes=\"auto, (max-width: 600px) 100vw, 600px\" \/><\/figure>\n","protected":false},"excerpt":{"rendered":"<p>Por Susana Spano &#8211; El s\u00e1bado 25 de noviembre, a partir de las 20:00, en el Ciclo Pro Arte Mercedes\u00a0 &#8230; <a title=\"Los pianistas Rutkauskas y Ayub act\u00faan en el Colegio Nacional\" class=\"read-more\" href=\"https:\/\/www.hoymercedes.com.ar\/principal\/2023\/11\/24\/los-pianistas-rutkauskas-y-ayub-actuan-en-el-colegio-nacional\/\" aria-label=\"Leer m\u00e1s sobre Los pianistas Rutkauskas y Ayub act\u00faan en el Colegio Nacional\">Leer m\u00e1s<\/a><\/p>\n","protected":false},"author":1,"featured_media":169834,"comment_status":"closed","ping_status":"open","sticky":false,"template":"","format":"standard","meta":{"_monsterinsights_skip_tracking":false,"_monsterinsights_sitenote_active":false,"_monsterinsights_sitenote_note":"","_monsterinsights_sitenote_category":0,"jetpack_post_was_ever_published":false,"_jetpack_newsletter_access":"","_jetpack_dont_email_post_to_subs":false,"_jetpack_newsletter_tier_id":0,"_jetpack_memberships_contains_paywalled_content":false,"_jetpack_memberships_contains_paid_content":false,"footnotes":"","jetpack_publicize_message":"","jetpack_publicize_feature_enabled":true,"jetpack_social_post_already_shared":true,"jetpack_social_options":{"image_generator_settings":{"template":"highway","default_image_id":0,"font":"","enabled":false},"version":2},"_wpas_customize_per_network":false},"categories":[104],"tags":[7805],"class_list":["post-169832","post","type-post","status-publish","format-standard","has-post-thumbnail","hentry","category-cultura","tag-cultura","generate-columns","tablet-grid-50","mobile-grid-100","grid-parent","grid-50"],"jetpack_publicize_connections":[],"jetpack_featured_media_url":"https:\/\/www.hoymercedes.com.ar\/principal\/wp-content\/uploads\/2023\/11\/IMG-20231124-WA0000_copy_800x785.jpg","wps_subtitle":"","jetpack_sharing_enabled":true,"_links":{"self":[{"href":"https:\/\/www.hoymercedes.com.ar\/principal\/wp-json\/wp\/v2\/posts\/169832","targetHints":{"allow":["GET"]}}],"collection":[{"href":"https:\/\/www.hoymercedes.com.ar\/principal\/wp-json\/wp\/v2\/posts"}],"about":[{"href":"https:\/\/www.hoymercedes.com.ar\/principal\/wp-json\/wp\/v2\/types\/post"}],"author":[{"embeddable":true,"href":"https:\/\/www.hoymercedes.com.ar\/principal\/wp-json\/wp\/v2\/users\/1"}],"replies":[{"embeddable":true,"href":"https:\/\/www.hoymercedes.com.ar\/principal\/wp-json\/wp\/v2\/comments?post=169832"}],"version-history":[{"count":0,"href":"https:\/\/www.hoymercedes.com.ar\/principal\/wp-json\/wp\/v2\/posts\/169832\/revisions"}],"wp:featuredmedia":[{"embeddable":true,"href":"https:\/\/www.hoymercedes.com.ar\/principal\/wp-json\/wp\/v2\/media\/169834"}],"wp:attachment":[{"href":"https:\/\/www.hoymercedes.com.ar\/principal\/wp-json\/wp\/v2\/media?parent=169832"}],"wp:term":[{"taxonomy":"category","embeddable":true,"href":"https:\/\/www.hoymercedes.com.ar\/principal\/wp-json\/wp\/v2\/categories?post=169832"},{"taxonomy":"post_tag","embeddable":true,"href":"https:\/\/www.hoymercedes.com.ar\/principal\/wp-json\/wp\/v2\/tags?post=169832"}],"curies":[{"name":"wp","href":"https:\/\/api.w.org\/{rel}","templated":true}]}}