{"id":169843,"date":"2023-11-24T11:00:02","date_gmt":"2023-11-24T14:00:02","guid":{"rendered":"https:\/\/www.hoymercedes.com.ar\/principal\/?p=169843"},"modified":"2023-11-24T11:03:36","modified_gmt":"2023-11-24T14:03:36","slug":"la-empresaria-natalia-facciolo-es-la-nueva-presidenta-de-mefeba","status":"publish","type":"post","link":"https:\/\/www.hoymercedes.com.ar\/principal\/2023\/11\/24\/la-empresaria-natalia-facciolo-es-la-nueva-presidenta-de-mefeba\/","title":{"rendered":"La empresaria Natalia Facciolo es la nueva presidenta de MEFEBA"},"content":{"rendered":"\n<p>D\u00edas atr\u00e1s, en el marco de los Premios Mujer Empresaria Bonaerense 2023 de la Federaci\u00f3n Empresarial de la provincia de Buenos Aires, la empresaria mercedina Natalia Facciolo asumi\u00f3 como la nueva Presidenta de MEFEBA (comisi\u00f3n de mujeres de FEBA). <\/p>\n\n\n\n<figure class=\"wp-block-image size-full\"><img loading=\"lazy\" decoding=\"async\" width=\"800\" height=\"534\" data-attachment-id=\"169846\" data-permalink=\"https:\/\/www.hoymercedes.com.ar\/principal\/2023\/11\/24\/la-empresaria-natalia-facciolo-es-la-nueva-presidenta-de-mefeba\/fb_img_1700828052082_copy_800x534\/#main\" data-orig-file=\"https:\/\/www.hoymercedes.com.ar\/principal\/wp-content\/uploads\/2023\/11\/FB_IMG_1700828052082_copy_800x534.jpg\" data-orig-size=\"800,534\" data-comments-opened=\"0\" data-image-meta=\"{&quot;aperture&quot;:&quot;0&quot;,&quot;credit&quot;:&quot;&quot;,&quot;camera&quot;:&quot;&quot;,&quot;caption&quot;:&quot;&quot;,&quot;created_timestamp&quot;:&quot;0&quot;,&quot;copyright&quot;:&quot;&quot;,&quot;focal_length&quot;:&quot;0&quot;,&quot;iso&quot;:&quot;0&quot;,&quot;shutter_speed&quot;:&quot;0&quot;,&quot;title&quot;:&quot;&quot;,&quot;orientation&quot;:&quot;0&quot;}\" data-image-title=\"FB_IMG_1700828052082_copy_800x534\" data-image-description=\"\" data-image-caption=\"\" data-large-file=\"https:\/\/www.hoymercedes.com.ar\/principal\/wp-content\/uploads\/2023\/11\/FB_IMG_1700828052082_copy_800x534.jpg\" src=\"https:\/\/www.hoymercedes.com.ar\/principal\/wp-content\/uploads\/2023\/11\/FB_IMG_1700828052082_copy_800x534.jpg\" alt=\"\" class=\"wp-image-169846\" srcset=\"https:\/\/www.hoymercedes.com.ar\/principal\/wp-content\/uploads\/2023\/11\/FB_IMG_1700828052082_copy_800x534.jpg 800w, https:\/\/www.hoymercedes.com.ar\/principal\/wp-content\/uploads\/2023\/11\/FB_IMG_1700828052082_copy_800x534-630x421.jpg 630w, https:\/\/www.hoymercedes.com.ar\/principal\/wp-content\/uploads\/2023\/11\/FB_IMG_1700828052082_copy_800x534-150x100.jpg 150w\" sizes=\"auto, (max-width: 800px) 100vw, 800px\" \/><\/figure>\n\n\n\n<p>\u00abFormo parte del MEFEBA desde el 2020 junto a un hermoso equipo de Comisi\u00f3n Directiva y que, hasta el momento y durante siete a\u00f1os, presidi\u00f3 Mar\u00eda Laura Teruel\u00bb, explic\u00f3 Facciolo, quien hasta hace unos meses estaba a cargo de la Subcomisi\u00f3n de Mujeres de la C\u00e1mara Econ\u00f3mica Mercedina. <\/p>\n\n\n\n<p>\u00abComienza una nueva etapa, gracias a la confianza de Camilo Kahale a quien agradezco enormemente por haberme elegido para ocupar este cargo. Para m\u00ed es una alegr\u00eda y un enorme privilegio, trabajar\u00e9 con gran empe\u00f1o para continuar con este maravilloso legado que Laura ha entregado y que con tanta excelencia y responsabilidad ha llevado adelante. Por supuesto, ser\u00e1 una tarea m\u00e1s amena y sencilla de la mano de toda la familia que es FEBA y MEFEBA\u00bb, agreg\u00f3.<\/p>\n\n\n<div class=\"wp-block-image\">\n<figure class=\"aligncenter size-full\"><img loading=\"lazy\" decoding=\"async\" width=\"800\" height=\"533\" data-attachment-id=\"169855\" data-permalink=\"https:\/\/www.hoymercedes.com.ar\/principal\/2023\/11\/24\/la-empresaria-natalia-facciolo-es-la-nueva-presidenta-de-mefeba\/img-20231122-wa0021_copy_800x533\/#main\" data-orig-file=\"https:\/\/www.hoymercedes.com.ar\/principal\/wp-content\/uploads\/2023\/11\/IMG-20231122-WA0021_copy_800x533.jpg\" data-orig-size=\"800,533\" data-comments-opened=\"0\" data-image-meta=\"{&quot;aperture&quot;:&quot;0&quot;,&quot;credit&quot;:&quot;&quot;,&quot;camera&quot;:&quot;&quot;,&quot;caption&quot;:&quot;&quot;,&quot;created_timestamp&quot;:&quot;0&quot;,&quot;copyright&quot;:&quot;&quot;,&quot;focal_length&quot;:&quot;0&quot;,&quot;iso&quot;:&quot;0&quot;,&quot;shutter_speed&quot;:&quot;0&quot;,&quot;title&quot;:&quot;&quot;,&quot;orientation&quot;:&quot;0&quot;}\" data-image-title=\"IMG-20231122-WA0021_copy_800x533\" data-image-description=\"\" data-image-caption=\"\" data-large-file=\"https:\/\/www.hoymercedes.com.ar\/principal\/wp-content\/uploads\/2023\/11\/IMG-20231122-WA0021_copy_800x533.jpg\" src=\"https:\/\/www.hoymercedes.com.ar\/principal\/wp-content\/uploads\/2023\/11\/IMG-20231122-WA0021_copy_800x533.jpg\" alt=\"\" class=\"wp-image-169855\" srcset=\"https:\/\/www.hoymercedes.com.ar\/principal\/wp-content\/uploads\/2023\/11\/IMG-20231122-WA0021_copy_800x533.jpg 800w, https:\/\/www.hoymercedes.com.ar\/principal\/wp-content\/uploads\/2023\/11\/IMG-20231122-WA0021_copy_800x533-630x420.jpg 630w, https:\/\/www.hoymercedes.com.ar\/principal\/wp-content\/uploads\/2023\/11\/IMG-20231122-WA0021_copy_800x533-150x100.jpg 150w, https:\/\/www.hoymercedes.com.ar\/principal\/wp-content\/uploads\/2023\/11\/IMG-20231122-WA0021_copy_800x533-700x465.jpg 700w\" sizes=\"auto, (max-width: 800px) 100vw, 800px\" \/><\/figure>\n<\/div>\n\n\n<p><strong>Premios MEFEBA<\/strong><\/p>\n\n\n\n<p>El anuncio de las nuevas autoridades de la Comisi\u00f3n de Mujeres de FEBA se dio en el marco de los premios a las Mujeres Empresarias de la provincia. En esta octava edici\u00f3n, la C\u00e1mara Econ\u00f3mica Mercedina present\u00f3 a sus candidatas en distintas categor\u00edas.<\/p>\n\n\n\n<p>El presidente de la CEM, Carlos Garanzini, junto a la actual coordinadora de la Subcomisi\u00f3n de Mujeres Natalia Bonifazi, entre otros representantes de la CEM, acompa\u00f1aron a las finalistas, empresarias mercedinas. Las finalistas fueron: en las categor\u00edas de Innovaci\u00f3n Tecnol\u00f3gica era Daniela Gabriele de Mieles Prumiel, en Nuevo Emprendimiento fueron Rosina Karp y Daniela Pandiani Cipriano de Bego\u00f1a Restaurante; y en la categor\u00eda Comercio Local la finalista mercedina era Nerina Caballero de Nifu Nifa Objetos Tentadores.  <\/p>\n\n\n\n<p>Para la entrega de premios hubo un sal\u00f3n colmado por m\u00e1s de 280 personas entre las que se encontraban las 98 finalistas representantes de 50 c\u00e1maras adheridas de la Provincia.<br>Las ganadoras fueron:<br>\ud83d\udd34 \ud835\uddd6\ud835\uddee\ud835\ude01\ud835\uddf2\ud835\uddf4\ud835\uddfc\ud835\uddff\ud835\uddf6\ud835\uddee \ud835\uddd6\ud835\uddfc\ud835\uddfa\ud835\uddf2\ud835\uddff\ud835\uddf0\ud835\uddf6\ud835\uddfc \ud835\udddf\ud835\uddfc\ud835\uddf0\ud835\uddee\ud835\uddf9<br>Sandra Guzzi &#8211; Panader\u00eda Guzzi &#8211; C\u00e1mara de Comercio, Industria y Servicios de Haedo<br>\ud83d\udfe0 \ud835\uddd6\ud835\uddee\ud835\ude01\ud835\uddf2\ud835\uddf4\ud835\uddfc\ud835\uddff\ud835\uddf6\ud835\uddee \ud835\udde5\ud835\uddf2\ud835\ude00\ud835\uddfd\ud835\uddfc\ud835\uddfb\ud835\ude00\ud835\uddee\ud835\uddef\ud835\uddf6\ud835\uddf9\ud835\uddf6\ud835\uddf1\ud835\uddee\ud835\uddf1 \ud835\udde6\ud835\uddfc\ud835\uddf0\ud835\uddf6\ud835\uddee\ud835\uddf9 \ud835\uddd8\ud835\uddfa\ud835\uddfd\ud835\uddff\ud835\uddf2\ud835\ude00\ud835\uddee\ud835\uddff\ud835\uddf6\ud835\uddee<br>Yamila Bianchi &#8211; El mundo en relieve &#8211; C\u00e1mara de Comercio, Industria, Producci\u00f3n y Servicios de Pehuaj\u00f3<br>\ud83d\udfe3\ud835\uddd6\ud835\uddee\ud835\ude01\ud835\uddf2\ud835\uddf4\ud835\uddfc\ud835\uddff\ud835\uddf6\ud835\uddee \ud835\udde1\ud835\ude02\ud835\uddf2\ud835\ude03\ud835\uddfc \ud835\uddd8\ud835\uddfa\ud835\uddfd\ud835\uddff\ud835\uddf2\ud835\uddfb\ud835\uddf1\ud835\uddf6\ud835\uddfa\ud835\uddf6\ud835\uddf2\ud835\uddfb\ud835\ude01\ud835\uddfc Itat\u00ed Mal\u00e9n Dadone &#8211; La Villa Eco &#8211; Uni\u00f3n del Comercio y la Industria de Villa Gesell<br>\ud83d\udfe1 \ud835\uddd6\ud835\uddee\ud835\ude01\ud835\uddf2\ud835\uddf4\ud835\uddfc\ud835\uddff\ud835\uddf6\ud835\uddee \ud835\udddc\ud835\uddfb\ud835\uddfb\ud835\uddfc\ud835\ude03\ud835\uddee\ud835\uddf0\ud835\uddf6\ud835\uddfc\u0301\ud835\uddfb \ud835\udde7\ud835\uddf2\ud835\uddf0\ud835\uddfb\ud835\uddfc\ud835\uddf9\ud835\uddfc\u0301\ud835\uddf4\ud835\uddf6\ud835\uddf0\ud835\uddee<br>Mar\u00eda Emilia Riadigos &#8211; Riadigos S.A &#8211; Uni\u00f3n del Comercio, la Industria y la Producci\u00f3n de Mar del Plata<br>\ud83d\udd35 \ud835\uddd6\ud835\uddee\ud835\ude01\ud835\uddf2\ud835\uddf4\ud835\uddfc\ud835\uddff\ud835\uddf6\ud835\uddee \ud835\udddf\ud835\uddf6\ud835\uddf1\ud835\uddf2\ud835\uddff\ud835\uddee\ud835\ude07\ud835\uddf4\ud835\uddfc \ud835\uddd8\ud835\uddfa\ud835\uddfd\ud835\uddff\ud835\uddf2\ud835\ude00\ud835\uddee\ud835\uddff\ud835\uddf6\ud835\uddee\ud835\uddf9<br>Florencia Miconi &#8211; IMASA &#8211; Uni\u00f3n del Comercio, la Industria y la Producci\u00f3n de Mar del Plata<\/p>\n\n\n\n<p>Y las menciones especiales para:<\/p>\n\n\n\n<ul class=\"wp-block-list\">\n<li>Rosario Zorrilla &#8211; La Posta | Ba\u00f1os Rodantes &#8211; C\u00e1mara de Comercio e Industria de Coronel Su\u00e1rez<\/li>\n\n\n\n<li>\u00c1ngela Mar\u00eda Garc\u00eda Elorrio de \u201cLas Medias perdidas\u201d<\/li>\n\n\n\n<li>Mar\u00eda Victoria Esp\u00ednola \u2013 Esp\u00ednola Publicidad \u2013 Mujeres L\u00edderes en Acci\u00f3n de Quilmes por ser votada en redes sociales de FEBA por m\u00e1s de 28.000 personas y obtener m\u00e1s de 6000 votos.<\/li>\n<\/ul>\n\n\n\n<figure class=\"wp-block-image size-full\"><img loading=\"lazy\" decoding=\"async\" width=\"800\" height=\"533\" data-attachment-id=\"169849\" data-permalink=\"https:\/\/www.hoymercedes.com.ar\/principal\/2023\/11\/24\/la-empresaria-natalia-facciolo-es-la-nueva-presidenta-de-mefeba\/fb_img_1700828239441_copy_800x533\/#main\" data-orig-file=\"https:\/\/www.hoymercedes.com.ar\/principal\/wp-content\/uploads\/2023\/11\/FB_IMG_1700828239441_copy_800x533.jpg\" data-orig-size=\"800,533\" data-comments-opened=\"0\" data-image-meta=\"{&quot;aperture&quot;:&quot;0&quot;,&quot;credit&quot;:&quot;&quot;,&quot;camera&quot;:&quot;&quot;,&quot;caption&quot;:&quot;&quot;,&quot;created_timestamp&quot;:&quot;0&quot;,&quot;copyright&quot;:&quot;&quot;,&quot;focal_length&quot;:&quot;0&quot;,&quot;iso&quot;:&quot;0&quot;,&quot;shutter_speed&quot;:&quot;0&quot;,&quot;title&quot;:&quot;&quot;,&quot;orientation&quot;:&quot;0&quot;}\" data-image-title=\"FB_IMG_1700828239441_copy_800x533\" data-image-description=\"\" data-image-caption=\"\" data-large-file=\"https:\/\/www.hoymercedes.com.ar\/principal\/wp-content\/uploads\/2023\/11\/FB_IMG_1700828239441_copy_800x533.jpg\" src=\"https:\/\/www.hoymercedes.com.ar\/principal\/wp-content\/uploads\/2023\/11\/FB_IMG_1700828239441_copy_800x533.jpg\" alt=\"\" class=\"wp-image-169849\" srcset=\"https:\/\/www.hoymercedes.com.ar\/principal\/wp-content\/uploads\/2023\/11\/FB_IMG_1700828239441_copy_800x533.jpg 800w, https:\/\/www.hoymercedes.com.ar\/principal\/wp-content\/uploads\/2023\/11\/FB_IMG_1700828239441_copy_800x533-630x420.jpg 630w, https:\/\/www.hoymercedes.com.ar\/principal\/wp-content\/uploads\/2023\/11\/FB_IMG_1700828239441_copy_800x533-150x100.jpg 150w, https:\/\/www.hoymercedes.com.ar\/principal\/wp-content\/uploads\/2023\/11\/FB_IMG_1700828239441_copy_800x533-700x465.jpg 700w\" sizes=\"auto, (max-width: 800px) 100vw, 800px\" \/><\/figure>\n","protected":false},"excerpt":{"rendered":"<p>D\u00edas atr\u00e1s, en el marco de los Premios Mujer Empresaria Bonaerense 2023 de la Federaci\u00f3n Empresarial de la provincia de &#8230; <a title=\"La empresaria Natalia Facciolo es la nueva presidenta de MEFEBA\" class=\"read-more\" href=\"https:\/\/www.hoymercedes.com.ar\/principal\/2023\/11\/24\/la-empresaria-natalia-facciolo-es-la-nueva-presidenta-de-mefeba\/\" aria-label=\"Leer m\u00e1s sobre La empresaria Natalia Facciolo es la nueva presidenta de MEFEBA\">Leer m\u00e1s<\/a><\/p>\n","protected":false},"author":1,"featured_media":169845,"comment_status":"closed","ping_status":"open","sticky":false,"template":"","format":"standard","meta":{"_monsterinsights_skip_tracking":false,"_monsterinsights_sitenote_active":false,"_monsterinsights_sitenote_note":"","_monsterinsights_sitenote_category":0,"jetpack_post_was_ever_published":false,"_jetpack_newsletter_access":"","_jetpack_dont_email_post_to_subs":false,"_jetpack_newsletter_tier_id":0,"_jetpack_memberships_contains_paywalled_content":false,"_jetpack_memberships_contains_paid_content":false,"footnotes":"","jetpack_publicize_message":"","jetpack_publicize_feature_enabled":true,"jetpack_social_post_already_shared":true,"jetpack_social_options":{"image_generator_settings":{"template":"highway","default_image_id":0,"font":"","enabled":false},"version":2},"_wpas_customize_per_network":false},"categories":[8],"tags":[],"class_list":["post-169843","post","type-post","status-publish","format-standard","has-post-thumbnail","hentry","category-sociedad","generate-columns","tablet-grid-50","mobile-grid-100","grid-parent","grid-50"],"jetpack_publicize_connections":[],"jetpack_featured_media_url":"https:\/\/www.hoymercedes.com.ar\/principal\/wp-content\/uploads\/2023\/11\/FB_IMG_1700828037372_copy_800x533.jpg","wps_subtitle":"","jetpack_sharing_enabled":true,"_links":{"self":[{"href":"https:\/\/www.hoymercedes.com.ar\/principal\/wp-json\/wp\/v2\/posts\/169843","targetHints":{"allow":["GET"]}}],"collection":[{"href":"https:\/\/www.hoymercedes.com.ar\/principal\/wp-json\/wp\/v2\/posts"}],"about":[{"href":"https:\/\/www.hoymercedes.com.ar\/principal\/wp-json\/wp\/v2\/types\/post"}],"author":[{"embeddable":true,"href":"https:\/\/www.hoymercedes.com.ar\/principal\/wp-json\/wp\/v2\/users\/1"}],"replies":[{"embeddable":true,"href":"https:\/\/www.hoymercedes.com.ar\/principal\/wp-json\/wp\/v2\/comments?post=169843"}],"version-history":[{"count":0,"href":"https:\/\/www.hoymercedes.com.ar\/principal\/wp-json\/wp\/v2\/posts\/169843\/revisions"}],"wp:featuredmedia":[{"embeddable":true,"href":"https:\/\/www.hoymercedes.com.ar\/principal\/wp-json\/wp\/v2\/media\/169845"}],"wp:attachment":[{"href":"https:\/\/www.hoymercedes.com.ar\/principal\/wp-json\/wp\/v2\/media?parent=169843"}],"wp:term":[{"taxonomy":"category","embeddable":true,"href":"https:\/\/www.hoymercedes.com.ar\/principal\/wp-json\/wp\/v2\/categories?post=169843"},{"taxonomy":"post_tag","embeddable":true,"href":"https:\/\/www.hoymercedes.com.ar\/principal\/wp-json\/wp\/v2\/tags?post=169843"}],"curies":[{"name":"wp","href":"https:\/\/api.w.org\/{rel}","templated":true}]}}